{"id":2732,"date":"2010-06-01T12:32:39","date_gmt":"2010-06-01T10:32:39","guid":{"rendered":"http:\/\/www.feuerwehr-brilon.de\/?p=2732"},"modified":"2010-06-08T23:26:33","modified_gmt":"2010-06-08T21:26:33","slug":"generalversammlung-der-loschgruppe-rosenbeck-2","status":"publish","type":"post","link":"https:\/\/www.feuerwehr-brilon.de\/?p=2732","title":{"rendered":"Generalversammlung der L\u00f6schgruppe R\u00f6senbeck"},"content":{"rendered":"<p>Nach dem Besuch der hl. Messe, begr\u00fc\u00dft L\u00f6schgruppenf\u00fchrer Rudi Becker die gut besuchte Generalversammlung der L\u00f6schgruppe R\u00f6senbeck. Gekommen waren viele aktive Kameraden, die Jugendfeuerwehr sowie die Kameraden der Ehrenabteilung. <!--more-->Neben 655 Stunden Feuerwehrdienst, wurde die L\u00f6schgruppe 2009 zu 4 Eins\u00e4tzen gerufen. Zus\u00e4tzlich wurden viele Stunden bei Veranstaltungen anderer L\u00f6schgruppen und R\u00f6senbecker Vereine geleistet. <a href=\"http:\/\/www.feuerwehr-brilon.de\/wp-up\/2010\/06\/Feuerwehr-005i.jpg\"><img loading=\"lazy\" decoding=\"async\" class=\"alignright size-thumbnail wp-image-2735\" title=\"Feuerwehr 005i\" src=\"http:\/\/www.feuerwehr-brilon.de\/wp-up\/2010\/06\/Feuerwehr-005i-88x125.jpg\" alt=\"Feuerwehr 005i\" width=\"88\" height=\"125\" srcset=\"https:\/\/www.feuerwehr-brilon.de\/wp-up\/2010\/06\/Feuerwehr-005i-88x125.jpg 88w, https:\/\/www.feuerwehr-brilon.de\/wp-up\/2010\/06\/Feuerwehr-005i-355x500.jpg 355w, https:\/\/www.feuerwehr-brilon.de\/wp-up\/2010\/06\/Feuerwehr-005i.jpg 569w\" sizes=\"auto, (max-width: 88px) 100vw, 88px\" \/><\/a><\/p>\n<p>Nach langj\u00e4hriger Arbeit im Vorstand legten Horst Stuhldreier sein Amt als<br \/>\nSchriftf\u00fchrer und Willi Witteler sein Amt als Kassierer nieder.Als Anerkennung wurde ihnen von der L\u00f6schgruppe je eine Pr\u00e4sent \u00fcberreicht. Als Nachfolger wurden Frank Decker als Schriftf\u00fchrer und Franz Meinolf Brechtken als Kassierer gew\u00e4hlt. Ebenfalls schied Ansgar Br\u00fcggemann als Manschaftssprecher aus. Sein Nachfolger wurde Tobias Fries.<\/p>\n<p>Ortsvorsteher Stefan Hoppe und Fachbereichsleiterin Karin Wigge bedankten sich bei den Mitgliedern der L\u00f6schgruppe R\u00f6senbeck f\u00fcr ihre st\u00e4ndige Einsatzbereitschaft. Karin Wigge konnte zwei Ehrungen \u00fcberreichen. F\u00fcr 35 j\u00e4hrige aktive Mitarbeit in der Freiwilligen Feuerwehr wurde Wigbert Knecht mit dem Feuerwehrehrenzeichen in Gold geehrt. Ansgar Br\u00fcggemann erhielt das Feuerwehrehrenzeichen in Silber f\u00fcr 25 Jahre Feuerwehrdienst.<\/p>\n<p><a href=\"http:\/\/www.feuerwehr-brilon.de\/wp-up\/2010\/06\/gruppe_i.jpg\"><img loading=\"lazy\" decoding=\"async\" class=\"alignleft size-thumbnail wp-image-2736\" title=\"gruppe_i\" src=\"http:\/\/www.feuerwehr-brilon.de\/wp-up\/2010\/06\/gruppe_i-125x93.jpg\" alt=\"gruppe_i\" width=\"125\" height=\"93\" srcset=\"https:\/\/www.feuerwehr-brilon.de\/wp-up\/2010\/06\/gruppe_i-125x93.jpg 125w, https:\/\/www.feuerwehr-brilon.de\/wp-up\/2010\/06\/gruppe_i-500x375.jpg 500w, https:\/\/www.feuerwehr-brilon.de\/wp-up\/2010\/06\/gruppe_i.jpg 800w\" sizes=\"auto, (max-width: 125px) 100vw, 125px\" \/><\/a>Stellvertretender Wehrf\u00fchrer J\u00fcrgen Mertens dankte den Kameraden der L\u00f6schgruppe R\u00f6senbeck f\u00fcr ihre geleisteten Dienste im vergangenen Jahr. Anschlie\u00dfend bef\u00f6rderte er den stellv. L\u00f6schgruppenf\u00fchrer Markus Sprenger zum Oberbrandmeister.<\/p>\n","protected":false},"excerpt":{"rendered":"<p>Nach dem Besuch der hl. Messe, begr\u00fc\u00dft L\u00f6schgruppenf\u00fchrer Rudi Becker die gut besuchte Generalversammlung der L\u00f6schgruppe R\u00f6senbeck. Gekommen waren viele aktive Kameraden, die Jugendfeuerwehr sowie die Kameraden der Ehrenabteilung.<\/p>\n","protected":false},"author":6,"featured_media":0,"comment_status":"closed","ping_status":"closed","sticky":false,"template":"","format":"standard","meta":{"_exactmetrics_skip_tracking":false,"_exactmetrics_sitenote_active":false,"_exactmetrics_sitenote_note":"","_exactmetrics_sitenote_category":0,"jetpack_post_was_ever_published":false,"_jetpack_newsletter_access":"","_jetpack_dont_email_post_to_subs":false,"_jetpack_newsletter_tier_id":0,"_jetpack_memberships_contains_paywalled_content":false,"_jetpack_memberships_contains_paid_content":false,"footnotes":""},"categories":[34],"tags":[60,56],"class_list":["post-2732","post","type-post","status-publish","format-standard","hentry","category-meldungen-2010","tag-personen","tag-rosenbeck"],"jetpack_featured_media_url":"","jetpack_shortlink":"https:\/\/wp.me\/pCIJa-I4","jetpack_sharing_enabled":true,"jetpack-related-posts":[{"id":8035,"url":"https:\/\/www.feuerwehr-brilon.de\/?p=8035","url_meta":{"origin":2732,"position":0},"title":"Neuer Chef bei der L\u00f6schgruppe R\u00f6senbeck","author":"Marc Heines","date":"3. M\u00e4rz 2013","format":false,"excerpt":"Die L\u00f6schgruppe R\u00f6senbeck f\u00fchrte ihre Jahreshauptversammlung durch. Dazu konnte L\u00f6schgruppenf\u00fchrer Rudi Becker nach gemeinsamem Kirchgang alle aktiven Kameraden, die Ehrenabteilung und Jugendfeuerwehr der L\u00f6schgruppe begr\u00fc\u00dfen. Weitere G\u00e4ste waren B\u00fcrgermeister Franz Schrewe, Wehrf\u00fchrer Wolfgang Hillebrand, Vikar Klaus Engel, Ortsvorsteher Stefan Hoppe und Ratsmitglied Holger Borkamp. Beim Jahresr\u00fcckblick konnte Rudi Becker die\u2026","rel":"","context":"In &quot;Meldungen 2013&quot;","block_context":{"text":"Meldungen 2013","link":"https:\/\/www.feuerwehr-brilon.de\/?cat=177"},"img":{"alt_text":"","src":"https:\/\/i0.wp.com\/www.feuerwehr-brilon.de\/wp-up\/2013\/03\/pmi-150x100.jpg?resize=350%2C200","width":350,"height":200},"classes":[]},{"id":4672,"url":"https:\/\/www.feuerwehr-brilon.de\/?p=4672","url_meta":{"origin":2732,"position":1},"title":"Generalversammlung der L\u00f6schgruppe R\u00f6senbeck","author":"Andreas Becker","date":"1. April 2011","format":false,"excerpt":"Nach dem gemeinsamen Besuch der hlg. Messe, begr\u00fc\u00dfte L\u00f6sch- gruppenf\u00fchrer Rudi Becker die gut besuchte Generalversammlung der L\u00f6schgruppe R\u00f6senbeck. Gekommen waren B\u00fcrgermeister Franz Schrewe, Ortsvorsteher Stefan Hoppe, Wehrf\u00fchrer Wolfgang Hillebrand, Ordnungsamtleiter Marcus Bange und viele Kameraden der Aktiven, der Jugendfeuerwehr sowie die Kameraden der Ehrenabteilung. Neben 800 Stunden Feuerwehrdienst wurde\u2026","rel":"","context":"In &quot;Meldungen 2011&quot;","block_context":{"text":"Meldungen 2011","link":"https:\/\/www.feuerwehr-brilon.de\/?cat=133"},"img":{"alt_text":"","src":"https:\/\/i0.wp.com\/www.feuerwehr-brilon.de\/wp-up\/2011\/03\/Roesenbeck-150x112.jpg?resize=350%2C200","width":350,"height":200},"classes":[]},{"id":1853,"url":"https:\/\/www.feuerwehr-brilon.de\/?p=1853","url_meta":{"origin":2732,"position":2},"title":"Hauptversammlung der L\u00f6schgruppe Hoppecke","author":"Marc Heines","date":"4. Dezember 2009","format":false,"excerpt":"Am 20. November 2009 hielt die L\u00f6schgruppe Hoppecke ihre Generalversammlung ab. Neben den aktiven Kameraden, den Kameraden der Ehrenabteilung, sowie einigen passiven Mitgliedern konnte der neugew\u00e4hlte Wehrf\u00fchrer Wolfgang Hillebrand und sein Stellvertreter Wilfried G\u00f6bel begr\u00fc\u00dft werden. Die L\u00f6schgruppe Hoppecke wurde im vergangenen Jahr zu 30 Eins\u00e4tzen gerufen, darunter 16 Brandeins\u00e4tze,\u2026","rel":"","context":"In &quot;Meldungen 2009&quot;","block_context":{"text":"Meldungen 2009","link":"https:\/\/www.feuerwehr-brilon.de\/?cat=11"},"img":{"alt_text":"jhv_hoppecke_09i","src":"https:\/\/i0.wp.com\/www.feuerwehr-brilon.de\/wp-up\/2009\/12\/jhv_hoppecke_09i-125x74.jpg?resize=350%2C200","width":350,"height":200},"classes":[]},{"id":14136,"url":"https:\/\/www.feuerwehr-brilon.de\/?p=14136","url_meta":{"origin":2732,"position":3},"title":"Generalversammlung der L\u00f6schgruppe Hoppecke","author":"Marc Heines","date":"22. November 2016","format":false,"excerpt":"Hoppecke. Am 05. November 2016 hielt die L\u00f6schgruppe Hoppecke ihre Generalversammlung ab. Neben den aktiven Kameraden, den Kameraden der Ehrenabteilung, sowie einigen passiven Mitgliedern konnte der Wehrf\u00fchrer Wolfgang Hillebrand und Marcus Bange vom Ordnungsamt begr\u00fc\u00dft werden. Die L\u00f6schgruppe Hoppecke wurde im vergangenen Jahr zu 23 Eins\u00e4tzen gerufen, darunter 7 Brandeins\u00e4tze,\u2026","rel":"","context":"In &quot;Meldungen 2016&quot;","block_context":{"text":"Meldungen 2016","link":"https:\/\/www.feuerwehr-brilon.de\/?cat=202"},"img":{"alt_text":"hoppecke_i","src":"https:\/\/i0.wp.com\/www.feuerwehr-brilon.de\/wp-up\/2016\/11\/Hoppecke_i-150x72.jpg?resize=350%2C200","width":350,"height":200},"classes":[]},{"id":10040,"url":"https:\/\/www.feuerwehr-brilon.de\/?p=10040","url_meta":{"origin":2732,"position":4},"title":"Generalversammlung der L\u00f6schgruppe R\u00f6senbeck","author":"Marc Heines","date":"6. April 2014","format":false,"excerpt":"R\u00f6senbeck. Die L\u00f6schgruppe R\u00f6senbeck f\u00fchrte ihre Jahreshauptversammlung durch. Dazu konnte L\u00f6schgruppenf\u00fchrer Markus Sprenger nach gemeinsamen Kirchgang alle aktiven Kameraden, die Ehrenabteilung und die Jugendfeuerwehr der L\u00f6schgruppe begr\u00fc\u00dfen. Weiter G\u00e4ste waren der 1. Beigeordnete der Stadt Brilon Reinhold Huxoll, Stellvertretender Wehrf\u00fchrer Wilfried G\u00f6bel, Vikar Florian L\u00fcbker, Ortsvorsteher Stefan Hoppe und Ratsmitglied\u2026","rel":"","context":"In &quot;Meldungen 2014&quot;","block_context":{"text":"Meldungen 2014","link":"https:\/\/www.feuerwehr-brilon.de\/?cat=183"},"img":{"alt_text":"IMG_0983_i","src":"https:\/\/i0.wp.com\/www.feuerwehr-brilon.de\/wp-up\/2014\/04\/IMG_0983_i-150x100.jpg?resize=350%2C200","width":350,"height":200},"classes":[]},{"id":3991,"url":"https:\/\/www.feuerwehr-brilon.de\/?p=3991","url_meta":{"origin":2732,"position":5},"title":"Generalversammlung der L\u00f6schgruppe Hoppecke","author":"Marc Heines","date":"7. Januar 2011","format":false,"excerpt":"Hoppecke. Am 05. November 2010 hielt die L\u00f6schgruppe Hoppecke ihre Generalversammlung ab. Neben den aktiven Kameraden, den Kameraden der Ehrenabteilung, sowie einigen passiven Mitgliedern konnte der Wehrf\u00fchrer Wolfgang Hillebrand und seine Stellvertreter Wilfried G\u00f6bel und J\u00fcrgen Mertens begr\u00fc\u00dft werden. B\u00fcrgermeister Franz Schrewe, die Ortsvorsteherin Alice Behle und Marcus Bange vom\u2026","rel":"","context":"In &quot;Meldungen 2011&quot;","block_context":{"text":"Meldungen 2011","link":"https:\/\/www.feuerwehr-brilon.de\/?cat=133"},"img":{"alt_text":"","src":"https:\/\/i0.wp.com\/www.feuerwehr-brilon.de\/wp-up\/2011\/01\/jhv_hoppecke_10-150x77.jpg?resize=350%2C200","width":350,"height":200},"classes":[]}],"_links":{"self":[{"href":"https:\/\/www.feuerwehr-brilon.de\/index.php?rest_route=\/wp\/v2\/posts\/2732","targetHints":{"allow":["GET"]}}],"collection":[{"href":"https:\/\/www.feuerwehr-brilon.de\/index.php?rest_route=\/wp\/v2\/posts"}],"about":[{"href":"https:\/\/www.feuerwehr-brilon.de\/index.php?rest_route=\/wp\/v2\/types\/post"}],"author":[{"embeddable":true,"href":"https:\/\/www.feuerwehr-brilon.de\/index.php?rest_route=\/wp\/v2\/users\/6"}],"replies":[{"embeddable":true,"href":"https:\/\/www.feuerwehr-brilon.de\/index.php?rest_route=%2Fwp%2Fv2%2Fcomments&post=2732"}],"version-history":[{"count":0,"href":"https:\/\/www.feuerwehr-brilon.de\/index.php?rest_route=\/wp\/v2\/posts\/2732\/revisions"}],"wp:attachment":[{"href":"https:\/\/www.feuerwehr-brilon.de\/index.php?rest_route=%2Fwp%2Fv2%2Fmedia&parent=2732"}],"wp:term":[{"taxonomy":"category","embeddable":true,"href":"https:\/\/www.feuerwehr-brilon.de\/index.php?rest_route=%2Fwp%2Fv2%2Fcategories&post=2732"},{"taxonomy":"post_tag","embeddable":true,"href":"https:\/\/www.feuerwehr-brilon.de\/index.php?rest_route=%2Fwp%2Fv2%2Ftags&post=2732"}],"curies":[{"name":"wp","href":"https:\/\/api.w.org\/{rel}","templated":true}]}}