{"id":2758,"date":"2010-06-02T16:49:33","date_gmt":"2010-06-02T14:49:33","guid":{"rendered":"http:\/\/www.feuerwehr-brilon.de\/?p=2758"},"modified":"2010-06-08T23:27:36","modified_gmt":"2010-06-08T21:27:36","slug":"bagger-brannte-vollstandig-aus","status":"publish","type":"post","link":"https:\/\/www.feuerwehr-brilon.de\/?p=2758","title":{"rendered":"Bagger brannte vollst\u00e4ndig aus"},"content":{"rendered":"<p><a href=\"http:\/\/www.feuerwehr-brilon.de\/wp-up\/2010\/06\/Baggerbrand_i.jpg\"><img loading=\"lazy\" decoding=\"async\" class=\"alignleft size-thumbnail wp-image-2759\" title=\"Baggerbrand_i\" src=\"http:\/\/www.feuerwehr-brilon.de\/wp-up\/2010\/06\/Baggerbrand_i-93x125.jpg\" alt=\"Baggerbrand_i\" width=\"93\" height=\"125\" srcset=\"https:\/\/www.feuerwehr-brilon.de\/wp-up\/2010\/06\/Baggerbrand_i-93x125.jpg 93w, https:\/\/www.feuerwehr-brilon.de\/wp-up\/2010\/06\/Baggerbrand_i-375x500.jpg 375w, https:\/\/www.feuerwehr-brilon.de\/wp-up\/2010\/06\/Baggerbrand_i.jpg 600w\" sizes=\"auto, (max-width: 93px) 100vw, 93px\" \/><\/a>Der L\u00f6schzug Brilon hat heute einen brennenden Bagger in einem holzverarbeitenden Betrieb gel\u00f6scht. Bei Eintreffen der Feuerwehr brannte der Bagger in voller Ausdehnung. Der Fahrer konnte das Fahrzeug rechtzeitig verlassen. <!--more-->Das Feuer konnte mit Schaum abgel\u00f6scht werden, ein \u00dcbergreifen des Brandes auf ein nahes Holzlager wurde verhindert. 8 Feuerwehrleute waren rund zwei Stunden im Einsatz. Personen kamen nicht zu Schaden. Die H\u00f6he des Sachschadens betr\u00e4gt rund 300.000 Euro. Zur Brandursache liegen der Feuerwehr keine Angaben vor.<br \/>\n<strong>Eingesetzte Einheit<\/strong><br \/>\n<a href=\"http:\/\/www.feuerwehr-brilon.de\/?page_id=7\"><img loading=\"lazy\" decoding=\"async\" class=\"alignnone\" title=\"lz brilon\" src=\"http:\/\/www.feuerwehr-brilon.de\/images\/einsatz_details\/lz_brilon.jpg\" alt=\"\" width=\"140\" height=\"40\" \/><\/a><br \/>\n<strong>Eingesetzte Fahrzeuge<\/strong><br \/>\n<a href=\"http:\/\/www.feuerwehr-brilon.de\/?page_id=755\"><img loading=\"lazy\" decoding=\"async\" class=\"alignnone\" src=\"http:\/\/www.feuerwehr-brilon.de\/images\/einsatz_details\/054401.jpg\" alt=\"\" width=\"140\" height=\"40\" \/><\/a><a href=\"http:\/\/www.feuerwehr-brilon.de\/?page_id=804\"><img loading=\"lazy\" decoding=\"async\" class=\"alignnone\" src=\"http:\/\/www.feuerwehr-brilon.de\/images\/einsatz_details\/052301.jpg\" alt=\"\" width=\"140\" height=\"40\" \/><\/a><\/p>\n<p><strong>Bilder <\/strong><\/p>\n\n\t\t<style type=\"text\/css\">\n\t\t\t#gallery-1 {\n\t\t\t\tmargin: auto;\n\t\t\t}\n\t\t\t#gallery-1 .gallery-item {\n\t\t\t\tfloat: left;\n\t\t\t\tmargin-top: 10px;\n\t\t\t\ttext-align: center;\n\t\t\t\twidth: 33%;\n\t\t\t}\n\t\t\t#gallery-1 img {\n\t\t\t\tborder: 2px solid #cfcfcf;\n\t\t\t}\n\t\t\t#gallery-1 .gallery-caption {\n\t\t\t\tmargin-left: 0;\n\t\t\t}\n\t\t\t\/* see gallery_shortcode() in wp-includes\/media.php *\/\n\t\t<\/style>\n\t\t<div id='gallery-1' class='gallery galleryid-2758 gallery-columns-3 gallery-size-thumbnail'><dl class='gallery-item'>\n\t\t\t<dt class='gallery-icon landscape'>\n\t\t\t\t<a href='https:\/\/www.feuerwehr-brilon.de\/wp-up\/2010\/06\/BRAND_Bagger3.jpg'><img loading=\"lazy\" decoding=\"async\" width=\"125\" height=\"93\" src=\"https:\/\/www.feuerwehr-brilon.de\/wp-up\/2010\/06\/BRAND_Bagger3-125x93.jpg\" class=\"attachment-thumbnail size-thumbnail\" alt=\"\" srcset=\"https:\/\/www.feuerwehr-brilon.de\/wp-up\/2010\/06\/BRAND_Bagger3-125x93.jpg 125w, https:\/\/www.feuerwehr-brilon.de\/wp-up\/2010\/06\/BRAND_Bagger3-500x375.jpg 500w, https:\/\/www.feuerwehr-brilon.de\/wp-up\/2010\/06\/BRAND_Bagger3.jpg 800w\" sizes=\"auto, (max-width: 125px) 100vw, 125px\" \/><\/a>\n\t\t\t<\/dt><\/dl><dl class='gallery-item'>\n\t\t\t<dt class='gallery-icon landscape'>\n\t\t\t\t<a href='https:\/\/www.feuerwehr-brilon.de\/wp-up\/2010\/06\/BRAND_Bagger2.jpg'><img loading=\"lazy\" decoding=\"async\" width=\"125\" height=\"93\" src=\"https:\/\/www.feuerwehr-brilon.de\/wp-up\/2010\/06\/BRAND_Bagger2-125x93.jpg\" class=\"attachment-thumbnail size-thumbnail\" alt=\"\" srcset=\"https:\/\/www.feuerwehr-brilon.de\/wp-up\/2010\/06\/BRAND_Bagger2-125x93.jpg 125w, https:\/\/www.feuerwehr-brilon.de\/wp-up\/2010\/06\/BRAND_Bagger2-500x375.jpg 500w, https:\/\/www.feuerwehr-brilon.de\/wp-up\/2010\/06\/BRAND_Bagger2.jpg 800w\" sizes=\"auto, (max-width: 125px) 100vw, 125px\" \/><\/a>\n\t\t\t<\/dt><\/dl><dl class='gallery-item'>\n\t\t\t<dt class='gallery-icon landscape'>\n\t\t\t\t<a href='https:\/\/www.feuerwehr-brilon.de\/wp-up\/2010\/06\/BRAND_Bagger1.jpg'><img loading=\"lazy\" decoding=\"async\" width=\"125\" height=\"93\" src=\"https:\/\/www.feuerwehr-brilon.de\/wp-up\/2010\/06\/BRAND_Bagger1-125x93.jpg\" class=\"attachment-thumbnail size-thumbnail\" alt=\"\" srcset=\"https:\/\/www.feuerwehr-brilon.de\/wp-up\/2010\/06\/BRAND_Bagger1-125x93.jpg 125w, https:\/\/www.feuerwehr-brilon.de\/wp-up\/2010\/06\/BRAND_Bagger1-500x375.jpg 500w, https:\/\/www.feuerwehr-brilon.de\/wp-up\/2010\/06\/BRAND_Bagger1.jpg 800w\" sizes=\"auto, (max-width: 125px) 100vw, 125px\" \/><\/a>\n\t\t\t<\/dt><\/dl><br style=\"clear: both\" \/><dl class='gallery-item'>\n\t\t\t<dt class='gallery-icon portrait'>\n\t\t\t\t<a href='https:\/\/www.feuerwehr-brilon.de\/wp-up\/2010\/06\/Baggerbrand_i.jpg'><img loading=\"lazy\" decoding=\"async\" width=\"93\" height=\"125\" src=\"https:\/\/www.feuerwehr-brilon.de\/wp-up\/2010\/06\/Baggerbrand_i-93x125.jpg\" class=\"attachment-thumbnail size-thumbnail\" alt=\"\" srcset=\"https:\/\/www.feuerwehr-brilon.de\/wp-up\/2010\/06\/Baggerbrand_i-93x125.jpg 93w, https:\/\/www.feuerwehr-brilon.de\/wp-up\/2010\/06\/Baggerbrand_i-375x500.jpg 375w, https:\/\/www.feuerwehr-brilon.de\/wp-up\/2010\/06\/Baggerbrand_i.jpg 600w\" sizes=\"auto, (max-width: 93px) 100vw, 93px\" \/><\/a>\n\t\t\t<\/dt><\/dl>\n\t\t\t<br style='clear: both' \/>\n\t\t<\/div>\n\n","protected":false},"excerpt":{"rendered":"<p>Der L\u00f6schzug Brilon hat heute einen brennenden Bagger in einem holzverarbeitenden Betrieb gel\u00f6scht. Bei Eintreffen der Feuerwehr brannte der Bagger in voller Ausdehnung. Der Fahrer konnte das Fahrzeug rechtzeitig verlassen.<\/p>\n","protected":false},"author":5,"featured_media":0,"comment_status":"closed","ping_status":"closed","sticky":false,"template":"","format":"standard","meta":{"_exactmetrics_skip_tracking":false,"_exactmetrics_sitenote_active":false,"_exactmetrics_sitenote_note":"","_exactmetrics_sitenote_category":0,"jetpack_post_was_ever_published":false,"_jetpack_newsletter_access":"","_jetpack_dont_email_post_to_subs":false,"_jetpack_newsletter_tier_id":0,"_jetpack_memberships_contains_paywalled_content":false,"_jetpack_memberships_contains_paid_content":false,"footnotes":""},"categories":[33],"tags":[197,37,198,54],"class_list":["post-2758","post","type-post","status-publish","format-standard","hentry","category-einsaetze-2010","tag-brand","tag-brilon","tag-lf-1612","tag-tlf-1625"],"jetpack_featured_media_url":"","jetpack_shortlink":"https:\/\/wp.me\/pCIJa-Iu","jetpack_sharing_enabled":true,"jetpack-related-posts":[{"id":33598,"url":"https:\/\/www.feuerwehr-brilon.de\/?p=33598","url_meta":{"origin":2758,"position":0},"title":"Brand eines Baggers im Briloner Industriegebiet","author":"Marcus Bange","date":"18. Juli 2025","format":false,"excerpt":"Brilon. Die Feuerwehr Brilon hat am Dienstagmorgen (18.07.2025, 4:17 Uhr) einen Brand in einem Industriebetrieb in der Balgert gel\u00f6scht. Auf einem Holzlagerplatz war ein Bagger in Brand geraten. Das Feuer konnte unter Einsatz von schwerem Atemschutz schnell durch die Feuerwehr gel\u00f6scht werden. Ein \u00dcbergreifen auf das Rundholzlager wurde damit verhindert.\u2026","rel":"","context":"In &quot;Eins\u00e4tze 2025&quot;","block_context":{"text":"Eins\u00e4tze 2025","link":"https:\/\/www.feuerwehr-brilon.de\/?cat=367"},"img":{"alt_text":"","src":"https:\/\/i0.wp.com\/www.feuerwehr-brilon.de\/wp-up\/2025\/07\/Brand-Bagger-1.jpg?resize=350%2C200&ssl=1","width":350,"height":200,"srcset":"https:\/\/i0.wp.com\/www.feuerwehr-brilon.de\/wp-up\/2025\/07\/Brand-Bagger-1.jpg?resize=350%2C200&ssl=1 1x, https:\/\/i0.wp.com\/www.feuerwehr-brilon.de\/wp-up\/2025\/07\/Brand-Bagger-1.jpg?resize=525%2C300&ssl=1 1.5x, https:\/\/i0.wp.com\/www.feuerwehr-brilon.de\/wp-up\/2025\/07\/Brand-Bagger-1.jpg?resize=700%2C400&ssl=1 2x"},"classes":[]},{"id":14302,"url":"https:\/\/www.feuerwehr-brilon.de\/?p=14302","url_meta":{"origin":2758,"position":1},"title":"Brand in der Strackestra\u00dfe","author":"Marcus Bange","date":"26. Januar 2017","format":false,"excerpt":"Brilon. Die Briloner Feuerwehr hat am Donnerstagmittag einen Wohnungsbrand an der Strackestra\u00dfe gel\u00f6scht. In dem Mehrfamilienhaus war in einer Wohnung im 1. Obergeschoss ein Brand ausgebrochen. Bei Eintreffen der Feuerwehr hatten die neun Bewohner das Geb\u00e4ude bereits verlassen. Personen wurden nicht verletzt. Der Brand konnte unter Einsatz von schwerem Atemschutz\u2026","rel":"","context":"In &quot;Eins\u00e4tze 2017&quot;","block_context":{"text":"Eins\u00e4tze 2017","link":"https:\/\/www.feuerwehr-brilon.de\/?cat=205"},"img":{"alt_text":"Brand Strackestra\u00dfe 1","src":"https:\/\/i0.wp.com\/www.feuerwehr-brilon.de\/wp-up\/2017\/01\/Brand-Strackestra%C3%9Fe-1-150x84.jpg?resize=350%2C200","width":350,"height":200},"classes":[]},{"id":23016,"url":"https:\/\/www.feuerwehr-brilon.de\/?p=23016","url_meta":{"origin":2758,"position":2},"title":"Brand eines Harvesters bei Esshoff","author":"Marcus Bange","date":"21. Dezember 2020","format":false,"excerpt":"Esshoff. Am Montagnachmittag geriet gegen 15.30 Uhr in einem Waldst\u00fcck zwischen Altenb\u00fcren und Esshoff ein Harvester bei Holzerntearbeiten in Brand. Das Fahrzeug brannte bei Eintreffen der Feuerwehr in voller Ausdehnung, der Maschinenf\u00fchrer hatte den Harvester bereits verlassen. Zun\u00e4chst musste eine rund 200 m lange Schlauchleitung im unwegsamen Gel\u00e4nde bis zur\u2026","rel":"","context":"In &quot;Allgemein&quot;","block_context":{"text":"Allgemein","link":"https:\/\/www.feuerwehr-brilon.de\/?cat=1"},"img":{"alt_text":"","src":"https:\/\/i0.wp.com\/www.feuerwehr-brilon.de\/wp-up\/2020\/12\/Brand-Harvester-Esshoff-1.jpg?resize=350%2C200&ssl=1","width":350,"height":200,"srcset":"https:\/\/i0.wp.com\/www.feuerwehr-brilon.de\/wp-up\/2020\/12\/Brand-Harvester-Esshoff-1.jpg?resize=350%2C200&ssl=1 1x, https:\/\/i0.wp.com\/www.feuerwehr-brilon.de\/wp-up\/2020\/12\/Brand-Harvester-Esshoff-1.jpg?resize=525%2C300&ssl=1 1.5x, https:\/\/i0.wp.com\/www.feuerwehr-brilon.de\/wp-up\/2020\/12\/Brand-Harvester-Esshoff-1.jpg?resize=700%2C400&ssl=1 2x"},"classes":[]},{"id":2768,"url":"https:\/\/www.feuerwehr-brilon.de\/?p=2768","url_meta":{"origin":2758,"position":3},"title":"Kleidercontainer brannte","author":"Marc Heines","date":"6. Juni 2010","format":false,"excerpt":"Am Samstag Abend brannte ein Altkleider Container auf einem Parkplatz an der Stra\u00dfe Am Markt. Nach dem der Container ge\u00f6ffnet wurde, konnte der Schwelbrand mit Wasser gel\u00f6scht werden. Eine Staffel war nur kurz im Einsatz. Eingesetzte Einheit Eingesetztes Fahrzeug Bilder","rel":"","context":"In &quot;Eins\u00e4tze 2010&quot;","block_context":{"text":"Eins\u00e4tze 2010","link":"https:\/\/www.feuerwehr-brilon.de\/?cat=33"},"img":{"alt_text":"","src":"https:\/\/i0.wp.com\/www.feuerwehr-brilon.de\/wp-up\/2010\/06\/Brand_Kleidercontainer_3-125x74.jpg?resize=350%2C200&ssl=1","width":350,"height":200},"classes":[]},{"id":22608,"url":"https:\/\/www.feuerwehr-brilon.de\/?p=22608","url_meta":{"origin":2758,"position":4},"title":"Dachstuhlbrand in der Engelbertstra\u00dfe in Brilon","author":"Marcus Bange","date":"31. Juli 2020","format":false,"excerpt":"Brilon. Die Feuerwehr Brilon hat am Donnerstagabend (30.07.2020) einen Dachstuhlbrand in einem Reihenhaus an der Engelbertstra\u00dfe gel\u00f6scht. Dort war gegen 17.30 Uhr der Dachstuhl eines Zweifamilienreihenhaues in Brand geraten. Insgesamt befinden sich vier Wohneinheiten in den Doppelhaush\u00e4lften. Alle Bewohner beider Haush\u00e4lften hatten das Geb\u00e4ude bei Eintreffen der Feuerwehr bereits verlassen.\u2026","rel":"","context":"In &quot;Allgemein&quot;","block_context":{"text":"Allgemein","link":"https:\/\/www.feuerwehr-brilon.de\/?cat=1"},"img":{"alt_text":"","src":"https:\/\/i0.wp.com\/www.feuerwehr-brilon.de\/wp-up\/2020\/07\/Dachstuhlbrand-Engelbertstra%C3%9Fe-1.jpg?resize=350%2C200&ssl=1","width":350,"height":200,"srcset":"https:\/\/i0.wp.com\/www.feuerwehr-brilon.de\/wp-up\/2020\/07\/Dachstuhlbrand-Engelbertstra%C3%9Fe-1.jpg?resize=350%2C200&ssl=1 1x, https:\/\/i0.wp.com\/www.feuerwehr-brilon.de\/wp-up\/2020\/07\/Dachstuhlbrand-Engelbertstra%C3%9Fe-1.jpg?resize=525%2C300&ssl=1 1.5x, https:\/\/i0.wp.com\/www.feuerwehr-brilon.de\/wp-up\/2020\/07\/Dachstuhlbrand-Engelbertstra%C3%9Fe-1.jpg?resize=700%2C400&ssl=1 2x"},"classes":[]},{"id":1155,"url":"https:\/\/www.feuerwehr-brilon.de\/?p=1155","url_meta":{"origin":2758,"position":5},"title":"Brand einer Rundballenpresse","author":"Marc Heines","date":"6. August 2009","format":false,"excerpt":"Die Feuerwehr Brilon wurde am 06.08.09 um 17:39 Uhr zu einem Brand einer Rundballenpresse auf einem Getreidefeld, zwischen Th\u00fclen und Nehden alarmiert. Bei Eintreffen der L\u00f6schgruppen Th\u00fclen und Nehden brannte die Presse bereits in voller Ausdehnung. Nachdem die Presse ge\u00f6ffnet und gesichert wurde, konnte der Strohkern ausgebreitet und abgel\u00f6scht werden.\u2026","rel":"","context":"In &quot;Eins\u00e4tze 2009&quot;","block_context":{"text":"Eins\u00e4tze 2009","link":"https:\/\/www.feuerwehr-brilon.de\/?cat=13"},"img":{"alt_text":"lg thuelen","src":"https:\/\/i0.wp.com\/www.feuerwehr-brilon.de\/wp-up\/2009\/08\/lg_thuelen-1.jpg?resize=350%2C200","width":350,"height":200},"classes":[]}],"_links":{"self":[{"href":"https:\/\/www.feuerwehr-brilon.de\/index.php?rest_route=\/wp\/v2\/posts\/2758","targetHints":{"allow":["GET"]}}],"collection":[{"href":"https:\/\/www.feuerwehr-brilon.de\/index.php?rest_route=\/wp\/v2\/posts"}],"about":[{"href":"https:\/\/www.feuerwehr-brilon.de\/index.php?rest_route=\/wp\/v2\/types\/post"}],"author":[{"embeddable":true,"href":"https:\/\/www.feuerwehr-brilon.de\/index.php?rest_route=\/wp\/v2\/users\/5"}],"replies":[{"embeddable":true,"href":"https:\/\/www.feuerwehr-brilon.de\/index.php?rest_route=%2Fwp%2Fv2%2Fcomments&post=2758"}],"version-history":[{"count":0,"href":"https:\/\/www.feuerwehr-brilon.de\/index.php?rest_route=\/wp\/v2\/posts\/2758\/revisions"}],"wp:attachment":[{"href":"https:\/\/www.feuerwehr-brilon.de\/index.php?rest_route=%2Fwp%2Fv2%2Fmedia&parent=2758"}],"wp:term":[{"taxonomy":"category","embeddable":true,"href":"https:\/\/www.feuerwehr-brilon.de\/index.php?rest_route=%2Fwp%2Fv2%2Fcategories&post=2758"},{"taxonomy":"post_tag","embeddable":true,"href":"https:\/\/www.feuerwehr-brilon.de\/index.php?rest_route=%2Fwp%2Fv2%2Ftags&post=2758"}],"curies":[{"name":"wp","href":"https:\/\/api.w.org\/{rel}","templated":true}]}}