{"id":2768,"date":"2010-06-06T22:14:08","date_gmt":"2010-06-06T20:14:08","guid":{"rendered":"http:\/\/www.feuerwehr-brilon.de\/?p=2768"},"modified":"2010-06-08T23:27:16","modified_gmt":"2010-06-08T21:27:16","slug":"kleidercontainer-brannte","status":"publish","type":"post","link":"https:\/\/www.feuerwehr-brilon.de\/?p=2768","title":{"rendered":"Kleidercontainer brannte"},"content":{"rendered":"<p>Am Samstag Abend brannte ein Altkleider Container auf einem Parkplatz an der Stra\u00dfe Am Markt. Nach dem der Container ge\u00f6ffnet wurde, konnte der Schwelbrand mit Wasser gel\u00f6scht werden. Eine Staffel war nur kurz im Einsatz. <!--more--><\/p>\n<p><strong>Eingesetzte Einheit<\/strong><br \/>\n<a href=\"http:\/\/www.feuerwehr-brilon.de\/?page_id=7\"><img loading=\"lazy\" decoding=\"async\" class=\"alignnone\" title=\"lz brilon\" src=\"http:\/\/www.feuerwehr-brilon.de\/images\/einsatz_details\/lz_brilon.jpg\" alt=\"\" width=\"140\" height=\"40\" \/><\/a><\/p>\n<p><strong>Eingesetztes Fahrzeug<\/strong><br \/>\n<a href=\"http:\/\/www.feuerwehr-brilon.de\/?page_id=755\"><img loading=\"lazy\" decoding=\"async\" class=\"alignnone\" src=\"http:\/\/www.feuerwehr-brilon.de\/images\/einsatz_details\/054401.jpg\" alt=\"\" width=\"140\" height=\"40\" \/><\/a><\/p>\n<p><strong>Bilder<\/strong>\n\t\t<style type=\"text\/css\">\n\t\t\t#gallery-1 {\n\t\t\t\tmargin: auto;\n\t\t\t}\n\t\t\t#gallery-1 .gallery-item {\n\t\t\t\tfloat: left;\n\t\t\t\tmargin-top: 10px;\n\t\t\t\ttext-align: center;\n\t\t\t\twidth: 33%;\n\t\t\t}\n\t\t\t#gallery-1 img {\n\t\t\t\tborder: 2px solid #cfcfcf;\n\t\t\t}\n\t\t\t#gallery-1 .gallery-caption {\n\t\t\t\tmargin-left: 0;\n\t\t\t}\n\t\t\t\/* see gallery_shortcode() in wp-includes\/media.php *\/\n\t\t<\/style>\n\t\t<div id='gallery-1' class='gallery galleryid-2768 gallery-columns-3 gallery-size-thumbnail'><dl class='gallery-item'>\n\t\t\t<dt class='gallery-icon landscape'>\n\t\t\t\t<a href='https:\/\/www.feuerwehr-brilon.de\/wp-up\/2010\/06\/Brand_Kleidercontainer_3.jpg'><img loading=\"lazy\" decoding=\"async\" width=\"125\" height=\"74\" src=\"https:\/\/www.feuerwehr-brilon.de\/wp-up\/2010\/06\/Brand_Kleidercontainer_3-125x74.jpg\" class=\"attachment-thumbnail size-thumbnail\" alt=\"\" srcset=\"https:\/\/www.feuerwehr-brilon.de\/wp-up\/2010\/06\/Brand_Kleidercontainer_3-125x74.jpg 125w, https:\/\/www.feuerwehr-brilon.de\/wp-up\/2010\/06\/Brand_Kleidercontainer_3-500x299.jpg 500w, https:\/\/www.feuerwehr-brilon.de\/wp-up\/2010\/06\/Brand_Kleidercontainer_3.jpg 800w\" sizes=\"auto, (max-width: 125px) 100vw, 125px\" \/><\/a>\n\t\t\t<\/dt><\/dl><dl class='gallery-item'>\n\t\t\t<dt class='gallery-icon landscape'>\n\t\t\t\t<a href='https:\/\/www.feuerwehr-brilon.de\/wp-up\/2010\/06\/Brand_Kleidercontainer_2.jpg'><img loading=\"lazy\" decoding=\"async\" width=\"125\" height=\"72\" src=\"https:\/\/www.feuerwehr-brilon.de\/wp-up\/2010\/06\/Brand_Kleidercontainer_2-125x72.jpg\" class=\"attachment-thumbnail size-thumbnail\" alt=\"\" srcset=\"https:\/\/www.feuerwehr-brilon.de\/wp-up\/2010\/06\/Brand_Kleidercontainer_2-125x72.jpg 125w, https:\/\/www.feuerwehr-brilon.de\/wp-up\/2010\/06\/Brand_Kleidercontainer_2-500x290.jpg 500w, https:\/\/www.feuerwehr-brilon.de\/wp-up\/2010\/06\/Brand_Kleidercontainer_2.jpg 800w\" sizes=\"auto, (max-width: 125px) 100vw, 125px\" \/><\/a>\n\t\t\t<\/dt><\/dl><dl class='gallery-item'>\n\t\t\t<dt class='gallery-icon landscape'>\n\t\t\t\t<a href='https:\/\/www.feuerwehr-brilon.de\/wp-up\/2010\/06\/Brand_Kleidercontainer_1.jpg'><img loading=\"lazy\" decoding=\"async\" width=\"125\" height=\"64\" src=\"https:\/\/www.feuerwehr-brilon.de\/wp-up\/2010\/06\/Brand_Kleidercontainer_1-125x64.jpg\" class=\"attachment-thumbnail size-thumbnail\" alt=\"\" srcset=\"https:\/\/www.feuerwehr-brilon.de\/wp-up\/2010\/06\/Brand_Kleidercontainer_1-125x64.jpg 125w, https:\/\/www.feuerwehr-brilon.de\/wp-up\/2010\/06\/Brand_Kleidercontainer_1-500x258.jpg 500w, https:\/\/www.feuerwehr-brilon.de\/wp-up\/2010\/06\/Brand_Kleidercontainer_1.jpg 800w\" sizes=\"auto, (max-width: 125px) 100vw, 125px\" \/><\/a>\n\t\t\t<\/dt><\/dl><br style=\"clear: both\" \/>\n\t\t<\/div>\n<\/p>\n","protected":false},"excerpt":{"rendered":"<p>Am Samstag Abend brannte ein Altkleider Container auf einem Parkplatz an der Stra\u00dfe Am Markt. Nach dem der Container ge\u00f6ffnet wurde, konnte der Schwelbrand mit Wasser gel\u00f6scht werden. Eine Staffel war nur kurz im Einsatz.<\/p>\n","protected":false},"author":6,"featured_media":0,"comment_status":"closed","ping_status":"closed","sticky":false,"template":"","format":"standard","meta":{"_exactmetrics_skip_tracking":false,"_exactmetrics_sitenote_active":false,"_exactmetrics_sitenote_note":"","_exactmetrics_sitenote_category":0,"jetpack_post_was_ever_published":false,"_jetpack_newsletter_access":"","_jetpack_dont_email_post_to_subs":false,"_jetpack_newsletter_tier_id":0,"_jetpack_memberships_contains_paywalled_content":false,"_jetpack_memberships_contains_paid_content":false,"footnotes":""},"categories":[33],"tags":[197,37,198],"class_list":["post-2768","post","type-post","status-publish","format-standard","hentry","category-einsaetze-2010","tag-brand","tag-brilon","tag-lf-1612"],"jetpack_featured_media_url":"","jetpack_shortlink":"https:\/\/wp.me\/pCIJa-IE","jetpack_sharing_enabled":true,"jetpack-related-posts":[{"id":2758,"url":"https:\/\/www.feuerwehr-brilon.de\/?p=2758","url_meta":{"origin":2768,"position":0},"title":"Bagger brannte vollst\u00e4ndig aus","author":"Marcus Bange","date":"2. Juni 2010","format":false,"excerpt":"Der L\u00f6schzug Brilon hat heute einen brennenden Bagger in einem holzverarbeitenden Betrieb gel\u00f6scht. Bei Eintreffen der Feuerwehr brannte der Bagger in voller Ausdehnung. Der Fahrer konnte das Fahrzeug rechtzeitig verlassen. Das Feuer konnte mit Schaum abgel\u00f6scht werden, ein \u00dcbergreifen des Brandes auf ein nahes Holzlager wurde verhindert. 8 Feuerwehrleute waren\u2026","rel":"","context":"In &quot;Eins\u00e4tze 2010&quot;","block_context":{"text":"Eins\u00e4tze 2010","link":"https:\/\/www.feuerwehr-brilon.de\/?cat=33"},"img":{"alt_text":"","src":"https:\/\/i0.wp.com\/www.feuerwehr-brilon.de\/wp-up\/2010\/06\/BRAND_Bagger3-125x93.jpg?resize=350%2C200&ssl=1","width":350,"height":200},"classes":[]},{"id":10790,"url":"https:\/\/www.feuerwehr-brilon.de\/?p=10790","url_meta":{"origin":2768,"position":1},"title":"H\u00fcttenbrand in R\u00f6senbeck","author":"Andreas Becker","date":"25. Juli 2014","format":false,"excerpt":"R\u00f6senbeck. Die Feuerwehr Brilon wurde heute (25. Juli) um 19:38 Uhr zu einem Geb\u00e4udebrand mit Menschenleben in Gefahr in R\u00f6senbeck alarmiert. Die Einheiten aus R\u00f6senbeck, Th\u00fclen, Madfeld und Brilon r\u00fcckten aus zur Altenfilsstra\u00dfe. Es brannte jedoch nicht das Geb\u00e4ude sondern eine Gartenh\u00fctte hinter dem Wohnhaus. Durch das schnelle Eingreifen der\u2026","rel":"","context":"In &quot;Eins\u00e4tze 2014&quot;","block_context":{"text":"Eins\u00e4tze 2014","link":"https:\/\/www.feuerwehr-brilon.de\/?cat=184"},"img":{"alt_text":"r1 (1)","src":"https:\/\/i0.wp.com\/www.feuerwehr-brilon.de\/wp-up\/2014\/07\/r1-1-150x84.jpg?resize=350%2C200","width":350,"height":200},"classes":[]},{"id":2855,"url":"https:\/\/www.feuerwehr-brilon.de\/?p=2855","url_meta":{"origin":2768,"position":2},"title":"Scheunenbrand in Radlinghausen","author":"Daniel Vogel","date":"27. Juni 2010","format":false,"excerpt":"Die Briloner Feuerwehr hat am Samstagabend einen Brand in Radlinghausen gel\u00f6scht. An der Radlinghauser Stra\u00dfe war gegen 20.30 Uhr eine Scheune in Brand geraten. Bei Eintreffen der Feuerwehr brannte die Scheune bereits in voller Ausdehnung. Durch einen massiven Wassereinsatz konnte ein \u00dcbergreifen auf das direkt angrenzende Wohnhaus verhindert werden. \u00dcber\u2026","rel":"","context":"In &quot;Eins\u00e4tze 2010&quot;","block_context":{"text":"Eins\u00e4tze 2010","link":"https:\/\/www.feuerwehr-brilon.de\/?cat=33"},"img":{"alt_text":"","src":"https:\/\/i0.wp.com\/www.feuerwehr-brilon.de\/wp-up\/2010\/06\/Scheunenbrand_Radlinghausen_92-125x93.jpg?resize=350%2C200&ssl=1","width":350,"height":200},"classes":[]},{"id":1528,"url":"https:\/\/www.feuerwehr-brilon.de\/?p=1528","url_meta":{"origin":2768,"position":3},"title":"Mittelbrand in der Antoniusstra\u00dfe","author":"Marc Heines","date":"20. September 2009","format":false,"excerpt":"Um 20:50 Uhr wurde der L\u00f6schzug Brilon zu einem Brandeinsatz in die Antoniusstra\u00dfe in Brilon alarmiert. In einem z.Zt. unbewohnten Holzhaus brannte es im Erdgescho\u00df. Der Brand mu\u00dfte unter schwerem Atemschutz abgel\u00f6scht werden. Das gesamte Haus war verqualmt und wurde von der Feuerwehr bel\u00fcftet. 17 Feuerwehrleute waren etwa eine Stunde\u2026","rel":"","context":"In &quot;Eins\u00e4tze 2009&quot;","block_context":{"text":"Eins\u00e4tze 2009","link":"https:\/\/www.feuerwehr-brilon.de\/?cat=13"},"img":{"alt_text":"","src":"","width":0,"height":0},"classes":[]},{"id":3745,"url":"https:\/\/www.feuerwehr-brilon.de\/?p=3745","url_meta":{"origin":2768,"position":4},"title":"Der Fu\u00dfboden brannte","author":"Marc Heines","date":"24. November 2010","format":false,"excerpt":"Zu einem Ru\u00dfbrand im Schornstein wurde die L\u00f6schgruppe Alme am 24.11.2010 um 11:00 Uhr alarmiert. Einsatzstelle war die Schlo\u00dfstra\u00dfe in Alme. Vor Ort stellte sich aber heraus, dass der Rauch aus dem Boden kam. In der Zwischendecke des Fu\u00dfbodens schwelte ein Holzbalken. Der Fu\u00dfboden wurde ge\u00f6ffnet und der Schwelbrand wurde\u2026","rel":"","context":"In &quot;Eins\u00e4tze 2010&quot;","block_context":{"text":"Eins\u00e4tze 2010","link":"https:\/\/www.feuerwehr-brilon.de\/?cat=33"},"img":{"alt_text":"","src":"https:\/\/i0.wp.com\/www.feuerwehr-brilon.de\/images\/einsatz_details\/lg_alme.jpg?resize=350%2C200","width":350,"height":200},"classes":[]},{"id":2699,"url":"https:\/\/www.feuerwehr-brilon.de\/?p=2699","url_meta":{"origin":2768,"position":5},"title":"M\u00fclltonnenbrand in Gudenhagen","author":"Marc Heines","date":"24. Mai 2010","format":false,"excerpt":"Am Pfingstsonntag brannte in Gudenhagen eine M\u00fclltonne. Der alarmierte L\u00f6schzug Brilon konnte den Brand mit ein paar Litern Wasser wirksam bek\u00e4mpfen. Insgesamt f\u00fcnf Feuerwehrleute waren einige Minuten im Einsatz. X Eingesetzte Einheit Eingesetztes Fahrzeug","rel":"","context":"In &quot;Eins\u00e4tze 2010&quot;","block_context":{"text":"Eins\u00e4tze 2010","link":"https:\/\/www.feuerwehr-brilon.de\/?cat=33"},"img":{"alt_text":"m\u00fclltonnenbrand_gudenhagen_6","src":"https:\/\/i0.wp.com\/www.feuerwehr-brilon.de\/wp-up\/2010\/05\/m%C3%BClltonnenbrand_gudenhagen_6-125x93.jpg?resize=350%2C200","width":350,"height":200},"classes":[]}],"_links":{"self":[{"href":"https:\/\/www.feuerwehr-brilon.de\/index.php?rest_route=\/wp\/v2\/posts\/2768","targetHints":{"allow":["GET"]}}],"collection":[{"href":"https:\/\/www.feuerwehr-brilon.de\/index.php?rest_route=\/wp\/v2\/posts"}],"about":[{"href":"https:\/\/www.feuerwehr-brilon.de\/index.php?rest_route=\/wp\/v2\/types\/post"}],"author":[{"embeddable":true,"href":"https:\/\/www.feuerwehr-brilon.de\/index.php?rest_route=\/wp\/v2\/users\/6"}],"replies":[{"embeddable":true,"href":"https:\/\/www.feuerwehr-brilon.de\/index.php?rest_route=%2Fwp%2Fv2%2Fcomments&post=2768"}],"version-history":[{"count":0,"href":"https:\/\/www.feuerwehr-brilon.de\/index.php?rest_route=\/wp\/v2\/posts\/2768\/revisions"}],"wp:attachment":[{"href":"https:\/\/www.feuerwehr-brilon.de\/index.php?rest_route=%2Fwp%2Fv2%2Fmedia&parent=2768"}],"wp:term":[{"taxonomy":"category","embeddable":true,"href":"https:\/\/www.feuerwehr-brilon.de\/index.php?rest_route=%2Fwp%2Fv2%2Fcategories&post=2768"},{"taxonomy":"post_tag","embeddable":true,"href":"https:\/\/www.feuerwehr-brilon.de\/index.php?rest_route=%2Fwp%2Fv2%2Ftags&post=2768"}],"curies":[{"name":"wp","href":"https:\/\/api.w.org\/{rel}","templated":true}]}}