{"id":2776,"date":"2010-06-08T20:51:17","date_gmt":"2010-06-08T18:51:17","guid":{"rendered":"http:\/\/www.feuerwehr-brilon.de\/?p=2776"},"modified":"2010-06-08T23:57:45","modified_gmt":"2010-06-08T21:57:45","slug":"maschinistenfortbildung","status":"publish","type":"post","link":"https:\/\/www.feuerwehr-brilon.de\/?p=2776","title":{"rendered":"Maschinistenfortbildung"},"content":{"rendered":"<p>Am letzten Wochenende wurde eine Maschinistenfortbildung beim L\u00f6schzug Brilon durchgef\u00fchrt. Am Freitag wurden zun\u00e4chst die neuen Maschinisten in die verschiedenen Fahrzeuge und deren Pumpen eingewiesen. Am Samstag konnten dann auch erfahrene Maschinisten ihr Wissen auffrischen und alles auch praktisch erproben.<!--more-->\n\t\t<style type=\"text\/css\">\n\t\t\t#gallery-1 {\n\t\t\t\tmargin: auto;\n\t\t\t}\n\t\t\t#gallery-1 .gallery-item {\n\t\t\t\tfloat: left;\n\t\t\t\tmargin-top: 10px;\n\t\t\t\ttext-align: center;\n\t\t\t\twidth: 33%;\n\t\t\t}\n\t\t\t#gallery-1 img {\n\t\t\t\tborder: 2px solid #cfcfcf;\n\t\t\t}\n\t\t\t#gallery-1 .gallery-caption {\n\t\t\t\tmargin-left: 0;\n\t\t\t}\n\t\t\t\/* see gallery_shortcode() in wp-includes\/media.php *\/\n\t\t<\/style>\n\t\t<div id='gallery-1' class='gallery galleryid-2776 gallery-columns-3 gallery-size-thumbnail'><dl class='gallery-item'>\n\t\t\t<dt class='gallery-icon portrait'>\n\t\t\t\t<a href='https:\/\/www.feuerwehr-brilon.de\/wp-up\/2010\/06\/Maschinistenfortbildung_91.jpg'><img loading=\"lazy\" decoding=\"async\" width=\"93\" height=\"125\" src=\"https:\/\/www.feuerwehr-brilon.de\/wp-up\/2010\/06\/Maschinistenfortbildung_91-93x125.jpg\" class=\"attachment-thumbnail size-thumbnail\" alt=\"\" srcset=\"https:\/\/www.feuerwehr-brilon.de\/wp-up\/2010\/06\/Maschinistenfortbildung_91-93x125.jpg 93w, https:\/\/www.feuerwehr-brilon.de\/wp-up\/2010\/06\/Maschinistenfortbildung_91-375x500.jpg 375w, https:\/\/www.feuerwehr-brilon.de\/wp-up\/2010\/06\/Maschinistenfortbildung_91.jpg 600w\" sizes=\"auto, (max-width: 93px) 100vw, 93px\" \/><\/a>\n\t\t\t<\/dt><\/dl><dl class='gallery-item'>\n\t\t\t<dt class='gallery-icon landscape'>\n\t\t\t\t<a href='https:\/\/www.feuerwehr-brilon.de\/wp-up\/2010\/06\/Maschinistenfortbildung_81.jpg'><img loading=\"lazy\" decoding=\"async\" width=\"125\" height=\"93\" src=\"https:\/\/www.feuerwehr-brilon.de\/wp-up\/2010\/06\/Maschinistenfortbildung_81-125x93.jpg\" class=\"attachment-thumbnail size-thumbnail\" alt=\"\" srcset=\"https:\/\/www.feuerwehr-brilon.de\/wp-up\/2010\/06\/Maschinistenfortbildung_81-125x93.jpg 125w, https:\/\/www.feuerwehr-brilon.de\/wp-up\/2010\/06\/Maschinistenfortbildung_81-500x375.jpg 500w, https:\/\/www.feuerwehr-brilon.de\/wp-up\/2010\/06\/Maschinistenfortbildung_81.jpg 800w\" sizes=\"auto, (max-width: 125px) 100vw, 125px\" \/><\/a>\n\t\t\t<\/dt><\/dl><dl class='gallery-item'>\n\t\t\t<dt class='gallery-icon landscape'>\n\t\t\t\t<a href='https:\/\/www.feuerwehr-brilon.de\/wp-up\/2010\/06\/Maschinistenfortbildung_71.jpg'><img loading=\"lazy\" decoding=\"async\" width=\"125\" height=\"93\" src=\"https:\/\/www.feuerwehr-brilon.de\/wp-up\/2010\/06\/Maschinistenfortbildung_71-125x93.jpg\" class=\"attachment-thumbnail size-thumbnail\" alt=\"\" srcset=\"https:\/\/www.feuerwehr-brilon.de\/wp-up\/2010\/06\/Maschinistenfortbildung_71-125x93.jpg 125w, https:\/\/www.feuerwehr-brilon.de\/wp-up\/2010\/06\/Maschinistenfortbildung_71-500x375.jpg 500w, https:\/\/www.feuerwehr-brilon.de\/wp-up\/2010\/06\/Maschinistenfortbildung_71.jpg 800w\" sizes=\"auto, (max-width: 125px) 100vw, 125px\" \/><\/a>\n\t\t\t<\/dt><\/dl><br style=\"clear: both\" \/><dl class='gallery-item'>\n\t\t\t<dt class='gallery-icon landscape'>\n\t\t\t\t<a href='https:\/\/www.feuerwehr-brilon.de\/wp-up\/2010\/06\/Maschinistenfortbildung_61.jpg'><img loading=\"lazy\" decoding=\"async\" width=\"125\" height=\"93\" src=\"https:\/\/www.feuerwehr-brilon.de\/wp-up\/2010\/06\/Maschinistenfortbildung_61-125x93.jpg\" class=\"attachment-thumbnail size-thumbnail\" alt=\"\" srcset=\"https:\/\/www.feuerwehr-brilon.de\/wp-up\/2010\/06\/Maschinistenfortbildung_61-125x93.jpg 125w, https:\/\/www.feuerwehr-brilon.de\/wp-up\/2010\/06\/Maschinistenfortbildung_61-500x375.jpg 500w, https:\/\/www.feuerwehr-brilon.de\/wp-up\/2010\/06\/Maschinistenfortbildung_61.jpg 800w\" sizes=\"auto, (max-width: 125px) 100vw, 125px\" \/><\/a>\n\t\t\t<\/dt><\/dl><dl class='gallery-item'>\n\t\t\t<dt class='gallery-icon '>\n\t\t\t\t<a href='https:\/\/www.feuerwehr-brilon.de\/wp-up\/2010\/06\/Maschinistenfortbildung_5.jpg'><img loading=\"lazy\" decoding=\"async\" width=\"1\" height=\"1\" src=\"https:\/\/www.feuerwehr-brilon.de\/wp-up\/2010\/06\/Maschinistenfortbildung_5.jpg\" class=\"attachment-thumbnail size-thumbnail\" alt=\"\" \/><\/a>\n\t\t\t<\/dt><\/dl><dl class='gallery-item'>\n\t\t\t<dt class='gallery-icon landscape'>\n\t\t\t\t<a href='https:\/\/www.feuerwehr-brilon.de\/wp-up\/2010\/06\/Maschinistenfortbildung_4.jpg'><img loading=\"lazy\" decoding=\"async\" width=\"125\" height=\"93\" src=\"https:\/\/www.feuerwehr-brilon.de\/wp-up\/2010\/06\/Maschinistenfortbildung_4-125x93.jpg\" class=\"attachment-thumbnail size-thumbnail\" alt=\"\" srcset=\"https:\/\/www.feuerwehr-brilon.de\/wp-up\/2010\/06\/Maschinistenfortbildung_4-125x93.jpg 125w, https:\/\/www.feuerwehr-brilon.de\/wp-up\/2010\/06\/Maschinistenfortbildung_4-500x375.jpg 500w, https:\/\/www.feuerwehr-brilon.de\/wp-up\/2010\/06\/Maschinistenfortbildung_4.jpg 800w\" sizes=\"auto, (max-width: 125px) 100vw, 125px\" \/><\/a>\n\t\t\t<\/dt><\/dl><br style=\"clear: both\" \/><dl class='gallery-item'>\n\t\t\t<dt class='gallery-icon landscape'>\n\t\t\t\t<a href='https:\/\/www.feuerwehr-brilon.de\/wp-up\/2010\/06\/Maschinistenfortbildung_3.jpg'><img loading=\"lazy\" decoding=\"async\" width=\"125\" height=\"93\" src=\"https:\/\/www.feuerwehr-brilon.de\/wp-up\/2010\/06\/Maschinistenfortbildung_3-125x93.jpg\" class=\"attachment-thumbnail size-thumbnail\" alt=\"\" srcset=\"https:\/\/www.feuerwehr-brilon.de\/wp-up\/2010\/06\/Maschinistenfortbildung_3-125x93.jpg 125w, https:\/\/www.feuerwehr-brilon.de\/wp-up\/2010\/06\/Maschinistenfortbildung_3-500x375.jpg 500w, https:\/\/www.feuerwehr-brilon.de\/wp-up\/2010\/06\/Maschinistenfortbildung_3.jpg 800w\" sizes=\"auto, (max-width: 125px) 100vw, 125px\" \/><\/a>\n\t\t\t<\/dt><\/dl><dl class='gallery-item'>\n\t\t\t<dt class='gallery-icon landscape'>\n\t\t\t\t<a href='https:\/\/www.feuerwehr-brilon.de\/wp-up\/2010\/06\/Maschinistenfortbildung_2.jpg'><img loading=\"lazy\" decoding=\"async\" width=\"125\" height=\"93\" src=\"https:\/\/www.feuerwehr-brilon.de\/wp-up\/2010\/06\/Maschinistenfortbildung_2-125x93.jpg\" class=\"attachment-thumbnail size-thumbnail\" alt=\"\" srcset=\"https:\/\/www.feuerwehr-brilon.de\/wp-up\/2010\/06\/Maschinistenfortbildung_2-125x93.jpg 125w, https:\/\/www.feuerwehr-brilon.de\/wp-up\/2010\/06\/Maschinistenfortbildung_2-500x375.jpg 500w, https:\/\/www.feuerwehr-brilon.de\/wp-up\/2010\/06\/Maschinistenfortbildung_2.jpg 800w\" sizes=\"auto, (max-width: 125px) 100vw, 125px\" \/><\/a>\n\t\t\t<\/dt><\/dl><dl class='gallery-item'>\n\t\t\t<dt class='gallery-icon landscape'>\n\t\t\t\t<a href='https:\/\/www.feuerwehr-brilon.de\/wp-up\/2010\/06\/Maschinistenfortbildung_1.jpg'><img loading=\"lazy\" decoding=\"async\" width=\"125\" height=\"93\" src=\"https:\/\/www.feuerwehr-brilon.de\/wp-up\/2010\/06\/Maschinistenfortbildung_1-125x93.jpg\" class=\"attachment-thumbnail size-thumbnail\" alt=\"\" srcset=\"https:\/\/www.feuerwehr-brilon.de\/wp-up\/2010\/06\/Maschinistenfortbildung_1-125x93.jpg 125w, https:\/\/www.feuerwehr-brilon.de\/wp-up\/2010\/06\/Maschinistenfortbildung_1-500x375.jpg 500w, https:\/\/www.feuerwehr-brilon.de\/wp-up\/2010\/06\/Maschinistenfortbildung_1.jpg 800w\" sizes=\"auto, (max-width: 125px) 100vw, 125px\" \/><\/a>\n\t\t\t<\/dt><\/dl><br style=\"clear: both\" \/>\n\t\t<\/div>\n<\/p>\n","protected":false},"excerpt":{"rendered":"<p>Am letzten Wochenende wurde eine Maschinistenfortbildung beim L\u00f6schzug Brilon durchgef\u00fchrt. Am Freitag wurden zun\u00e4chst die neuen Maschinisten in die verschiedenen Fahrzeuge und deren Pumpen eingewiesen. Am Samstag konnten dann auch erfahrene Maschinisten ihr Wissen auffrischen und alles auch praktisch erproben.<\/p>\n","protected":false},"author":6,"featured_media":0,"comment_status":"closed","ping_status":"closed","sticky":false,"template":"","format":"standard","meta":{"_exactmetrics_skip_tracking":false,"_exactmetrics_sitenote_active":false,"_exactmetrics_sitenote_note":"","_exactmetrics_sitenote_category":0,"jetpack_post_was_ever_published":false,"_jetpack_newsletter_access":"","_jetpack_dont_email_post_to_subs":false,"_jetpack_newsletter_tier_id":0,"_jetpack_memberships_contains_paywalled_content":false,"_jetpack_memberships_contains_paid_content":false,"footnotes":""},"categories":[34],"tags":[195,37,38,198],"class_list":["post-2776","post","type-post","status-publish","format-standard","hentry","category-meldungen-2010","tag-ausbildung","tag-brilon","tag-hlf-2414s","tag-lf-1612"],"jetpack_featured_media_url":"","jetpack_shortlink":"https:\/\/wp.me\/pCIJa-IM","jetpack_sharing_enabled":true,"jetpack-related-posts":[{"id":5372,"url":"https:\/\/www.feuerwehr-brilon.de\/?p=5372","url_meta":{"origin":2776,"position":0},"title":"Zwei neue Drehleiter-Maschinisten im L\u00f6schzug Brilon","author":"Andreas Becker","date":"5. August 2011","format":false,"excerpt":"Im Juli 2011 wurde in Brilon wieder ein Drehleiter-Maschinisten Lehrgang ausgef\u00fchrt. In 18 Std. intensiver praktischer Ausbildung wurde den 2 Maschinisten gezeigt, wie eine Drehleiter bedient wird. Dazu geh\u00f6rt eine Einweisung in die DL, Bedienung der DL, Fahr\u00fcbungen mit dem Hubrettungssatz, die Bedienung der Zusatzeinrichtungen, Notbetrieb, Korbbetrieb, Fahrpraxis, was ist\u2026","rel":"","context":"In &quot;Allgemein&quot;","block_context":{"text":"Allgemein","link":"https:\/\/www.feuerwehr-brilon.de\/?cat=1"},"img":{"alt_text":"","src":"https:\/\/i0.wp.com\/www.feuerwehr-brilon.de\/wp-up\/2011\/08\/15.07-8-150x112.jpg?resize=350%2C200&ssl=1","width":350,"height":200},"classes":[]},{"id":13570,"url":"https:\/\/www.feuerwehr-brilon.de\/?p=13570","url_meta":{"origin":2776,"position":1},"title":"Verabschiedung in die Ehrenabteilung","author":"Andreas Becker","date":"30. Juni 2016","format":false,"excerpt":"Brilon. Am Sonntagabend (19.6.) wurde Franz-Josef B\u00f6ddicker in die Ehrenabteilung der Feuerwehr Brilon verabschiedet. Zusammen mit dem Blasorchester Brilon sowie dem Tambourcorps wurde Hauptbrandmeister B\u00f6ddicker mit einem Fackelzug zu Hause abgeholt. Am Feuerwehr-Ger\u00e4tehaus angekommen, bedankte sich L\u00f6schzugf\u00fchrer Thomas B\u00f6ddicker in einer kleinen Feierstunde f\u00fcr die geleistete Arbeit. Als der L\u00f6schzug\u2026","rel":"","context":"In &quot;Meldungen 2016&quot;","block_context":{"text":"Meldungen 2016","link":"https:\/\/www.feuerwehr-brilon.de\/?cat=202"},"img":{"alt_text":"verabschdg_1 (1)","src":"https:\/\/i0.wp.com\/www.feuerwehr-brilon.de\/wp-up\/2016\/06\/verabschdg_1-1-150x113.jpg?resize=350%2C200","width":350,"height":200},"classes":[]},{"id":14278,"url":"https:\/\/www.feuerwehr-brilon.de\/?p=14278","url_meta":{"origin":2776,"position":2},"title":"Maschinisten Fortbildung (Video)","author":"Andreas Becker","date":"15. Januar 2017","format":false,"excerpt":"","rel":"","context":"In &quot;Meldungen 2017&quot;","block_context":{"text":"Meldungen 2017","link":"https:\/\/www.feuerwehr-brilon.de\/?cat=206"},"img":{"alt_text":"","src":"","width":0,"height":0},"classes":[]},{"id":21287,"url":"https:\/\/www.feuerwehr-brilon.de\/?p=21287","url_meta":{"origin":2776,"position":3},"title":"Verdienstmedaille des Verdienstordens der Bundesrepublik Deutschland an HBM Franz-Josef Frigger","author":"Marc Heines","date":"12. Mai 2019","format":false,"excerpt":"Ehrenl\u00f6schzugf\u00fchrer Hauptbrandmeister Franz-Josef Frigger bekam am 08. Mai vom Landrat des Hochsauerlandkreises Herrn Dr. Karl Schneider die Verdienstmedaille des Verdienstordens der Bundesrepublik Deutschland ausgeh\u00e4ndigt. Wir gratulieren ganz herzlich zur verdienten Auszeichnung. Nachfolgend die offizielle Laudatio: Herr Franz-Josef Frigger hat durch sein langj\u00e4hriges Engagement im Katastrophen- und Zivilschutz auszeichnungsw\u00fcrdige Verdienste erworben.\u2026","rel":"","context":"In &quot;Meldungen 2019&quot;","block_context":{"text":"Meldungen 2019","link":"https:\/\/www.feuerwehr-brilon.de\/?cat=223"},"img":{"alt_text":"","src":"https:\/\/i0.wp.com\/www.feuerwehr-brilon.de\/wp-up\/2019\/05\/DSCN2669i-143x150.jpg?resize=350%2C200&ssl=1","width":350,"height":200},"classes":[]},{"id":13268,"url":"https:\/\/www.feuerwehr-brilon.de\/?p=13268","url_meta":{"origin":2776,"position":4},"title":"Verabschiedung von Albert Rieke","author":"Marc Heines","date":"10. M\u00e4rz 2016","format":false,"excerpt":"Am Vorabend seines 60. Geburtstages wurde Unterbrandmeister Albert Rieke von Wehrf\u00fchrer Wolfgang Hillebrand und den beiden L\u00f6schgruppenf\u00fchrern Heiko Schluer und Dirk Schulte bei seiner Geburtstagfeier von der Einsatzabteilung in die Ehrenabteilung \u00fcbernommen. Albert trat am 08.06.1973 in die Freiwillige Feuerwehr ein. Absolvierte 1979 den Oberfeuermann- Lehrgang und 1984 den Maschinisten-\u2026","rel":"","context":"In &quot;Meldungen 2016&quot;","block_context":{"text":"Meldungen 2016","link":"https:\/\/www.feuerwehr-brilon.de\/?cat=202"},"img":{"alt_text":"scharfenberg","src":"https:\/\/i0.wp.com\/www.feuerwehr-brilon.de\/wp-up\/2016\/03\/scharfenberg-150x113.jpg?resize=350%2C200","width":350,"height":200},"classes":[]},{"id":9254,"url":"https:\/\/www.feuerwehr-brilon.de\/?p=9254","url_meta":{"origin":2776,"position":5},"title":"Hauptbrandmeister Karl Heinz Funke in die Ehrenabteilung verabschiedet","author":"Marc Heines","date":"19. November 2013","format":false,"excerpt":"Am 14.11.2013 wurde Hauptbrandmeister Karl Heinz Funke, traditionell am Vorabend seines 60. Geburtstages, in die Ehrenabteilung des L\u00f6schzug Brilon verabschiedet. Karl Heinz Funke trat 1987, im Alter von 34 Jahren, als Quereinsteiger in die Feuerwehr Brilon ein. Nach absolvierter Grundausbildung und bestandener Truppf\u00fchrerpr\u00fcfung wurde er 1992 zum Unterbrandmeister bef\u00f6rdert. Am\u2026","rel":"","context":"In &quot;Meldungen 2013&quot;","block_context":{"text":"Meldungen 2013","link":"https:\/\/www.feuerwehr-brilon.de\/?cat=177"},"img":{"alt_text":"","src":"https:\/\/i0.wp.com\/www.feuerwehr-brilon.de\/wp-up\/2013\/11\/PB140075i-150x112.jpg?resize=350%2C200&ssl=1","width":350,"height":200},"classes":[]}],"_links":{"self":[{"href":"https:\/\/www.feuerwehr-brilon.de\/index.php?rest_route=\/wp\/v2\/posts\/2776","targetHints":{"allow":["GET"]}}],"collection":[{"href":"https:\/\/www.feuerwehr-brilon.de\/index.php?rest_route=\/wp\/v2\/posts"}],"about":[{"href":"https:\/\/www.feuerwehr-brilon.de\/index.php?rest_route=\/wp\/v2\/types\/post"}],"author":[{"embeddable":true,"href":"https:\/\/www.feuerwehr-brilon.de\/index.php?rest_route=\/wp\/v2\/users\/6"}],"replies":[{"embeddable":true,"href":"https:\/\/www.feuerwehr-brilon.de\/index.php?rest_route=%2Fwp%2Fv2%2Fcomments&post=2776"}],"version-history":[{"count":0,"href":"https:\/\/www.feuerwehr-brilon.de\/index.php?rest_route=\/wp\/v2\/posts\/2776\/revisions"}],"wp:attachment":[{"href":"https:\/\/www.feuerwehr-brilon.de\/index.php?rest_route=%2Fwp%2Fv2%2Fmedia&parent=2776"}],"wp:term":[{"taxonomy":"category","embeddable":true,"href":"https:\/\/www.feuerwehr-brilon.de\/index.php?rest_route=%2Fwp%2Fv2%2Fcategories&post=2776"},{"taxonomy":"post_tag","embeddable":true,"href":"https:\/\/www.feuerwehr-brilon.de\/index.php?rest_route=%2Fwp%2Fv2%2Ftags&post=2776"}],"curies":[{"name":"wp","href":"https:\/\/api.w.org\/{rel}","templated":true}]}}