{"id":30016,"date":"2022-07-20T00:26:22","date_gmt":"2022-07-19T22:26:22","guid":{"rendered":"https:\/\/www.feuerwehr-brilon.de\/?p=30016"},"modified":"2022-07-20T00:26:22","modified_gmt":"2022-07-19T22:26:22","slug":"einsatz-589","status":"publish","type":"post","link":"https:\/\/www.feuerwehr-brilon.de\/?p=30016","title":{"rendered":"+++ Einsatz +++"},"content":{"rendered":"<p>19.07. 15:40Uhr, Brandeinsatz, F2 Wald, Brilon, Knippenbergstr., Fl\u00e4chenbrand<\/p>\n","protected":false},"excerpt":{"rendered":"<p>19.07. 15:40Uhr, Brandeinsatz, F2 Wald, Brilon, Knippenbergstr., Fl\u00e4chenbrand<\/p>\n","protected":false},"author":8,"featured_media":0,"comment_status":"closed","ping_status":"closed","sticky":false,"template":"","format":"standard","meta":{"_exactmetrics_skip_tracking":false,"_exactmetrics_sitenote_active":false,"_exactmetrics_sitenote_note":"","_exactmetrics_sitenote_category":0,"jetpack_post_was_ever_published":false,"_jetpack_newsletter_access":"","_jetpack_dont_email_post_to_subs":false,"_jetpack_newsletter_tier_id":0,"_jetpack_memberships_contains_paywalled_content":false,"_jetpack_memberships_contains_paid_content":false,"footnotes":""},"categories":[102],"tags":[],"class_list":["post-30016","post","type-post","status-publish","format-standard","hentry","category-alarmierungen"],"jetpack_featured_media_url":"","jetpack_shortlink":"https:\/\/wp.me\/pCIJa-7O8","jetpack_sharing_enabled":true,"jetpack-related-posts":[{"id":32701,"url":"https:\/\/www.feuerwehr-brilon.de\/?p=32701","url_meta":{"origin":30016,"position":0},"title":"+++ Einsatz +++","author":"Andreas Becker","date":"22. August 2024","format":false,"excerpt":"21.08. 22:40Uhr, Brandeinsatz, F2 Wald, Brilon, Am Sch\u00f6nschede, brennt Bauwagen im Wald","rel":"","context":"In &quot;Alarmierungen&quot;","block_context":{"text":"Alarmierungen","link":"https:\/\/www.feuerwehr-brilon.de\/?cat=102"},"img":{"alt_text":"","src":"","width":0,"height":0},"classes":[]},{"id":30967,"url":"https:\/\/www.feuerwehr-brilon.de\/?p=30967","url_meta":{"origin":30016,"position":1},"title":"+++ Einsatz +++","author":"Marcus Bange","date":"10. April 2023","format":false,"excerpt":"10.04. 15:09Uhr, Brandeinsatz, F2 Wald, Nehden, Kr\u00e4uterhagen, Fl\u00e4chenbrand ohne weitfl\u00e4chige Ausbreitungsgefahr, 20 x 10m","rel":"","context":"In &quot;Alarmierungen&quot;","block_context":{"text":"Alarmierungen","link":"https:\/\/www.feuerwehr-brilon.de\/?cat=102"},"img":{"alt_text":"","src":"https:\/\/i0.wp.com\/www.feuerwehr-brilon.de\/wp-up\/2022\/08\/ticker.jpg?resize=350%2C200&ssl=1","width":350,"height":200,"srcset":"https:\/\/i0.wp.com\/www.feuerwehr-brilon.de\/wp-up\/2022\/08\/ticker.jpg?resize=350%2C200&ssl=1 1x, https:\/\/i0.wp.com\/www.feuerwehr-brilon.de\/wp-up\/2022\/08\/ticker.jpg?resize=525%2C300&ssl=1 1.5x"},"classes":[]},{"id":29890,"url":"https:\/\/www.feuerwehr-brilon.de\/?p=29890","url_meta":{"origin":30016,"position":2},"title":"+++ Einsatz +++","author":"Andreas Becker","date":"22. Juni 2022","format":false,"excerpt":"21.06. 19:47Uhr, Brandeinsatz, F2 Wald, Brilon, Am Sch\u00f6nschede, Fl\u00e4chenbrand","rel":"","context":"In &quot;Alarmierungen&quot;","block_context":{"text":"Alarmierungen","link":"https:\/\/www.feuerwehr-brilon.de\/?cat=102"},"img":{"alt_text":"","src":"https:\/\/i0.wp.com\/www.feuerwehr-brilon.de\/wp-up\/2022\/06\/ezy-watermark_22-06-2022_09-15-31am.jpg?resize=350%2C200&ssl=1","width":350,"height":200,"srcset":"https:\/\/i0.wp.com\/www.feuerwehr-brilon.de\/wp-up\/2022\/06\/ezy-watermark_22-06-2022_09-15-31am.jpg?resize=350%2C200&ssl=1 1x, https:\/\/i0.wp.com\/www.feuerwehr-brilon.de\/wp-up\/2022\/06\/ezy-watermark_22-06-2022_09-15-31am.jpg?resize=525%2C300&ssl=1 1.5x, https:\/\/i0.wp.com\/www.feuerwehr-brilon.de\/wp-up\/2022\/06\/ezy-watermark_22-06-2022_09-15-31am.jpg?resize=700%2C400&ssl=1 2x"},"classes":[]},{"id":22414,"url":"https:\/\/www.feuerwehr-brilon.de\/?p=22414","url_meta":{"origin":30016,"position":3},"title":"+++ Einsatz +++","author":"Andreas Becker","date":"12. April 2020","format":false,"excerpt":"12.04. 21:54Uhr, Brandeinsatz, F2 Wald, Rixen, Sonnenknapp, Fl\u00e4chenbrand","rel":"","context":"In &quot;Alarmierungen&quot;","block_context":{"text":"Alarmierungen","link":"https:\/\/www.feuerwehr-brilon.de\/?cat=102"},"img":{"alt_text":"","src":"","width":0,"height":0},"classes":[]},{"id":34590,"url":"https:\/\/www.feuerwehr-brilon.de\/?p=34590","url_meta":{"origin":30016,"position":4},"title":"+++ Einsatz +++","author":"Andreas Becker","date":"2. April 2026","format":false,"excerpt":"02.04. 13:51Uhr, Brandeinsatz, F2 Wald, Altenb\u00fcren, Kreuzbergstra\u00dfe, Fl\u00e4chenbrand","rel":"","context":"In &quot;Alarmierungen&quot;","block_context":{"text":"Alarmierungen","link":"https:\/\/www.feuerwehr-brilon.de\/?cat=102"},"img":{"alt_text":"","src":"","width":0,"height":0},"classes":[]},{"id":29770,"url":"https:\/\/www.feuerwehr-brilon.de\/?p=29770","url_meta":{"origin":30016,"position":5},"title":"+++ Einsatz +++","author":"Andreas Becker","date":"11. Mai 2022","format":false,"excerpt":"11.05. 18:26Uhr, Brandeinsatz, F2 Wald, Petersborn, Am Kyrilltor, Fl\u00e4chenbrand","rel":"","context":"In &quot;Alarmierungen&quot;","block_context":{"text":"Alarmierungen","link":"https:\/\/www.feuerwehr-brilon.de\/?cat=102"},"img":{"alt_text":"","src":"https:\/\/i0.wp.com\/www.feuerwehr-brilon.de\/wp-up\/2022\/05\/1dc4958a-119e-4bbb-909f-675ffc82a395.jpg?resize=350%2C200&ssl=1","width":350,"height":200,"srcset":"https:\/\/i0.wp.com\/www.feuerwehr-brilon.de\/wp-up\/2022\/05\/1dc4958a-119e-4bbb-909f-675ffc82a395.jpg?resize=350%2C200&ssl=1 1x, https:\/\/i0.wp.com\/www.feuerwehr-brilon.de\/wp-up\/2022\/05\/1dc4958a-119e-4bbb-909f-675ffc82a395.jpg?resize=525%2C300&ssl=1 1.5x, https:\/\/i0.wp.com\/www.feuerwehr-brilon.de\/wp-up\/2022\/05\/1dc4958a-119e-4bbb-909f-675ffc82a395.jpg?resize=700%2C400&ssl=1 2x"},"classes":[]}],"_links":{"self":[{"href":"https:\/\/www.feuerwehr-brilon.de\/index.php?rest_route=\/wp\/v2\/posts\/30016","targetHints":{"allow":["GET"]}}],"collection":[{"href":"https:\/\/www.feuerwehr-brilon.de\/index.php?rest_route=\/wp\/v2\/posts"}],"about":[{"href":"https:\/\/www.feuerwehr-brilon.de\/index.php?rest_route=\/wp\/v2\/types\/post"}],"author":[{"embeddable":true,"href":"https:\/\/www.feuerwehr-brilon.de\/index.php?rest_route=\/wp\/v2\/users\/8"}],"replies":[{"embeddable":true,"href":"https:\/\/www.feuerwehr-brilon.de\/index.php?rest_route=%2Fwp%2Fv2%2Fcomments&post=30016"}],"version-history":[{"count":0,"href":"https:\/\/www.feuerwehr-brilon.de\/index.php?rest_route=\/wp\/v2\/posts\/30016\/revisions"}],"wp:attachment":[{"href":"https:\/\/www.feuerwehr-brilon.de\/index.php?rest_route=%2Fwp%2Fv2%2Fmedia&parent=30016"}],"wp:term":[{"taxonomy":"category","embeddable":true,"href":"https:\/\/www.feuerwehr-brilon.de\/index.php?rest_route=%2Fwp%2Fv2%2Fcategories&post=30016"},{"taxonomy":"post_tag","embeddable":true,"href":"https:\/\/www.feuerwehr-brilon.de\/index.php?rest_route=%2Fwp%2Fv2%2Ftags&post=30016"}],"curies":[{"name":"wp","href":"https:\/\/api.w.org\/{rel}","templated":true}]}}