{"id":30032,"date":"2022-07-21T12:36:52","date_gmt":"2022-07-21T10:36:52","guid":{"rendered":"https:\/\/www.feuerwehr-brilon.de\/?p=30032"},"modified":"2022-07-21T16:36:08","modified_gmt":"2022-07-21T14:36:08","slug":"einsatz-591","status":"publish","type":"post","link":"https:\/\/www.feuerwehr-brilon.de\/?p=30032","title":{"rendered":"+++ Einsatz +++"},"content":{"rendered":"<p>21.07. 00:16Uhr, Korbacher Stra\u00dfe, H 0 Hochwasser, Hochwasser, \u00dcberflutung<\/p>\n","protected":false},"excerpt":{"rendered":"<p>21.07. 00:16Uhr, Korbacher Stra\u00dfe, H 0 Hochwasser, Hochwasser, \u00dcberflutung<\/p>\n","protected":false},"author":5,"featured_media":0,"comment_status":"closed","ping_status":"closed","sticky":false,"template":"","format":"standard","meta":{"_exactmetrics_skip_tracking":false,"_exactmetrics_sitenote_active":false,"_exactmetrics_sitenote_note":"","_exactmetrics_sitenote_category":0,"jetpack_post_was_ever_published":false,"_jetpack_newsletter_access":"","_jetpack_dont_email_post_to_subs":false,"_jetpack_newsletter_tier_id":0,"_jetpack_memberships_contains_paywalled_content":false,"_jetpack_memberships_contains_paid_content":false,"footnotes":""},"categories":[102],"tags":[],"class_list":["post-30032","post","type-post","status-publish","format-standard","hentry","category-alarmierungen"],"jetpack_featured_media_url":"","jetpack_shortlink":"https:\/\/wp.me\/pCIJa-7Oo","jetpack_sharing_enabled":true,"jetpack-related-posts":[{"id":16692,"url":"https:\/\/www.feuerwehr-brilon.de\/?p=16692","url_meta":{"origin":30032,"position":0},"title":"Hochwassereins\u00e4tze im Stadtgebiet","author":"Marcus Bange","date":"8. Januar 2019","format":false,"excerpt":"Brilon. Die Feuerwehr Brilon wurde im Verlauf des Sonntages (6.1.2019) zu f\u00fcnf Hochwasser-Eins\u00e4tzen alarmiert. Zun\u00e4chst musste am fr\u00fchen Morgen in der Rixener Stra\u00dfe eine \u00dcberflutung beseitigt werden. Die L\u00f6schgruppe Scharfenberg war danach im M\u00f6hnetal bei einer \u00fcbersp\u00fclten Stra\u00dfe im Einsatz. Die L\u00f6schgruppe Hoppecke wurde im Tagesverlauf dreimal nach Brilon-Wald alarmiert.\u2026","rel":"","context":"In &quot;Allgemein&quot;","block_context":{"text":"Allgemein","link":"https:\/\/www.feuerwehr-brilon.de\/?cat=1"},"img":{"alt_text":"","src":"https:\/\/i0.wp.com\/www.feuerwehr-brilon.de\/wp-up\/2019\/01\/Brilon-Wald-1-150x84.jpg?resize=350%2C200&ssl=1","width":350,"height":200},"classes":[]},{"id":16682,"url":"https:\/\/www.feuerwehr-brilon.de\/?p=16682","url_meta":{"origin":30032,"position":1},"title":"06.01. 08:45Uhr, Hilfeleistung, H0 Hochwasser,\u2026","author":"Andreas Becker","date":"6. Januar 2019","format":false,"excerpt":"06.01. 08:45Uhr, Hilfeleistung, H0 Hochwasser, Brilon Wald, Korbacher Stra\u00dfe, Stra\u00dfe \u00fcberflutet","rel":"","context":"In &quot;Alarmierungen&quot;","block_context":{"text":"Alarmierungen","link":"https:\/\/www.feuerwehr-brilon.de\/?cat=102"},"img":{"alt_text":"","src":"","width":0,"height":0},"classes":[]},{"id":31895,"url":"https:\/\/www.feuerwehr-brilon.de\/?p=31895","url_meta":{"origin":30032,"position":2},"title":"+++ Einsatz +++","author":"Andreas Becker","date":"25. Dezember 2023","format":false,"excerpt":"24.12. 19:39Uhr, Hilfeleistung, H0 Hochwasser, Brilon, Aam\u00fchlen, \u00dcberflutung","rel":"","context":"In &quot;Alarmierungen&quot;","block_context":{"text":"Alarmierungen","link":"https:\/\/www.feuerwehr-brilon.de\/?cat=102"},"img":{"alt_text":"","src":"https:\/\/i0.wp.com\/www.feuerwehr-brilon.de\/wp-up\/2023\/12\/IMG_2373_FB.jpg?resize=350%2C200&ssl=1","width":350,"height":200,"srcset":"https:\/\/i0.wp.com\/www.feuerwehr-brilon.de\/wp-up\/2023\/12\/IMG_2373_FB.jpg?resize=350%2C200&ssl=1 1x, https:\/\/i0.wp.com\/www.feuerwehr-brilon.de\/wp-up\/2023\/12\/IMG_2373_FB.jpg?resize=525%2C300&ssl=1 1.5x, https:\/\/i0.wp.com\/www.feuerwehr-brilon.de\/wp-up\/2023\/12\/IMG_2373_FB.jpg?resize=700%2C400&ssl=1 2x, https:\/\/i0.wp.com\/www.feuerwehr-brilon.de\/wp-up\/2023\/12\/IMG_2373_FB.jpg?resize=1050%2C600&ssl=1 3x"},"classes":[]},{"id":31925,"url":"https:\/\/www.feuerwehr-brilon.de\/?p=31925","url_meta":{"origin":30032,"position":3},"title":"+++ Einsatz +++","author":"Marcus Bange","date":"25. Dezember 2023","format":false,"excerpt":"25.12. 12:35Uhr, Hilfeleistung, H0 Hochwasser, Brilon, Aam\u00fchlen, \u00dcberflutung, 40-50 cm Wasser","rel":"","context":"In &quot;Alarmierungen&quot;","block_context":{"text":"Alarmierungen","link":"https:\/\/www.feuerwehr-brilon.de\/?cat=102"},"img":{"alt_text":"","src":"https:\/\/i0.wp.com\/www.feuerwehr-brilon.de\/wp-up\/2023\/12\/Hochwasser-Aatal.jpg?resize=350%2C200&ssl=1","width":350,"height":200,"srcset":"https:\/\/i0.wp.com\/www.feuerwehr-brilon.de\/wp-up\/2023\/12\/Hochwasser-Aatal.jpg?resize=350%2C200&ssl=1 1x, https:\/\/i0.wp.com\/www.feuerwehr-brilon.de\/wp-up\/2023\/12\/Hochwasser-Aatal.jpg?resize=525%2C300&ssl=1 1.5x, https:\/\/i0.wp.com\/www.feuerwehr-brilon.de\/wp-up\/2023\/12\/Hochwasser-Aatal.jpg?resize=700%2C400&ssl=1 2x"},"classes":[]},{"id":31929,"url":"https:\/\/www.feuerwehr-brilon.de\/?p=31929","url_meta":{"origin":30032,"position":4},"title":"+++ Einsatz +++","author":"Marcus Bange","date":"25. Dezember 2023","format":false,"excerpt":"25.12. 22:33Uhr, Hilfeleistung, H0 Hochwasser, Brilon, Aam\u00fchlen, \u00dcberflutung, Wasser droht in Geb\u00e4ude zu laufen","rel":"","context":"In &quot;Alarmierungen&quot;","block_context":{"text":"Alarmierungen","link":"https:\/\/www.feuerwehr-brilon.de\/?cat=102"},"img":{"alt_text":"","src":"https:\/\/i0.wp.com\/www.feuerwehr-brilon.de\/wp-up\/2023\/03\/sym_wasser-1.jpg?resize=350%2C200&ssl=1","width":350,"height":200,"srcset":"https:\/\/i0.wp.com\/www.feuerwehr-brilon.de\/wp-up\/2023\/03\/sym_wasser-1.jpg?resize=350%2C200&ssl=1 1x, https:\/\/i0.wp.com\/www.feuerwehr-brilon.de\/wp-up\/2023\/03\/sym_wasser-1.jpg?resize=525%2C300&ssl=1 1.5x, https:\/\/i0.wp.com\/www.feuerwehr-brilon.de\/wp-up\/2023\/03\/sym_wasser-1.jpg?resize=700%2C400&ssl=1 2x"},"classes":[]},{"id":31848,"url":"https:\/\/www.feuerwehr-brilon.de\/?p=31848","url_meta":{"origin":30032,"position":5},"title":"+++ Einsatz +++","author":"Andreas Becker","date":"24. Dezember 2023","format":false,"excerpt":"23.12. 19:16Uhr, Hilfeleistung, H0 Hochwasser, Th\u00fclen, Th\u00fclener Bruch, Keller unter Wasser","rel":"","context":"In &quot;Alarmierungen&quot;","block_context":{"text":"Alarmierungen","link":"https:\/\/www.feuerwehr-brilon.de\/?cat=102"},"img":{"alt_text":"","src":"https:\/\/i0.wp.com\/www.feuerwehr-brilon.de\/wp-up\/2023\/03\/sym_wasser-1.jpg?resize=350%2C200&ssl=1","width":350,"height":200,"srcset":"https:\/\/i0.wp.com\/www.feuerwehr-brilon.de\/wp-up\/2023\/03\/sym_wasser-1.jpg?resize=350%2C200&ssl=1 1x, https:\/\/i0.wp.com\/www.feuerwehr-brilon.de\/wp-up\/2023\/03\/sym_wasser-1.jpg?resize=525%2C300&ssl=1 1.5x, https:\/\/i0.wp.com\/www.feuerwehr-brilon.de\/wp-up\/2023\/03\/sym_wasser-1.jpg?resize=700%2C400&ssl=1 2x"},"classes":[]}],"_links":{"self":[{"href":"https:\/\/www.feuerwehr-brilon.de\/index.php?rest_route=\/wp\/v2\/posts\/30032","targetHints":{"allow":["GET"]}}],"collection":[{"href":"https:\/\/www.feuerwehr-brilon.de\/index.php?rest_route=\/wp\/v2\/posts"}],"about":[{"href":"https:\/\/www.feuerwehr-brilon.de\/index.php?rest_route=\/wp\/v2\/types\/post"}],"author":[{"embeddable":true,"href":"https:\/\/www.feuerwehr-brilon.de\/index.php?rest_route=\/wp\/v2\/users\/5"}],"replies":[{"embeddable":true,"href":"https:\/\/www.feuerwehr-brilon.de\/index.php?rest_route=%2Fwp%2Fv2%2Fcomments&post=30032"}],"version-history":[{"count":2,"href":"https:\/\/www.feuerwehr-brilon.de\/index.php?rest_route=\/wp\/v2\/posts\/30032\/revisions"}],"predecessor-version":[{"id":30044,"href":"https:\/\/www.feuerwehr-brilon.de\/index.php?rest_route=\/wp\/v2\/posts\/30032\/revisions\/30044"}],"wp:attachment":[{"href":"https:\/\/www.feuerwehr-brilon.de\/index.php?rest_route=%2Fwp%2Fv2%2Fmedia&parent=30032"}],"wp:term":[{"taxonomy":"category","embeddable":true,"href":"https:\/\/www.feuerwehr-brilon.de\/index.php?rest_route=%2Fwp%2Fv2%2Fcategories&post=30032"},{"taxonomy":"post_tag","embeddable":true,"href":"https:\/\/www.feuerwehr-brilon.de\/index.php?rest_route=%2Fwp%2Fv2%2Ftags&post=30032"}],"curies":[{"name":"wp","href":"https:\/\/api.w.org\/{rel}","templated":true}]}}