{"id":30078,"date":"2022-08-05T12:56:45","date_gmt":"2022-08-05T10:56:45","guid":{"rendered":"https:\/\/www.feuerwehr-brilon.de\/?p=30078"},"modified":"2022-08-05T12:58:04","modified_gmt":"2022-08-05T10:58:04","slug":"einsatz-597","status":"publish","type":"post","link":"https:\/\/www.feuerwehr-brilon.de\/?p=30078","title":{"rendered":"+++ Einsatz +++"},"content":{"rendered":"<p>05.08. 10:05Uhr, Brandeinsatz, F3, Brilon, Gartenstra\u00dfe, brennt Trockner<\/p>\n","protected":false},"excerpt":{"rendered":"<p>05.08. 10:05Uhr, Brandeinsatz, F3, Brilon, Gartenstra\u00dfe, brennt Trockner<\/p>\n","protected":false},"author":8,"featured_media":30080,"comment_status":"closed","ping_status":"closed","sticky":false,"template":"","format":"standard","meta":{"_exactmetrics_skip_tracking":false,"_exactmetrics_sitenote_active":false,"_exactmetrics_sitenote_note":"","_exactmetrics_sitenote_category":0,"jetpack_post_was_ever_published":false,"_jetpack_newsletter_access":"","_jetpack_dont_email_post_to_subs":false,"_jetpack_newsletter_tier_id":0,"_jetpack_memberships_contains_paywalled_content":false,"_jetpack_memberships_contains_paid_content":false,"footnotes":""},"categories":[102],"tags":[],"class_list":["post-30078","post","type-post","status-publish","format-standard","has-post-thumbnail","hentry","category-alarmierungen"],"jetpack_featured_media_url":"https:\/\/www.feuerwehr-brilon.de\/wp-up\/2022\/08\/ezy-watermark_05-08-2022_12-56-37pm.jpg","jetpack_shortlink":"https:\/\/wp.me\/pCIJa-7P8","jetpack_sharing_enabled":true,"jetpack-related-posts":[{"id":31413,"url":"https:\/\/www.feuerwehr-brilon.de\/?p=31413","url_meta":{"origin":30078,"position":0},"title":"+++ Einsatz +++","author":"Andreas Becker","date":"9. August 2023","format":false,"excerpt":"05.08. 08:31Uhr, Brandeinsatz, F0, Brilon, Hinterm Friedhof, brennt M\u00fclltonne","rel":"","context":"In &quot;Alarmierungen&quot;","block_context":{"text":"Alarmierungen","link":"https:\/\/www.feuerwehr-brilon.de\/?cat=102"},"img":{"alt_text":"","src":"https:\/\/i0.wp.com\/www.feuerwehr-brilon.de\/wp-up\/2023\/03\/sym_HLF-2.jpg?resize=350%2C200&ssl=1","width":350,"height":200,"srcset":"https:\/\/i0.wp.com\/www.feuerwehr-brilon.de\/wp-up\/2023\/03\/sym_HLF-2.jpg?resize=350%2C200&ssl=1 1x, https:\/\/i0.wp.com\/www.feuerwehr-brilon.de\/wp-up\/2023\/03\/sym_HLF-2.jpg?resize=525%2C300&ssl=1 1.5x, https:\/\/i0.wp.com\/www.feuerwehr-brilon.de\/wp-up\/2023\/03\/sym_HLF-2.jpg?resize=700%2C400&ssl=1 2x"},"classes":[]},{"id":30302,"url":"https:\/\/www.feuerwehr-brilon.de\/?p=30302","url_meta":{"origin":30078,"position":1},"title":"+++ Einsatz +++","author":"Andreas Becker","date":"1. November 2022","format":false,"excerpt":"01.11. 08:27Uhr, Brandeinsatz, F1 Kfz, Brilon, Gartenstra\u00dfe, brennt PKW","rel":"","context":"In &quot;Alarmierungen&quot;","block_context":{"text":"Alarmierungen","link":"https:\/\/www.feuerwehr-brilon.de\/?cat=102"},"img":{"alt_text":"","src":"https:\/\/i0.wp.com\/www.feuerwehr-brilon.de\/wp-up\/2022\/08\/ticker.jpg?resize=350%2C200&ssl=1","width":350,"height":200,"srcset":"https:\/\/i0.wp.com\/www.feuerwehr-brilon.de\/wp-up\/2022\/08\/ticker.jpg?resize=350%2C200&ssl=1 1x, https:\/\/i0.wp.com\/www.feuerwehr-brilon.de\/wp-up\/2022\/08\/ticker.jpg?resize=525%2C300&ssl=1 1.5x"},"classes":[]},{"id":32049,"url":"https:\/\/www.feuerwehr-brilon.de\/?p=32049","url_meta":{"origin":30078,"position":2},"title":"+++ Einsatz +++","author":"Andreas Becker","date":"2. Februar 2024","format":false,"excerpt":"01.02. 16:05Uhr, Brandeinsatz, F1, Brilon, M\u00f6hnestra\u00dfe, brennt M\u00fcllcontainer","rel":"","context":"In &quot;Alarmierungen&quot;","block_context":{"text":"Alarmierungen","link":"https:\/\/www.feuerwehr-brilon.de\/?cat=102"},"img":{"alt_text":"","src":"https:\/\/i0.wp.com\/www.feuerwehr-brilon.de\/wp-up\/2024\/02\/240201_161601_Moehnestrasse_Container_FB.jpg?resize=350%2C200&ssl=1","width":350,"height":200,"srcset":"https:\/\/i0.wp.com\/www.feuerwehr-brilon.de\/wp-up\/2024\/02\/240201_161601_Moehnestrasse_Container_FB.jpg?resize=350%2C200&ssl=1 1x, https:\/\/i0.wp.com\/www.feuerwehr-brilon.de\/wp-up\/2024\/02\/240201_161601_Moehnestrasse_Container_FB.jpg?resize=525%2C300&ssl=1 1.5x, https:\/\/i0.wp.com\/www.feuerwehr-brilon.de\/wp-up\/2024\/02\/240201_161601_Moehnestrasse_Container_FB.jpg?resize=700%2C400&ssl=1 2x, https:\/\/i0.wp.com\/www.feuerwehr-brilon.de\/wp-up\/2024\/02\/240201_161601_Moehnestrasse_Container_FB.jpg?resize=1050%2C600&ssl=1 3x"},"classes":[]},{"id":33009,"url":"https:\/\/www.feuerwehr-brilon.de\/?p=33009","url_meta":{"origin":30078,"position":3},"title":"+++ Einsatz +++","author":"Andreas Becker","date":"1. Dezember 2024","format":false,"excerpt":"01.12. 12:05Uhr, Brandeinsatz, F3 BMA, Brilon, Bahnhofstra\u00dfe, autom. BMA","rel":"","context":"In &quot;Alarmierungen&quot;","block_context":{"text":"Alarmierungen","link":"https:\/\/www.feuerwehr-brilon.de\/?cat=102"},"img":{"alt_text":"","src":"","width":0,"height":0},"classes":[]},{"id":30464,"url":"https:\/\/www.feuerwehr-brilon.de\/?p=30464","url_meta":{"origin":30078,"position":4},"title":"+++ Einsatz +++","author":"Andreas Becker","date":"7. Dezember 2022","format":false,"excerpt":"07.12. 10:25Uhr, Brandeinsatz, F3 Kfz, Brilon, Almerfeldweg, brennt LKW","rel":"","context":"In &quot;Alarmierungen&quot;","block_context":{"text":"Alarmierungen","link":"https:\/\/www.feuerwehr-brilon.de\/?cat=102"},"img":{"alt_text":"","src":"https:\/\/i0.wp.com\/www.feuerwehr-brilon.de\/wp-up\/2022\/08\/ticker.jpg?resize=350%2C200&ssl=1","width":350,"height":200,"srcset":"https:\/\/i0.wp.com\/www.feuerwehr-brilon.de\/wp-up\/2022\/08\/ticker.jpg?resize=350%2C200&ssl=1 1x, https:\/\/i0.wp.com\/www.feuerwehr-brilon.de\/wp-up\/2022\/08\/ticker.jpg?resize=525%2C300&ssl=1 1.5x"},"classes":[]},{"id":29899,"url":"https:\/\/www.feuerwehr-brilon.de\/?p=29899","url_meta":{"origin":30078,"position":5},"title":"+++ Einsatz +++","author":"Andreas Becker","date":"28. Juni 2022","format":false,"excerpt":"28.06. 00:05Uhr, Brandeinsatz, F2, R\u00f6senbeck, Altenfilsstra\u00dfe, brennt Gartenh\u00fctte","rel":"","context":"In &quot;Alarmierungen&quot;","block_context":{"text":"Alarmierungen","link":"https:\/\/www.feuerwehr-brilon.de\/?cat=102"},"img":{"alt_text":"","src":"","width":0,"height":0},"classes":[]}],"_links":{"self":[{"href":"https:\/\/www.feuerwehr-brilon.de\/index.php?rest_route=\/wp\/v2\/posts\/30078","targetHints":{"allow":["GET"]}}],"collection":[{"href":"https:\/\/www.feuerwehr-brilon.de\/index.php?rest_route=\/wp\/v2\/posts"}],"about":[{"href":"https:\/\/www.feuerwehr-brilon.de\/index.php?rest_route=\/wp\/v2\/types\/post"}],"author":[{"embeddable":true,"href":"https:\/\/www.feuerwehr-brilon.de\/index.php?rest_route=\/wp\/v2\/users\/8"}],"replies":[{"embeddable":true,"href":"https:\/\/www.feuerwehr-brilon.de\/index.php?rest_route=%2Fwp%2Fv2%2Fcomments&post=30078"}],"version-history":[{"count":1,"href":"https:\/\/www.feuerwehr-brilon.de\/index.php?rest_route=\/wp\/v2\/posts\/30078\/revisions"}],"predecessor-version":[{"id":30079,"href":"https:\/\/www.feuerwehr-brilon.de\/index.php?rest_route=\/wp\/v2\/posts\/30078\/revisions\/30079"}],"wp:featuredmedia":[{"embeddable":true,"href":"https:\/\/www.feuerwehr-brilon.de\/index.php?rest_route=\/wp\/v2\/media\/30080"}],"wp:attachment":[{"href":"https:\/\/www.feuerwehr-brilon.de\/index.php?rest_route=%2Fwp%2Fv2%2Fmedia&parent=30078"}],"wp:term":[{"taxonomy":"category","embeddable":true,"href":"https:\/\/www.feuerwehr-brilon.de\/index.php?rest_route=%2Fwp%2Fv2%2Fcategories&post=30078"},{"taxonomy":"post_tag","embeddable":true,"href":"https:\/\/www.feuerwehr-brilon.de\/index.php?rest_route=%2Fwp%2Fv2%2Ftags&post=30078"}],"curies":[{"name":"wp","href":"https:\/\/api.w.org\/{rel}","templated":true}]}}