{"id":30092,"date":"2022-08-09T13:06:00","date_gmt":"2022-08-09T11:06:00","guid":{"rendered":"https:\/\/www.feuerwehr-brilon.de\/?p=30092"},"modified":"2022-08-09T08:13:28","modified_gmt":"2022-08-09T06:13:28","slug":"einsatz-598","status":"publish","type":"post","link":"https:\/\/www.feuerwehr-brilon.de\/?p=30092","title":{"rendered":"+++ Einsatz +++"},"content":{"rendered":"<p>06.08. 01:27Uhr, Hilfeleistung, H0 \u00d6lspur, Th\u00fclen, B7, \u00d6lspur<\/p>\n","protected":false},"excerpt":{"rendered":"<p>06.08. 01:27Uhr, Hilfeleistung, H0 \u00d6lspur, Th\u00fclen, B7, \u00d6lspur<\/p>\n","protected":false},"author":8,"featured_media":22169,"comment_status":"closed","ping_status":"closed","sticky":false,"template":"","format":"standard","meta":{"_exactmetrics_skip_tracking":false,"_exactmetrics_sitenote_active":false,"_exactmetrics_sitenote_note":"","_exactmetrics_sitenote_category":0,"jetpack_post_was_ever_published":false,"_jetpack_newsletter_access":"","_jetpack_dont_email_post_to_subs":false,"_jetpack_newsletter_tier_id":0,"_jetpack_memberships_contains_paywalled_content":false,"_jetpack_memberships_contains_paid_content":false,"footnotes":""},"categories":[102],"tags":[],"class_list":["post-30092","post","type-post","status-publish","format-standard","has-post-thumbnail","hentry","category-alarmierungen"],"jetpack_featured_media_url":"https:\/\/www.feuerwehr-brilon.de\/wp-up\/2020\/02\/Oelspur.jpg","jetpack_shortlink":"https:\/\/wp.me\/pCIJa-7Pm","jetpack_sharing_enabled":true,"jetpack-related-posts":[{"id":30094,"url":"https:\/\/www.feuerwehr-brilon.de\/?p=30094","url_meta":{"origin":30092,"position":0},"title":"+++ Einsatz +++","author":"Andreas Becker","date":"9. August 2022","format":false,"excerpt":"08.08. 16:48Uhr, Hilfeleistung, H0 \u00d6lspur, Th\u00fclen, B7, \u00d6lspur","rel":"","context":"In &quot;Alarmierungen&quot;","block_context":{"text":"Alarmierungen","link":"https:\/\/www.feuerwehr-brilon.de\/?cat=102"},"img":{"alt_text":"","src":"https:\/\/i0.wp.com\/www.feuerwehr-brilon.de\/wp-up\/2020\/02\/Oelspur.jpg?resize=350%2C200&ssl=1","width":350,"height":200,"srcset":"https:\/\/i0.wp.com\/www.feuerwehr-brilon.de\/wp-up\/2020\/02\/Oelspur.jpg?resize=350%2C200&ssl=1 1x, https:\/\/i0.wp.com\/www.feuerwehr-brilon.de\/wp-up\/2020\/02\/Oelspur.jpg?resize=525%2C300&ssl=1 1.5x"},"classes":[]},{"id":33874,"url":"https:\/\/www.feuerwehr-brilon.de\/?p=33874","url_meta":{"origin":30092,"position":1},"title":"+++ Einsatz +++","author":"Andreas Becker","date":"10. Oktober 2025","format":false,"excerpt":"08.10. 07:24Uhr, Hilfeleistung, H0 \u00d6lspur, Th\u00fclen, B7 - Th\u00fclener Kreuz, \u00d6lspur","rel":"","context":"In &quot;Alarmierungen&quot;","block_context":{"text":"Alarmierungen","link":"https:\/\/www.feuerwehr-brilon.de\/?cat=102"},"img":{"alt_text":"","src":"","width":0,"height":0},"classes":[]},{"id":23571,"url":"https:\/\/www.feuerwehr-brilon.de\/?p=23571","url_meta":{"origin":30092,"position":2},"title":"+++ Einsatz +++","author":"Andreas Becker","date":"24. Juni 2021","format":false,"excerpt":"23.06. 18:57Uhr, Hilfeleistung, H0 \u00d6lspur, Th\u00fclen, B7, ca. 150m \u00d6lspur","rel":"","context":"In &quot;Alarmierungen&quot;","block_context":{"text":"Alarmierungen","link":"https:\/\/www.feuerwehr-brilon.de\/?cat=102"},"img":{"alt_text":"","src":"https:\/\/i0.wp.com\/www.feuerwehr-brilon.de\/wp-up\/2020\/02\/Oelspur.jpg?resize=350%2C200&ssl=1","width":350,"height":200,"srcset":"https:\/\/i0.wp.com\/www.feuerwehr-brilon.de\/wp-up\/2020\/02\/Oelspur.jpg?resize=350%2C200&ssl=1 1x, https:\/\/i0.wp.com\/www.feuerwehr-brilon.de\/wp-up\/2020\/02\/Oelspur.jpg?resize=525%2C300&ssl=1 1.5x"},"classes":[]},{"id":32080,"url":"https:\/\/www.feuerwehr-brilon.de\/?p=32080","url_meta":{"origin":30092,"position":3},"title":"+++ Einsatz +++","author":"Andreas Becker","date":"13. Februar 2024","format":false,"excerpt":"13.02. 07:27Uhr, Hilfeleistung, H0 \u00d6lspur, R\u00f6senbeck, Altenfilsstr., \u00d6lspur","rel":"","context":"In &quot;Alarmierungen&quot;","block_context":{"text":"Alarmierungen","link":"https:\/\/www.feuerwehr-brilon.de\/?cat=102"},"img":{"alt_text":"","src":"https:\/\/i0.wp.com\/www.feuerwehr-brilon.de\/wp-up\/2022\/10\/sym_Oelspur_.jpg?resize=350%2C200&ssl=1","width":350,"height":200,"srcset":"https:\/\/i0.wp.com\/www.feuerwehr-brilon.de\/wp-up\/2022\/10\/sym_Oelspur_.jpg?resize=350%2C200&ssl=1 1x, https:\/\/i0.wp.com\/www.feuerwehr-brilon.de\/wp-up\/2022\/10\/sym_Oelspur_.jpg?resize=525%2C300&ssl=1 1.5x, https:\/\/i0.wp.com\/www.feuerwehr-brilon.de\/wp-up\/2022\/10\/sym_Oelspur_.jpg?resize=700%2C400&ssl=1 2x"},"classes":[]},{"id":32531,"url":"https:\/\/www.feuerwehr-brilon.de\/?p=32531","url_meta":{"origin":30092,"position":4},"title":"+++ Einsatz +++","author":"Andreas Becker","date":"28. Juni 2024","format":false,"excerpt":"28.06. 13:27Uhr, Hilfeleistung, H0 \u00d6lspur, Petersborn, Am Haidkn\u00fcckel, \u00d6lspur","rel":"","context":"In &quot;Alarmierungen&quot;","block_context":{"text":"Alarmierungen","link":"https:\/\/www.feuerwehr-brilon.de\/?cat=102"},"img":{"alt_text":"","src":"https:\/\/i0.wp.com\/www.feuerwehr-brilon.de\/wp-up\/2024\/06\/20240628_135054_FB.jpg?resize=350%2C200&ssl=1","width":350,"height":200,"srcset":"https:\/\/i0.wp.com\/www.feuerwehr-brilon.de\/wp-up\/2024\/06\/20240628_135054_FB.jpg?resize=350%2C200&ssl=1 1x, https:\/\/i0.wp.com\/www.feuerwehr-brilon.de\/wp-up\/2024\/06\/20240628_135054_FB.jpg?resize=525%2C300&ssl=1 1.5x, https:\/\/i0.wp.com\/www.feuerwehr-brilon.de\/wp-up\/2024\/06\/20240628_135054_FB.jpg?resize=700%2C400&ssl=1 2x, https:\/\/i0.wp.com\/www.feuerwehr-brilon.de\/wp-up\/2024\/06\/20240628_135054_FB.jpg?resize=1050%2C600&ssl=1 3x"},"classes":[]},{"id":32565,"url":"https:\/\/www.feuerwehr-brilon.de\/?p=32565","url_meta":{"origin":30092,"position":5},"title":"+++ Einsatz +++","author":"Andreas Becker","date":"10. Juli 2024","format":false,"excerpt":"10.07. 16:27Uhr, Hilfeleistung, H0 \u00d6lspur, Alme, W\u00fcnnenberger Stra\u00dfe, \u00d6lspur","rel":"","context":"In &quot;Alarmierungen&quot;","block_context":{"text":"Alarmierungen","link":"https:\/\/www.feuerwehr-brilon.de\/?cat=102"},"img":{"alt_text":"","src":"https:\/\/i0.wp.com\/www.feuerwehr-brilon.de\/wp-up\/2024\/06\/Oel_sym.jpg?resize=350%2C200&ssl=1","width":350,"height":200,"srcset":"https:\/\/i0.wp.com\/www.feuerwehr-brilon.de\/wp-up\/2024\/06\/Oel_sym.jpg?resize=350%2C200&ssl=1 1x, https:\/\/i0.wp.com\/www.feuerwehr-brilon.de\/wp-up\/2024\/06\/Oel_sym.jpg?resize=525%2C300&ssl=1 1.5x, https:\/\/i0.wp.com\/www.feuerwehr-brilon.de\/wp-up\/2024\/06\/Oel_sym.jpg?resize=700%2C400&ssl=1 2x, https:\/\/i0.wp.com\/www.feuerwehr-brilon.de\/wp-up\/2024\/06\/Oel_sym.jpg?resize=1050%2C600&ssl=1 3x"},"classes":[]}],"_links":{"self":[{"href":"https:\/\/www.feuerwehr-brilon.de\/index.php?rest_route=\/wp\/v2\/posts\/30092","targetHints":{"allow":["GET"]}}],"collection":[{"href":"https:\/\/www.feuerwehr-brilon.de\/index.php?rest_route=\/wp\/v2\/posts"}],"about":[{"href":"https:\/\/www.feuerwehr-brilon.de\/index.php?rest_route=\/wp\/v2\/types\/post"}],"author":[{"embeddable":true,"href":"https:\/\/www.feuerwehr-brilon.de\/index.php?rest_route=\/wp\/v2\/users\/8"}],"replies":[{"embeddable":true,"href":"https:\/\/www.feuerwehr-brilon.de\/index.php?rest_route=%2Fwp%2Fv2%2Fcomments&post=30092"}],"version-history":[{"count":1,"href":"https:\/\/www.feuerwehr-brilon.de\/index.php?rest_route=\/wp\/v2\/posts\/30092\/revisions"}],"predecessor-version":[{"id":30096,"href":"https:\/\/www.feuerwehr-brilon.de\/index.php?rest_route=\/wp\/v2\/posts\/30092\/revisions\/30096"}],"wp:featuredmedia":[{"embeddable":true,"href":"https:\/\/www.feuerwehr-brilon.de\/index.php?rest_route=\/wp\/v2\/media\/22169"}],"wp:attachment":[{"href":"https:\/\/www.feuerwehr-brilon.de\/index.php?rest_route=%2Fwp%2Fv2%2Fmedia&parent=30092"}],"wp:term":[{"taxonomy":"category","embeddable":true,"href":"https:\/\/www.feuerwehr-brilon.de\/index.php?rest_route=%2Fwp%2Fv2%2Fcategories&post=30092"},{"taxonomy":"post_tag","embeddable":true,"href":"https:\/\/www.feuerwehr-brilon.de\/index.php?rest_route=%2Fwp%2Fv2%2Ftags&post=30092"}],"curies":[{"name":"wp","href":"https:\/\/api.w.org\/{rel}","templated":true}]}}