{"id":30094,"date":"2022-08-09T13:10:00","date_gmt":"2022-08-09T11:10:00","guid":{"rendered":"https:\/\/www.feuerwehr-brilon.de\/?p=30094"},"modified":"2022-08-09T08:14:00","modified_gmt":"2022-08-09T06:14:00","slug":"einsatz-600","status":"publish","type":"post","link":"https:\/\/www.feuerwehr-brilon.de\/?p=30094","title":{"rendered":"+++ Einsatz +++"},"content":{"rendered":"<p>08.08. 16:48Uhr, Hilfeleistung, H0 \u00d6lspur, Th\u00fclen, B7, \u00d6lspur<\/p>\n","protected":false},"excerpt":{"rendered":"<p>08.08. 16:48Uhr, Hilfeleistung, H0 \u00d6lspur, Th\u00fclen, B7, \u00d6lspur<\/p>\n","protected":false},"author":8,"featured_media":22169,"comment_status":"closed","ping_status":"closed","sticky":false,"template":"","format":"standard","meta":{"_exactmetrics_skip_tracking":false,"_exactmetrics_sitenote_active":false,"_exactmetrics_sitenote_note":"","_exactmetrics_sitenote_category":0,"jetpack_post_was_ever_published":false,"_jetpack_newsletter_access":"","_jetpack_dont_email_post_to_subs":false,"_jetpack_newsletter_tier_id":0,"_jetpack_memberships_contains_paywalled_content":false,"_jetpack_memberships_contains_paid_content":false,"footnotes":""},"categories":[102],"tags":[],"class_list":["post-30094","post","type-post","status-publish","format-standard","has-post-thumbnail","hentry","category-alarmierungen"],"jetpack_featured_media_url":"https:\/\/www.feuerwehr-brilon.de\/wp-up\/2020\/02\/Oelspur.jpg","jetpack_shortlink":"https:\/\/wp.me\/pCIJa-7Po","jetpack_sharing_enabled":true,"jetpack-related-posts":[{"id":30092,"url":"https:\/\/www.feuerwehr-brilon.de\/?p=30092","url_meta":{"origin":30094,"position":0},"title":"+++ Einsatz +++","author":"Andreas Becker","date":"9. August 2022","format":false,"excerpt":"06.08. 01:27Uhr, Hilfeleistung, H0 \u00d6lspur, Th\u00fclen, B7, \u00d6lspur","rel":"","context":"In &quot;Alarmierungen&quot;","block_context":{"text":"Alarmierungen","link":"https:\/\/www.feuerwehr-brilon.de\/?cat=102"},"img":{"alt_text":"","src":"https:\/\/i0.wp.com\/www.feuerwehr-brilon.de\/wp-up\/2020\/02\/Oelspur.jpg?resize=350%2C200&ssl=1","width":350,"height":200,"srcset":"https:\/\/i0.wp.com\/www.feuerwehr-brilon.de\/wp-up\/2020\/02\/Oelspur.jpg?resize=350%2C200&ssl=1 1x, https:\/\/i0.wp.com\/www.feuerwehr-brilon.de\/wp-up\/2020\/02\/Oelspur.jpg?resize=525%2C300&ssl=1 1.5x"},"classes":[]},{"id":33874,"url":"https:\/\/www.feuerwehr-brilon.de\/?p=33874","url_meta":{"origin":30094,"position":1},"title":"+++ Einsatz +++","author":"Andreas Becker","date":"10. Oktober 2025","format":false,"excerpt":"08.10. 07:24Uhr, Hilfeleistung, H0 \u00d6lspur, Th\u00fclen, B7 - Th\u00fclener Kreuz, \u00d6lspur","rel":"","context":"In &quot;Alarmierungen&quot;","block_context":{"text":"Alarmierungen","link":"https:\/\/www.feuerwehr-brilon.de\/?cat=102"},"img":{"alt_text":"","src":"","width":0,"height":0},"classes":[]},{"id":23571,"url":"https:\/\/www.feuerwehr-brilon.de\/?p=23571","url_meta":{"origin":30094,"position":2},"title":"+++ Einsatz +++","author":"Andreas Becker","date":"24. Juni 2021","format":false,"excerpt":"23.06. 18:57Uhr, Hilfeleistung, H0 \u00d6lspur, Th\u00fclen, B7, ca. 150m \u00d6lspur","rel":"","context":"In &quot;Alarmierungen&quot;","block_context":{"text":"Alarmierungen","link":"https:\/\/www.feuerwehr-brilon.de\/?cat=102"},"img":{"alt_text":"","src":"https:\/\/i0.wp.com\/www.feuerwehr-brilon.de\/wp-up\/2020\/02\/Oelspur.jpg?resize=350%2C200&ssl=1","width":350,"height":200,"srcset":"https:\/\/i0.wp.com\/www.feuerwehr-brilon.de\/wp-up\/2020\/02\/Oelspur.jpg?resize=350%2C200&ssl=1 1x, https:\/\/i0.wp.com\/www.feuerwehr-brilon.de\/wp-up\/2020\/02\/Oelspur.jpg?resize=525%2C300&ssl=1 1.5x"},"classes":[]},{"id":32619,"url":"https:\/\/www.feuerwehr-brilon.de\/?p=32619","url_meta":{"origin":30094,"position":3},"title":"+++ Einsatz +++","author":"Marcus Bange","date":"18. Juli 2024","format":false,"excerpt":"17.07. 17:48Uhr, Hilfeleistung, H0 \u00d6lspur, R\u00f6senbeck, Steinborn B7 H\u00f6he Sportplatz, Stra\u00dfenverunreinigung durch Betriebsmittel","rel":"","context":"In &quot;Alarmierungen&quot;","block_context":{"text":"Alarmierungen","link":"https:\/\/www.feuerwehr-brilon.de\/?cat=102"},"img":{"alt_text":"","src":"https:\/\/i0.wp.com\/www.feuerwehr-brilon.de\/wp-up\/2012\/10\/tsfw_roes_3_.jpg?resize=350%2C200&ssl=1","width":350,"height":200,"srcset":"https:\/\/i0.wp.com\/www.feuerwehr-brilon.de\/wp-up\/2012\/10\/tsfw_roes_3_.jpg?resize=350%2C200&ssl=1 1x, https:\/\/i0.wp.com\/www.feuerwehr-brilon.de\/wp-up\/2012\/10\/tsfw_roes_3_.jpg?resize=525%2C300&ssl=1 1.5x, https:\/\/i0.wp.com\/www.feuerwehr-brilon.de\/wp-up\/2012\/10\/tsfw_roes_3_.jpg?resize=700%2C400&ssl=1 2x"},"classes":[]},{"id":33011,"url":"https:\/\/www.feuerwehr-brilon.de\/?p=33011","url_meta":{"origin":30094,"position":4},"title":"+++ Einsatz +++","author":"Andreas Becker","date":"4. Dezember 2024","format":false,"excerpt":"04.12. 16:56Uhr, Hilfeleistung, H0 \u00d6lspur, Th\u00fclen, Am Stemmel, \u00d6lspur","rel":"","context":"In &quot;Alarmierungen&quot;","block_context":{"text":"Alarmierungen","link":"https:\/\/www.feuerwehr-brilon.de\/?cat=102"},"img":{"alt_text":"","src":"","width":0,"height":0},"classes":[]},{"id":32362,"url":"https:\/\/www.feuerwehr-brilon.de\/?p=32362","url_meta":{"origin":30094,"position":5},"title":"+++ Einsatz +++","author":"Andreas Becker","date":"11. Mai 2024","format":false,"excerpt":"10.05. 17:48Uhr, Hilfeleistung, H0 \u00d6lspur, Brilon, Wittekindstra\u00dfe, \u00d6lspur","rel":"","context":"In &quot;Alarmierungen&quot;","block_context":{"text":"Alarmierungen","link":"https:\/\/www.feuerwehr-brilon.de\/?cat=102"},"img":{"alt_text":"","src":"https:\/\/i0.wp.com\/www.feuerwehr-brilon.de\/wp-up\/2024\/05\/240510_Oelspur_Brilon_FB.jpg?resize=350%2C200&ssl=1","width":350,"height":200,"srcset":"https:\/\/i0.wp.com\/www.feuerwehr-brilon.de\/wp-up\/2024\/05\/240510_Oelspur_Brilon_FB.jpg?resize=350%2C200&ssl=1 1x, https:\/\/i0.wp.com\/www.feuerwehr-brilon.de\/wp-up\/2024\/05\/240510_Oelspur_Brilon_FB.jpg?resize=525%2C300&ssl=1 1.5x, https:\/\/i0.wp.com\/www.feuerwehr-brilon.de\/wp-up\/2024\/05\/240510_Oelspur_Brilon_FB.jpg?resize=700%2C400&ssl=1 2x, https:\/\/i0.wp.com\/www.feuerwehr-brilon.de\/wp-up\/2024\/05\/240510_Oelspur_Brilon_FB.jpg?resize=1050%2C600&ssl=1 3x"},"classes":[]}],"_links":{"self":[{"href":"https:\/\/www.feuerwehr-brilon.de\/index.php?rest_route=\/wp\/v2\/posts\/30094","targetHints":{"allow":["GET"]}}],"collection":[{"href":"https:\/\/www.feuerwehr-brilon.de\/index.php?rest_route=\/wp\/v2\/posts"}],"about":[{"href":"https:\/\/www.feuerwehr-brilon.de\/index.php?rest_route=\/wp\/v2\/types\/post"}],"author":[{"embeddable":true,"href":"https:\/\/www.feuerwehr-brilon.de\/index.php?rest_route=\/wp\/v2\/users\/8"}],"replies":[{"embeddable":true,"href":"https:\/\/www.feuerwehr-brilon.de\/index.php?rest_route=%2Fwp%2Fv2%2Fcomments&post=30094"}],"version-history":[{"count":1,"href":"https:\/\/www.feuerwehr-brilon.de\/index.php?rest_route=\/wp\/v2\/posts\/30094\/revisions"}],"predecessor-version":[{"id":30097,"href":"https:\/\/www.feuerwehr-brilon.de\/index.php?rest_route=\/wp\/v2\/posts\/30094\/revisions\/30097"}],"wp:featuredmedia":[{"embeddable":true,"href":"https:\/\/www.feuerwehr-brilon.de\/index.php?rest_route=\/wp\/v2\/media\/22169"}],"wp:attachment":[{"href":"https:\/\/www.feuerwehr-brilon.de\/index.php?rest_route=%2Fwp%2Fv2%2Fmedia&parent=30094"}],"wp:term":[{"taxonomy":"category","embeddable":true,"href":"https:\/\/www.feuerwehr-brilon.de\/index.php?rest_route=%2Fwp%2Fv2%2Fcategories&post=30094"},{"taxonomy":"post_tag","embeddable":true,"href":"https:\/\/www.feuerwehr-brilon.de\/index.php?rest_route=%2Fwp%2Fv2%2Ftags&post=30094"}],"curies":[{"name":"wp","href":"https:\/\/api.w.org\/{rel}","templated":true}]}}