{"id":30122,"date":"2022-08-15T22:08:36","date_gmt":"2022-08-15T20:08:36","guid":{"rendered":"https:\/\/www.feuerwehr-brilon.de\/?p=30122"},"modified":"2022-08-15T22:08:36","modified_gmt":"2022-08-15T20:08:36","slug":"einsatz-607","status":"publish","type":"post","link":"https:\/\/www.feuerwehr-brilon.de\/?p=30122","title":{"rendered":"+++ Einsatz +++"},"content":{"rendered":"<p>15.08. 19:14Uhr, Hilfeleistung, H0 T\u00fcr, Gudenhagen, Gudenhagener Allee, Aufzugsnotbefreiung<\/p>\n","protected":false},"excerpt":{"rendered":"<p>15.08. 19:14Uhr, Hilfeleistung, H0 T\u00fcr, Gudenhagen, Gudenhagener Allee, Aufzugsnotbefreiung<\/p>\n","protected":false},"author":8,"featured_media":22686,"comment_status":"closed","ping_status":"closed","sticky":false,"template":"","format":"standard","meta":{"_exactmetrics_skip_tracking":false,"_exactmetrics_sitenote_active":false,"_exactmetrics_sitenote_note":"","_exactmetrics_sitenote_category":0,"jetpack_post_was_ever_published":false,"_jetpack_newsletter_access":"","_jetpack_dont_email_post_to_subs":false,"_jetpack_newsletter_tier_id":0,"_jetpack_memberships_contains_paywalled_content":false,"_jetpack_memberships_contains_paid_content":false,"footnotes":""},"categories":[102],"tags":[],"class_list":["post-30122","post","type-post","status-publish","format-standard","has-post-thumbnail","hentry","category-alarmierungen"],"jetpack_featured_media_url":"https:\/\/www.feuerwehr-brilon.de\/wp-up\/2020\/08\/Tueroeffnung.jpg","jetpack_shortlink":"https:\/\/wp.me\/pCIJa-7PQ","jetpack_sharing_enabled":true,"jetpack-related-posts":[{"id":30462,"url":"https:\/\/www.feuerwehr-brilon.de\/?p=30462","url_meta":{"origin":30122,"position":0},"title":"+++ Einsatz +++","author":"Andreas Becker","date":"4. Dezember 2022","format":false,"excerpt":"04.12. 14:49Uhr, Hilfeleistung, H0 T\u00fcr, Gudenhagen, Gudenhagener Allee, Aufzugsnotbefreiung","rel":"","context":"In &quot;Alarmierungen&quot;","block_context":{"text":"Alarmierungen","link":"https:\/\/www.feuerwehr-brilon.de\/?cat=102"},"img":{"alt_text":"","src":"https:\/\/i0.wp.com\/www.feuerwehr-brilon.de\/wp-up\/2022\/08\/ticker.jpg?resize=350%2C200&ssl=1","width":350,"height":200,"srcset":"https:\/\/i0.wp.com\/www.feuerwehr-brilon.de\/wp-up\/2022\/08\/ticker.jpg?resize=350%2C200&ssl=1 1x, https:\/\/i0.wp.com\/www.feuerwehr-brilon.de\/wp-up\/2022\/08\/ticker.jpg?resize=525%2C300&ssl=1 1.5x"},"classes":[]},{"id":31696,"url":"https:\/\/www.feuerwehr-brilon.de\/?p=31696","url_meta":{"origin":30122,"position":1},"title":"+++ Einsatz +++","author":"Andreas Becker","date":"2. November 2023","format":false,"excerpt":"02.11. 08:51Uhr, Hilfeleistung, H0 Sturm, Gudenhagen, Gudenhagener Allee, Baum auf Fahrbahn","rel":"","context":"In &quot;Alarmierungen&quot;","block_context":{"text":"Alarmierungen","link":"https:\/\/www.feuerwehr-brilon.de\/?cat=102"},"img":{"alt_text":"","src":"","width":0,"height":0},"classes":[]},{"id":22642,"url":"https:\/\/www.feuerwehr-brilon.de\/?p=22642","url_meta":{"origin":30122,"position":2},"title":"+++ Einsatz +++","author":"Andreas Becker","date":"15. August 2020","format":false,"excerpt":"15.08. 18:29Uhr, Hilfeleistung, H0 T\u00fcr, Gudenhagen, R\u00fcbezahlweg, T\u00fcr\u00f6ffnung","rel":"","context":"In &quot;Alarmierungen&quot;","block_context":{"text":"Alarmierungen","link":"https:\/\/www.feuerwehr-brilon.de\/?cat=102"},"img":{"alt_text":"","src":"https:\/\/i0.wp.com\/www.feuerwehr-brilon.de\/wp-up\/2020\/02\/tueroeffnung.jpg?resize=350%2C200&ssl=1","width":350,"height":200,"srcset":"https:\/\/i0.wp.com\/www.feuerwehr-brilon.de\/wp-up\/2020\/02\/tueroeffnung.jpg?resize=350%2C200&ssl=1 1x, https:\/\/i0.wp.com\/www.feuerwehr-brilon.de\/wp-up\/2020\/02\/tueroeffnung.jpg?resize=525%2C300&ssl=1 1.5x"},"classes":[]},{"id":30759,"url":"https:\/\/www.feuerwehr-brilon.de\/?p=30759","url_meta":{"origin":30122,"position":3},"title":"+++ Einsatz +++","author":"Andreas Becker","date":"17. Februar 2023","format":false,"excerpt":"16.02. 08:42Uhr, Hilfeleistung, H2 klemm, Gudenhagen, Gudenhagener Allee, eCall - unkl. Lage","rel":"","context":"In &quot;Alarmierungen&quot;","block_context":{"text":"Alarmierungen","link":"https:\/\/www.feuerwehr-brilon.de\/?cat=102"},"img":{"alt_text":"","src":"https:\/\/i0.wp.com\/www.feuerwehr-brilon.de\/wp-up\/2023\/02\/230216_VU_.jpg?resize=350%2C200&ssl=1","width":350,"height":200},"classes":[]},{"id":24162,"url":"https:\/\/www.feuerwehr-brilon.de\/?p=24162","url_meta":{"origin":30122,"position":4},"title":"Erneut Sturmeins\u00e4tze im Stadtgebiet +++ Update &#8211; 19.2. +++","author":"Andreas Becker","date":"18. Februar 2022","format":false,"excerpt":"Stadtgebiet. Die Feuerwehr Brilon ist erneut im Einsatz, um umgest\u00fcrzte B\u00e4ume und Gefahrenstellen zu beseitigen. \u00a0 \u00a0 \u00a0 \u00a0 Folgende Einsatzstellen werden\/wurden abgearbeitet: 19.02. 23:58Uhr, Hilfeleistung, H0 Sturm, Brilon, Steinweg, Gefahr durch losen Fensterladen 19.02. 17:58Uhr, Hilfeleistung, H0 Sturm, Brilon, Obere Mauer, Gefahr durch lose Dachpfannen 19.02. 10:20Uhr, Hilfeleistung, H0\u2026","rel":"","context":"In &quot;Eins\u00e4tze 2022&quot;","block_context":{"text":"Eins\u00e4tze 2022","link":"https:\/\/www.feuerwehr-brilon.de\/?cat=288"},"img":{"alt_text":"","src":"https:\/\/i0.wp.com\/www.feuerwehr-brilon.de\/wp-up\/2022\/02\/220219_Eselsborn_Baum_.jpg?resize=350%2C200&ssl=1","width":350,"height":200,"srcset":"https:\/\/i0.wp.com\/www.feuerwehr-brilon.de\/wp-up\/2022\/02\/220219_Eselsborn_Baum_.jpg?resize=350%2C200&ssl=1 1x, https:\/\/i0.wp.com\/www.feuerwehr-brilon.de\/wp-up\/2022\/02\/220219_Eselsborn_Baum_.jpg?resize=525%2C300&ssl=1 1.5x, https:\/\/i0.wp.com\/www.feuerwehr-brilon.de\/wp-up\/2022\/02\/220219_Eselsborn_Baum_.jpg?resize=700%2C400&ssl=1 2x"},"classes":[]},{"id":34273,"url":"https:\/\/www.feuerwehr-brilon.de\/?p=34273","url_meta":{"origin":30122,"position":5},"title":"+++ Einsatz +++","author":"Erwin Mungenast","date":"12. Januar 2026","format":false,"excerpt":"11.01. 17:47Uhr, Hilfeleistung, H0 T\u00fcr, Brilon, Bahnhofstr., Aufzugsnotbefreiung","rel":"","context":"In &quot;Alarmierungen&quot;","block_context":{"text":"Alarmierungen","link":"https:\/\/www.feuerwehr-brilon.de\/?cat=102"},"img":{"alt_text":"","src":"","width":0,"height":0},"classes":[]}],"_links":{"self":[{"href":"https:\/\/www.feuerwehr-brilon.de\/index.php?rest_route=\/wp\/v2\/posts\/30122","targetHints":{"allow":["GET"]}}],"collection":[{"href":"https:\/\/www.feuerwehr-brilon.de\/index.php?rest_route=\/wp\/v2\/posts"}],"about":[{"href":"https:\/\/www.feuerwehr-brilon.de\/index.php?rest_route=\/wp\/v2\/types\/post"}],"author":[{"embeddable":true,"href":"https:\/\/www.feuerwehr-brilon.de\/index.php?rest_route=\/wp\/v2\/users\/8"}],"replies":[{"embeddable":true,"href":"https:\/\/www.feuerwehr-brilon.de\/index.php?rest_route=%2Fwp%2Fv2%2Fcomments&post=30122"}],"version-history":[{"count":1,"href":"https:\/\/www.feuerwehr-brilon.de\/index.php?rest_route=\/wp\/v2\/posts\/30122\/revisions"}],"predecessor-version":[{"id":30123,"href":"https:\/\/www.feuerwehr-brilon.de\/index.php?rest_route=\/wp\/v2\/posts\/30122\/revisions\/30123"}],"wp:featuredmedia":[{"embeddable":true,"href":"https:\/\/www.feuerwehr-brilon.de\/index.php?rest_route=\/wp\/v2\/media\/22686"}],"wp:attachment":[{"href":"https:\/\/www.feuerwehr-brilon.de\/index.php?rest_route=%2Fwp%2Fv2%2Fmedia&parent=30122"}],"wp:term":[{"taxonomy":"category","embeddable":true,"href":"https:\/\/www.feuerwehr-brilon.de\/index.php?rest_route=%2Fwp%2Fv2%2Fcategories&post=30122"},{"taxonomy":"post_tag","embeddable":true,"href":"https:\/\/www.feuerwehr-brilon.de\/index.php?rest_route=%2Fwp%2Fv2%2Ftags&post=30122"}],"curies":[{"name":"wp","href":"https:\/\/api.w.org\/{rel}","templated":true}]}}