{"id":30176,"date":"2022-09-07T15:31:51","date_gmt":"2022-09-07T13:31:51","guid":{"rendered":"https:\/\/www.feuerwehr-brilon.de\/?p=30176"},"modified":"2022-09-07T16:51:43","modified_gmt":"2022-09-07T14:51:43","slug":"hilfeleistung-in-einem-steinbruchbetrieb","status":"publish","type":"post","link":"https:\/\/www.feuerwehr-brilon.de\/?p=30176","title":{"rendered":"Hilfeleistung in einem Steinbruchbetrieb"},"content":{"rendered":"<p><a href=\"https:\/\/www.feuerwehr-brilon.de\/?p=30176\"><img loading=\"lazy\" decoding=\"async\" src=\"https:\/\/www.feuerwehr-brilon.de\/wp-up\/2022\/09\/Hilfeleistung-Einzel-1-113x150.jpg\" alt=\"\" width=\"150\" height=\"113\" class=\"alignleft size-thumbnail wp-image-30179\" \/><\/a><a title=\"Th\u00fclen\" href=\"http:\/\/www.feuerwehr-brilon.de\/?page_id=7\" target=\"_blank\" rel=\"noopener\">Brilon. <\/a>Die Feuerwehr Brilon hat am Dienstag (06.09.2022) einen LKW-Fahrer von einem Silozug gerettet. Der Fahrer eines Silozuges hatte sich in einem Steinbruchbetrieb \u201eIn der Einzel\u201c auf dem Siloauflieger verletzt und war nicht mehr gehf\u00e4hig.<!--more--><\/p>\n<p>Nach Anforderung des Rettungsdienstes unterst\u00fctze die Feuerwehr bei der Rettung des Fahrers. Er wurde zun\u00e4chst in eine so genannte Schleifkorbtrage umgelagert und nachfolgend mit der Drehleiter aus rund 4,00 m H\u00f6he zum Rettungswagen transportiert.<\/p>\n<p>Nach \u00dcbergabe an den Rettungsdienst musste er schwer verletzt ins Krankenhaus eingeliefert werden. Der L\u00f6schzug Brilon war mit sieben Feuerwehrkr\u00e4ften rund 1 \u00bd im Einsatz.<\/p>\n<p style=\"border-color: #696969; border-width: 2px; border-style: solid; padding: 4px;\"><strong>Eingesetzte Einheiten:<\/strong><br \/>\n<a href=\"http:\/\/www.feuerwehr-brilon.de\/?page_id=7\"><img loading=\"lazy\" decoding=\"async\" class=\"alignnone\" title=\"lz brilon\" src=\"http:\/\/www.feuerwehr-brilon.de\/images\/einsatz_details\/lz_brilon.jpg\" alt=\"\" width=\"110\" height=\"31\" \/><\/a><\/p>\n<p style=\"border-color: #696969; border-width: 2px; border-style: solid; padding: 4px;\"><strong>Eingesetzte Fahrzeuge:<\/strong><br \/>\n<a href=\"http:\/\/www.feuerwehr-brilon.de\/?page_id=803\"><img loading=\"lazy\" decoding=\"async\" class=\"alignnone\" src=\"http:\/\/www.feuerwehr-brilon.de\/images\/einsatz_details\/053301.jpg\" alt=\"\" width=\"110\" height=\"31\" \/><\/a><a href=\"http:\/\/www.feuerwehr-brilon.de\/?page_id=11756\"><img loading=\"lazy\" decoding=\"async\" class=\"alignnone\" src=\"http:\/\/www.feuerwehr-brilon.de\/images\/einsatz_details\/gwl2.jpg\" alt=\"\" width=\"110\" height=\"31\" \/><\/a><\/p>\n<p><strong>Bilder:<\/strong><br \/>\n<a rel=\"lightbox\" href=\"https:\/\/www.feuerwehr-brilon.de\/wp-up\/2022\/09\/Hilfeleistung-Einzel-1.jpg\"><img loading=\"lazy\" decoding=\"async\" src=\"https:\/\/www.feuerwehr-brilon.de\/wp-up\/2022\/09\/Hilfeleistung-Einzel-1-113x150.jpg\" alt=\"\" width=\"150\" height=\"113\" class=\"alignleft size-thumbnail wp-image-30179\" \/><\/a><a rel=\"lightbox\" href=\"https:\/\/www.feuerwehr-brilon.de\/wp-up\/2022\/09\/Hilfeleistung-Einzel-2.jpg\"><img loading=\"lazy\" decoding=\"async\" src=\"https:\/\/www.feuerwehr-brilon.de\/wp-up\/2022\/09\/Hilfeleistung-Einzel-2-150x113.jpg\" alt=\"\" width=\"150\" height=\"113\" class=\"alignleft size-thumbnail wp-image-30180\" srcset=\"https:\/\/www.feuerwehr-brilon.de\/wp-up\/2022\/09\/Hilfeleistung-Einzel-2-150x113.jpg 150w, https:\/\/www.feuerwehr-brilon.de\/wp-up\/2022\/09\/Hilfeleistung-Einzel-2-500x375.jpg 500w, https:\/\/www.feuerwehr-brilon.de\/wp-up\/2022\/09\/Hilfeleistung-Einzel-2.jpg 800w\" sizes=\"auto, (max-width: 150px) 100vw, 150px\" \/><\/a><a rel=\"lightbox\" href=\"https:\/\/www.feuerwehr-brilon.de\/wp-up\/2022\/09\/Hilfeleistung-Einzel-3.jpg\"><img loading=\"lazy\" decoding=\"async\" src=\"https:\/\/www.feuerwehr-brilon.de\/wp-up\/2022\/09\/Hilfeleistung-Einzel-3-150x113.jpg\" alt=\"\" width=\"150\" height=\"113\" class=\"alignleft size-thumbnail wp-image-30189\" srcset=\"https:\/\/www.feuerwehr-brilon.de\/wp-up\/2022\/09\/Hilfeleistung-Einzel-3-150x113.jpg 150w, https:\/\/www.feuerwehr-brilon.de\/wp-up\/2022\/09\/Hilfeleistung-Einzel-3-500x375.jpg 500w, https:\/\/www.feuerwehr-brilon.de\/wp-up\/2022\/09\/Hilfeleistung-Einzel-3.jpg 800w\" sizes=\"auto, (max-width: 150px) 100vw, 150px\" \/><\/a><a rel=\"lightbox\" href=\"https:\/\/www.feuerwehr-brilon.de\/wp-up\/2022\/09\/Hilfeleistung-Einzel-4.jpg\"><img loading=\"lazy\" decoding=\"async\" src=\"https:\/\/www.feuerwehr-brilon.de\/wp-up\/2022\/09\/Hilfeleistung-Einzel-4-150x113.jpg\" alt=\"\" width=\"150\" height=\"113\" class=\"alignleft size-thumbnail wp-image-30190\" srcset=\"https:\/\/www.feuerwehr-brilon.de\/wp-up\/2022\/09\/Hilfeleistung-Einzel-4-150x113.jpg 150w, https:\/\/www.feuerwehr-brilon.de\/wp-up\/2022\/09\/Hilfeleistung-Einzel-4-500x375.jpg 500w, https:\/\/www.feuerwehr-brilon.de\/wp-up\/2022\/09\/Hilfeleistung-Einzel-4.jpg 800w\" sizes=\"auto, (max-width: 150px) 100vw, 150px\" \/><\/a><\/p>\n","protected":false},"excerpt":{"rendered":"<p>Brilon. Die Feuerwehr Brilon hat am Dienstag (06.09.2022) einen LKW-Fahrer von einem Silozug gerettet. Der Fahrer eines Silozuges hatte sich in einem Steinbruchbetrieb \u201eIn der Einzel\u201c auf dem Siloauflieger verletzt und war nicht mehr gehf\u00e4hig.<\/p>\n","protected":false},"author":5,"featured_media":30179,"comment_status":"closed","ping_status":"closed","sticky":false,"template":"","format":"standard","meta":{"_exactmetrics_skip_tracking":false,"_exactmetrics_sitenote_active":false,"_exactmetrics_sitenote_note":"","_exactmetrics_sitenote_category":0,"jetpack_post_was_ever_published":false,"_jetpack_newsletter_access":"","_jetpack_dont_email_post_to_subs":false,"_jetpack_newsletter_tier_id":0,"_jetpack_memberships_contains_paywalled_content":false,"_jetpack_memberships_contains_paid_content":false,"footnotes":""},"categories":[288],"tags":[37,44,231,320,321],"class_list":["post-30176","post","type-post","status-publish","format-standard","has-post-thumbnail","hentry","category-einsaetze-2022","tag-brilon","tag-dl-2312-gl","tag-gw-l-2","tag-rettung","tag-schleifkorbtrage"],"jetpack_featured_media_url":"https:\/\/www.feuerwehr-brilon.de\/wp-up\/2022\/09\/Hilfeleistung-Einzel-1.jpg","jetpack_shortlink":"https:\/\/wp.me\/pCIJa-7QI","jetpack_sharing_enabled":true,"jetpack-related-posts":[{"id":31429,"url":"https:\/\/www.feuerwehr-brilon.de\/?p=31429","url_meta":{"origin":30176,"position":0},"title":"Unfall in einem Steinbruchbetrieb bei R\u00f6senbeck","author":"Marcus Bange","date":"15. August 2023","format":false,"excerpt":"R\u00f6senbeck. Die Briloner Feuerwehr war am Dienstagmorgen (15.08.2023) bei einem Unfall in einem Steinbruchbetrieb bei R\u00f6senbeck im Einsatz. Dort war gegen 6:15 Uhr ein LKW-Fahrer mit seinem Kippsattelzug umgekippt. Die Feuerwehr wurde zun\u00e4chst zu einer eingeklemmten Person alarmiert. Der Fahrer konnte vor Eintreffen der Feuerwehr von Betriebsangeh\u00f6rigen aus seinem Fahrzeug\u2026","rel":"","context":"In &quot;Eins\u00e4tze 2023&quot;","block_context":{"text":"Eins\u00e4tze 2023","link":"https:\/\/www.feuerwehr-brilon.de\/?cat=335"},"img":{"alt_text":"","src":"https:\/\/i0.wp.com\/www.feuerwehr-brilon.de\/wp-up\/2023\/08\/Unfall-Steinbruch-1.jpg?resize=350%2C200&ssl=1","width":350,"height":200,"srcset":"https:\/\/i0.wp.com\/www.feuerwehr-brilon.de\/wp-up\/2023\/08\/Unfall-Steinbruch-1.jpg?resize=350%2C200&ssl=1 1x, https:\/\/i0.wp.com\/www.feuerwehr-brilon.de\/wp-up\/2023\/08\/Unfall-Steinbruch-1.jpg?resize=525%2C300&ssl=1 1.5x, https:\/\/i0.wp.com\/www.feuerwehr-brilon.de\/wp-up\/2023\/08\/Unfall-Steinbruch-1.jpg?resize=700%2C400&ssl=1 2x"},"classes":[]},{"id":33728,"url":"https:\/\/www.feuerwehr-brilon.de\/?p=33728","url_meta":{"origin":30176,"position":1},"title":"E-Bike-Fahrer in unwegsamem Gel\u00e4nde gest\u00fcrzt:","author":"Andreas Becker","date":"13. September 2025","format":false,"excerpt":"Hoppecke. Am Mittwoch (3. September), wurde die Einheit Hoppecke der Freiwilligen Feuerwehr Brilon gegen 9:40 Uhr zur Unterst\u00fctzung des Rettungsdienstes alarmiert. Einsatzgrund war ein gest\u00fcrzter E-Bike-Fahrer in einem abgelegenen Waldst\u00fcck im Bereich Hoppecke. Der Radfahrer hatte sich bei dem Sturz eine Schulterverletzung zugezogen und war nicht mehr in der Lage,\u2026","rel":"","context":"In &quot;Eins\u00e4tze 2025&quot;","block_context":{"text":"Eins\u00e4tze 2025","link":"https:\/\/www.feuerwehr-brilon.de\/?cat=367"},"img":{"alt_text":"","src":"https:\/\/i0.wp.com\/www.feuerwehr-brilon.de\/wp-up\/2025\/09\/250903_1_HP.jpg?resize=350%2C200&ssl=1","width":350,"height":200,"srcset":"https:\/\/i0.wp.com\/www.feuerwehr-brilon.de\/wp-up\/2025\/09\/250903_1_HP.jpg?resize=350%2C200&ssl=1 1x, https:\/\/i0.wp.com\/www.feuerwehr-brilon.de\/wp-up\/2025\/09\/250903_1_HP.jpg?resize=525%2C300&ssl=1 1.5x"},"classes":[]},{"id":6749,"url":"https:\/\/www.feuerwehr-brilon.de\/?p=6749","url_meta":{"origin":30176,"position":2},"title":"Muldenkipper in Briloner Steinbruch abgest\u00fcrzt","author":"Andreas Becker","date":"10. Mai 2012","format":false,"excerpt":"In einem Steinbruchbetrieb bei Hoppecke st\u00fcrzte am Donnerstagmorgen gegen 8:00 Uhr ein Muldenkipper ab und \u00fcberschlug sich. Der Fahrer wurde dabei in seinem F\u00fchrerhaus eingeklemmt. Er konnte von Werksmitarbeitern noch vor Eintreffen der Feuerwehr befreit werden. Nach der Erstbetreuung durch Feuerwehr und Rettungsdienst wurde er schwerverletzt mit dem Rettungshubschrauber in\u2026","rel":"","context":"In &quot;Eins\u00e4tze 2012&quot;","block_context":{"text":"Eins\u00e4tze 2012","link":"https:\/\/www.feuerwehr-brilon.de\/?cat=171"},"img":{"alt_text":"","src":"https:\/\/i0.wp.com\/www.feuerwehr-brilon.de\/wp-up\/2012\/05\/Unfall-Muldenkipper-16-150x112.jpg?resize=350%2C200&ssl=1","width":350,"height":200},"classes":[]},{"id":5846,"url":"https:\/\/www.feuerwehr-brilon.de\/?p=5846","url_meta":{"origin":30176,"position":3},"title":"Schwerer Verkehrsunfall bei Brilon","author":"Andreas Becker","date":"3. November 2011","format":false,"excerpt":"Die Feuerwehr Brilon hat am Donnerstagmittag einen 76-j\u00e4hrigen PKW Fahrer aus seinem Fahrzeug befreit. Der PKW war an der Ampelkreuzung B 7 - Lederke in Fahrtrichtung Brilon seitlich mit einem in Richtung Steinbruch fahrenden LKW zusammengesto\u00dfen. Er wurde mit hydraulischem Rettungsger\u00e4taus seinem Fahrzeug befreit und vom Rettungsdienst verletzt ins Krankenhaus\u2026","rel":"","context":"In &quot;Eins\u00e4tze 2011&quot;","block_context":{"text":"Eins\u00e4tze 2011","link":"https:\/\/www.feuerwehr-brilon.de\/?cat=132"},"img":{"alt_text":"","src":"https:\/\/i0.wp.com\/www.feuerwehr-brilon.de\/wp-up\/2011\/11\/VU_B7-150x100.jpg?resize=350%2C200&ssl=1","width":350,"height":200},"classes":[]},{"id":2219,"url":"https:\/\/www.feuerwehr-brilon.de\/?p=2219","url_meta":{"origin":30176,"position":4},"title":"Verkehrsunfall auf der B 7","author":"Marc Heines","date":"15. Februar 2010","format":false,"excerpt":"Der L\u00f6schzug Brilon hat heute zwei eingeklemmte Personen bei einem Verkehrsunfall befreit. Ein 55 j\u00e4hriger PKW-Fahrer war gegen 9.50 Uhr auf der B 7 in H\u00f6he Balgert frontal mit einem LKW zusammengesto\u00dfen. Dabei wurden er und sein 27-j\u00e4hriger Sohn im Fahrzeug eingeklemmt. Beide konnten schwer verletzt mit hydraulischen Rettungsger\u00e4t nach\u2026","rel":"","context":"In &quot;Eins\u00e4tze 2010&quot;","block_context":{"text":"Eins\u00e4tze 2010","link":"https:\/\/www.feuerwehr-brilon.de\/?cat=33"},"img":{"alt_text":"VU B 7 Balgert_i","src":"https:\/\/i0.wp.com\/www.feuerwehr-brilon.de\/wp-up\/2010\/02\/VU-B-7-Balgert_i-125x93.jpg?resize=350%2C200","width":350,"height":200},"classes":[]},{"id":14829,"url":"https:\/\/www.feuerwehr-brilon.de\/?p=14829","url_meta":{"origin":30176,"position":5},"title":"Verkehrsunfall auf der B 480","author":"Marcus Bange","date":"29. Mai 2017","format":false,"excerpt":"Brilon. Die Feuerwehr Brilon hat am Montagnachmittag auf der B 480 einen eingeklemmten PKW-Fahrer aus seinem Fahrzeug befreit. Er war gegen 14.40 Uhr kurz hinter dem Abzweig W\u00fclfte in Fahrtrichtung Brilon in einer leichten Rechtskurve von der Fahrbahn abgekommen und frontal gegen einen Baum geprallt. Zur Rettung des Fahrers wurde\u2026","rel":"","context":"In &quot;Eins\u00e4tze 2017&quot;","block_context":{"text":"Eins\u00e4tze 2017","link":"https:\/\/www.feuerwehr-brilon.de\/?cat=205"},"img":{"alt_text":"VU-B-480-1","src":"https:\/\/i0.wp.com\/www.feuerwehr-brilon.de\/wp-up\/2017\/05\/VU-B-480-1-150x90.jpg?resize=350%2C200","width":350,"height":200},"classes":[]}],"_links":{"self":[{"href":"https:\/\/www.feuerwehr-brilon.de\/index.php?rest_route=\/wp\/v2\/posts\/30176","targetHints":{"allow":["GET"]}}],"collection":[{"href":"https:\/\/www.feuerwehr-brilon.de\/index.php?rest_route=\/wp\/v2\/posts"}],"about":[{"href":"https:\/\/www.feuerwehr-brilon.de\/index.php?rest_route=\/wp\/v2\/types\/post"}],"author":[{"embeddable":true,"href":"https:\/\/www.feuerwehr-brilon.de\/index.php?rest_route=\/wp\/v2\/users\/5"}],"replies":[{"embeddable":true,"href":"https:\/\/www.feuerwehr-brilon.de\/index.php?rest_route=%2Fwp%2Fv2%2Fcomments&post=30176"}],"version-history":[{"count":3,"href":"https:\/\/www.feuerwehr-brilon.de\/index.php?rest_route=\/wp\/v2\/posts\/30176\/revisions"}],"predecessor-version":[{"id":30191,"href":"https:\/\/www.feuerwehr-brilon.de\/index.php?rest_route=\/wp\/v2\/posts\/30176\/revisions\/30191"}],"wp:featuredmedia":[{"embeddable":true,"href":"https:\/\/www.feuerwehr-brilon.de\/index.php?rest_route=\/wp\/v2\/media\/30179"}],"wp:attachment":[{"href":"https:\/\/www.feuerwehr-brilon.de\/index.php?rest_route=%2Fwp%2Fv2%2Fmedia&parent=30176"}],"wp:term":[{"taxonomy":"category","embeddable":true,"href":"https:\/\/www.feuerwehr-brilon.de\/index.php?rest_route=%2Fwp%2Fv2%2Fcategories&post=30176"},{"taxonomy":"post_tag","embeddable":true,"href":"https:\/\/www.feuerwehr-brilon.de\/index.php?rest_route=%2Fwp%2Fv2%2Ftags&post=30176"}],"curies":[{"name":"wp","href":"https:\/\/api.w.org\/{rel}","templated":true}]}}