{"id":30208,"date":"2022-09-13T12:30:07","date_gmt":"2022-09-13T10:30:07","guid":{"rendered":"https:\/\/www.feuerwehr-brilon.de\/?p=30208"},"modified":"2022-09-13T12:30:07","modified_gmt":"2022-09-13T10:30:07","slug":"abbiegeassistenten-fuer-einsatzfahrzeuge-der-freiwilligen-feuerwehr-brilon","status":"publish","type":"post","link":"https:\/\/www.feuerwehr-brilon.de\/?p=30208","title":{"rendered":"Abbiegeassistenten f\u00fcr Einsatzfahrzeuge der Freiwilligen Feuerwehr Brilon"},"content":{"rendered":"<p><a href=\"http:\/\/www.feuerwehr-brilon.de\/?p=30208\"><img loading=\"lazy\" decoding=\"async\" class=\"alignleft size-thumbnail wp-image-30212\" src=\"https:\/\/www.feuerwehr-brilon.de\/wp-up\/2022\/09\/Abbiegeassistent-1-neu-150x150.jpg\" alt=\"\" width=\"150\" height=\"113\"><\/a><a title=\"Brilon\" href=\"http:\/\/www.feuerwehr-brilon.de\/?page_id=7\" target=\"_blank\" rel=\"noopener noreferrer\">Brilon. <\/a>\u201eWenn schwache und starke Verkehrsteilnehmer aufeinandertreffen, m\u00fcssen wir auf Technik setzen, die Leben rettet.\u201c<!--more--><\/p>\n<p>F\u00fcr mehr Sicherheit im Stra\u00dfenverkehr hat die Feuerwehr Brilon acht Einsatzfahrzeuge mit Abbiegeassistenten ausstatten lassen. Diese Assistenten helfen dem Fahrer, Fu\u00dfg\u00e4nger und Fahrradfahrer, die im Totenwinkel oder in schwer \u00fcberblickbaren Winkeln sind, rechtzeitig zu erkennen und somit t\u00f6dliche Unf\u00e4lle zu verhindern.<\/p>\n<p>Die Fahrzeuge verf\u00fcgen \u00fcber 4 XXL-Sensoren, die in Form einer Kamera au\u00dfen an der Beifahrert\u00fcr angebracht sind und mit einem kleinen Bildschirm im Innenraum des Feuerwehrautos verbunden sind.<\/p>\n<p>Sobald der rechte Blinker bet\u00e4tigt wird, schaltet sich die Kamera ein, welche den Totenwinkel sichtbar macht und mit einem Sichtfeld von 5 Metern nach rechts bis hinter das Fahrzeug mehr Sicherheit f\u00fcr Passanten bietet. Befindet sich beispielweise ein Fahrradfahrer im Totenwinkel so wird dem Fahrer ein optisches Signal gegeben, falls dieser dann noch das Lenkrad rechts einschl\u00e4gt, ert\u00f6nt eine akustische Warnung. Die Fahrzeugsteuerung beh\u00e4lt der Fahrer trotz der Warnungen selbst.<\/p>\n<p>Die Kosten f\u00fcr die Nachr\u00fcstungen belaufen sich auf circa 17.000 Euro und wurden zu 80 Prozent vom Bundesamt f\u00fcr G\u00fcterverkehr \u00fcbernommen. Aktionen in anderen Ortsteilen im Stadtgebiet werden folgen.<\/p>\n<p>Quelle: Pressemitteilung Stadt Brilon<\/p>\n<p><strong>Bilder:<\/strong><\/p>\n<p><a rel=\"lightbox\" href=\"https:\/\/www.feuerwehr-brilon.de\/wp-up\/2022\/09\/Abbiegeassistent-1-neu.jpg\"><img loading=\"lazy\" decoding=\"async\" src=\"https:\/\/www.feuerwehr-brilon.de\/wp-up\/2022\/09\/Abbiegeassistent-1-neu-150x150.jpg\" alt=\"\" width=\"150\" height=\"113\" class=\"alignleft size-thumbnail wp-image-30212\" \/><\/a><a rel=\"lightbox\" href=\"https:\/\/www.feuerwehr-brilon.de\/wp-up\/2022\/09\/Abbiegeassistent-2-neu.jpg\"><img loading=\"lazy\" decoding=\"async\" src=\"https:\/\/www.feuerwehr-brilon.de\/wp-up\/2022\/09\/Abbiegeassistent-2-neu-150x150.jpg\" alt=\"\" width=\"117\" height=\"150\" class=\"alignleft size-thumbnail wp-image-30213\/><\/a><\/p>\n","protected":false},"excerpt":{"rendered":"<p>Brilon. \u201eWenn schwache und starke Verkehrsteilnehmer aufeinandertreffen, m\u00fcssen wir auf Technik setzen, die Leben rettet.\u201c<\/p>\n","protected":false},"author":5,"featured_media":30212,"comment_status":"closed","ping_status":"closed","sticky":false,"template":"","format":"standard","meta":{"_exactmetrics_skip_tracking":false,"_exactmetrics_sitenote_active":false,"_exactmetrics_sitenote_note":"","_exactmetrics_sitenote_category":0,"jetpack_post_was_ever_published":false,"_jetpack_newsletter_access":"","_jetpack_dont_email_post_to_subs":false,"_jetpack_newsletter_tier_id":0,"_jetpack_memberships_contains_paywalled_content":false,"_jetpack_memberships_contains_paid_content":false,"footnotes":""},"categories":[1,289],"tags":[322,324,323],"class_list":["post-30208","post","type-post","status-publish","format-standard","has-post-thumbnail","hentry","category-allgemein","category-meldungen-2022","tag-abbiegeassistent","tag-abbiegeunfaelle","tag-radfahrer"],"jetpack_featured_media_url":"https:\/\/www.feuerwehr-brilon.de\/wp-up\/2022\/09\/Abbiegeassistent-1-neu.jpg","jetpack_shortlink":"https:\/\/wp.me\/pCIJa-7Re","jetpack_sharing_enabled":true,"jetpack-related-posts":[{"id":30976,"url":"https:\/\/www.feuerwehr-brilon.de\/?p=30976","url_meta":{"origin":30208,"position":0},"title":"Waldbrand\u00fcbung der Feuerwehr Brilon in Brilon-Wald","author":"Marcus Bange","date":"13. April 2023","format":false,"excerpt":"Brilon-Wald. Die Feuerwehr Brilon f\u00fchrt am 22. April 2023 am Gro\u00dfen Kluskopf im Bereich Schellhorn s\u00fcdlich von Brilon-Wald eine gro\u00dfe Waldbrand\u00fcbung durch. Dazu werden rund 120 Einsatzkr\u00e4fte aus der gesamten Stadt vor Ort sein. Neben den Einheiten der Feuerwehr Brilon wird auch ein spezielles Wasserf\u00f6rdersystem des Landes NRW durch den\u2026","rel":"","context":"In &quot;Allgemein&quot;","block_context":{"text":"Allgemein","link":"https:\/\/www.feuerwehr-brilon.de\/?cat=1"},"img":{"alt_text":"","src":"https:\/\/i0.wp.com\/www.feuerwehr-brilon.de\/wp-up\/2023\/04\/Waldbrand-Symbolbild-klein.jpg?resize=350%2C200&ssl=1","width":350,"height":200,"srcset":"https:\/\/i0.wp.com\/www.feuerwehr-brilon.de\/wp-up\/2023\/04\/Waldbrand-Symbolbild-klein.jpg?resize=350%2C200&ssl=1 1x, https:\/\/i0.wp.com\/www.feuerwehr-brilon.de\/wp-up\/2023\/04\/Waldbrand-Symbolbild-klein.jpg?resize=525%2C300&ssl=1 1.5x, https:\/\/i0.wp.com\/www.feuerwehr-brilon.de\/wp-up\/2023\/04\/Waldbrand-Symbolbild-klein.jpg?resize=700%2C400&ssl=1 2x"},"classes":[]},{"id":16622,"url":"https:\/\/www.feuerwehr-brilon.de\/?p=16622","url_meta":{"origin":30208,"position":1},"title":"Brandeinsatz in Brilon Wald","author":"Marc Heines","date":"27. Dezember 2018","format":false,"excerpt":"Die Feuerwehr Brilon wurde am fr\u00fchen Morgen des zweiten Weihnachtstages um 6 Uhr zu einem Brand einer Gartenh\u00fctte in Brilon Wald alarmiert. Die Gartenh\u00fctte stand bereits im Vollbrand und entpuppte sich als kleiner, schwer zug\u00e4nglicher, Stall. Die Wasserversorgung musste zus\u00e4tzlich noch \u00fcber die Wassertanks der Einsatzfahrzeuge im Pendelverkehr sichergestellt werden.\u2026","rel":"","context":"In &quot;Eins\u00e4tze 2018&quot;","block_context":{"text":"Eins\u00e4tze 2018","link":"https:\/\/www.feuerwehr-brilon.de\/?cat=208"},"img":{"alt_text":"","src":"https:\/\/i0.wp.com\/www.feuerwehr-brilon.de\/wp-up\/2018\/12\/pm-1i-150x113.jpg?resize=350%2C200&ssl=1","width":350,"height":200},"classes":[]},{"id":31701,"url":"https:\/\/www.feuerwehr-brilon.de\/?p=31701","url_meta":{"origin":30208,"position":2},"title":"Sturmtief Emir sorgt f\u00fcr Eins\u00e4tze in Brilon","author":"Marcus Bange","date":"2. November 2023","format":false,"excerpt":"Brilon. Die Feuerwehr Brilon wurde durch das Sturmtief Emir bisher zu zwei Eins\u00e4tzen alarmiert (02.11.2023). Den ersten Alarm gab es aber bereits um 7:53 Uhr. Die Brandmeldeanlage im Krankenhaus hatte ausgel\u00f6st. Vor Ort stellte sich der Alarm als Fehlalarm heraus. Der L\u00f6schzug Brilon konnte wieder einr\u00fccken. Um 8:51 Uhr wurde\u2026","rel":"","context":"In &quot;Eins\u00e4tze 2023&quot;","block_context":{"text":"Eins\u00e4tze 2023","link":"https:\/\/www.feuerwehr-brilon.de\/?cat=335"},"img":{"alt_text":"","src":"https:\/\/i0.wp.com\/www.feuerwehr-brilon.de\/wp-up\/2023\/11\/Bremecketal-1.jpg?resize=350%2C200&ssl=1","width":350,"height":200,"srcset":"https:\/\/i0.wp.com\/www.feuerwehr-brilon.de\/wp-up\/2023\/11\/Bremecketal-1.jpg?resize=350%2C200&ssl=1 1x, https:\/\/i0.wp.com\/www.feuerwehr-brilon.de\/wp-up\/2023\/11\/Bremecketal-1.jpg?resize=525%2C300&ssl=1 1.5x, https:\/\/i0.wp.com\/www.feuerwehr-brilon.de\/wp-up\/2023\/11\/Bremecketal-1.jpg?resize=700%2C400&ssl=1 2x"},"classes":[]},{"id":11862,"url":"https:\/\/www.feuerwehr-brilon.de\/?p=11862","url_meta":{"origin":30208,"position":3},"title":"Renovierung der alten Fahrzeughalle","author":"Marc Heines","date":"11. Mai 2015","format":false,"excerpt":"Die \u00e4lteste Fahrzeughalle des L\u00f6schzug Brilon, erbaut 1959, hat schon einiges erlebt. Man kann kaum absch\u00e4tzen wie oft Einsatzfahrzeuge in den \u00fcber 50 Jahren zu Eins\u00e4tzen ausger\u00fcckt sind. Wie viele praktische Ausbildungsstunden dort abgehalten wurden und was alles in der Werkstatt repariert wurde. Immer mal wieder etwas renoviert, wurde es\u2026","rel":"","context":"In &quot;Meldungen 2015&quot;","block_context":{"text":"Meldungen 2015","link":"https:\/\/www.feuerwehr-brilon.de\/?cat=192"},"img":{"alt_text":"DSC03451 (FILEminimizer)","src":"https:\/\/i0.wp.com\/www.feuerwehr-brilon.de\/wp-up\/2015\/05\/DSC03451-FILEminimizer-150x100.jpg?resize=350%2C200","width":350,"height":200},"classes":[]},{"id":31443,"url":"https:\/\/www.feuerwehr-brilon.de\/?p=31443","url_meta":{"origin":30208,"position":4},"title":"Waldfest des L\u00f6schzuges Brilon an der Rochuskapelle","author":"Marcus Bange","date":"16. August 2023","format":false,"excerpt":"Brilon. Am 19. und 20. August ist es endlich wieder so weit, es gibt einen Grund zum Feiern. Das traditionelle Waldfest des L\u00f6schzugs Brilon findet statt. An diesem Wochenende wird man das Rochusw\u00e4ldchen kaum wiedererkennen. Zwei Festzelte, eine Cocktailbar und ein Schlemmerstand schm\u00fccken das W\u00e4ldchen nicht nur am Tag, sondern\u2026","rel":"","context":"In &quot;Meldungen 2023&quot;","block_context":{"text":"Meldungen 2023","link":"https:\/\/www.feuerwehr-brilon.de\/?cat=336"},"img":{"alt_text":"","src":"https:\/\/i0.wp.com\/www.feuerwehr-brilon.de\/wp-up\/2023\/08\/Waldfest-1.jpg?resize=350%2C200&ssl=1","width":350,"height":200,"srcset":"https:\/\/i0.wp.com\/www.feuerwehr-brilon.de\/wp-up\/2023\/08\/Waldfest-1.jpg?resize=350%2C200&ssl=1 1x, https:\/\/i0.wp.com\/www.feuerwehr-brilon.de\/wp-up\/2023\/08\/Waldfest-1.jpg?resize=525%2C300&ssl=1 1.5x, https:\/\/i0.wp.com\/www.feuerwehr-brilon.de\/wp-up\/2023\/08\/Waldfest-1.jpg?resize=700%2C400&ssl=1 2x"},"classes":[]},{"id":863,"url":"https:\/\/www.feuerwehr-brilon.de\/?p=863","url_meta":{"origin":30208,"position":5},"title":"Stadtfeuerwehrtag in Brilon","author":"Marc Heines","date":"9. Mai 2009","format":false,"excerpt":"Der Stadtfeuerwehrtag 2009 der Freiw. Feuerwehr Brilon wurde im Rahmen des 130 j\u00e4hrigen Bestehens des L\u00f6schzuges Brilon und dem 40. Geburtstag der Jugendfeuerwehr Brilon am vergangenen Samstag durchgef\u00fchrt. Nach einem gemeinsamen Kirchgang in der Propsteikirche und einer Kranz Niederlegung am Ehrenmal zum Gedenken an die gefallenen und verstorbenen Feuerwehrleute fand\u2026","rel":"","context":"In &quot;Meldungen 2009&quot;","block_context":{"text":"Meldungen 2009","link":"https:\/\/www.feuerwehr-brilon.de\/?cat=11"},"img":{"alt_text":"","src":"https:\/\/i0.wp.com\/www.feuerwehr-brilon.de\/wp-up\/2009\/05\/stadtfeuerwehrtag2009001.jpg?resize=350%2C200&ssl=1","width":350,"height":200},"classes":[]}],"_links":{"self":[{"href":"https:\/\/www.feuerwehr-brilon.de\/index.php?rest_route=\/wp\/v2\/posts\/30208","targetHints":{"allow":["GET"]}}],"collection":[{"href":"https:\/\/www.feuerwehr-brilon.de\/index.php?rest_route=\/wp\/v2\/posts"}],"about":[{"href":"https:\/\/www.feuerwehr-brilon.de\/index.php?rest_route=\/wp\/v2\/types\/post"}],"author":[{"embeddable":true,"href":"https:\/\/www.feuerwehr-brilon.de\/index.php?rest_route=\/wp\/v2\/users\/5"}],"replies":[{"embeddable":true,"href":"https:\/\/www.feuerwehr-brilon.de\/index.php?rest_route=%2Fwp%2Fv2%2Fcomments&post=30208"}],"version-history":[{"count":3,"href":"https:\/\/www.feuerwehr-brilon.de\/index.php?rest_route=\/wp\/v2\/posts\/30208\/revisions"}],"predecessor-version":[{"id":30218,"href":"https:\/\/www.feuerwehr-brilon.de\/index.php?rest_route=\/wp\/v2\/posts\/30208\/revisions\/30218"}],"wp:featuredmedia":[{"embeddable":true,"href":"https:\/\/www.feuerwehr-brilon.de\/index.php?rest_route=\/wp\/v2\/media\/30212"}],"wp:attachment":[{"href":"https:\/\/www.feuerwehr-brilon.de\/index.php?rest_route=%2Fwp%2Fv2%2Fmedia&parent=30208"}],"wp:term":[{"taxonomy":"category","embeddable":true,"href":"https:\/\/www.feuerwehr-brilon.de\/index.php?rest_route=%2Fwp%2Fv2%2Fcategories&post=30208"},{"taxonomy":"post_tag","embeddable":true,"href":"https:\/\/www.feuerwehr-brilon.de\/index.php?rest_route=%2Fwp%2Fv2%2Ftags&post=30208"}],"curies":[{"name":"wp","href":"https:\/\/api.w.org\/{rel}","templated":true}]}}