{"id":30289,"date":"2022-10-15T13:42:05","date_gmt":"2022-10-15T11:42:05","guid":{"rendered":"https:\/\/www.feuerwehr-brilon.de\/?p=30289"},"modified":"2022-10-15T13:42:05","modified_gmt":"2022-10-15T11:42:05","slug":"einsatz-641","status":"publish","type":"post","link":"https:\/\/www.feuerwehr-brilon.de\/?p=30289","title":{"rendered":"+++ Einsatz +++"},"content":{"rendered":"<p>15.10. 10:43Uhr, Hilfeleistung, H0 \u00d6lspur, Altenb\u00fcren, H\u00fcttenstra\u00dfe, \u00d6lspur<\/p>\n","protected":false},"excerpt":{"rendered":"<p>15.10. 10:43Uhr, Hilfeleistung, H0 \u00d6lspur, Altenb\u00fcren, H\u00fcttenstra\u00dfe, \u00d6lspur<\/p>\n","protected":false},"author":8,"featured_media":0,"comment_status":"closed","ping_status":"closed","sticky":false,"template":"","format":"standard","meta":{"_exactmetrics_skip_tracking":false,"_exactmetrics_sitenote_active":false,"_exactmetrics_sitenote_note":"","_exactmetrics_sitenote_category":0,"jetpack_post_was_ever_published":false,"_jetpack_newsletter_access":"","_jetpack_dont_email_post_to_subs":false,"_jetpack_newsletter_tier_id":0,"_jetpack_memberships_contains_paywalled_content":false,"_jetpack_memberships_contains_paid_content":false,"footnotes":""},"categories":[102],"tags":[],"class_list":["post-30289","post","type-post","status-publish","format-standard","hentry","category-alarmierungen"],"jetpack_featured_media_url":"","jetpack_shortlink":"https:\/\/wp.me\/pCIJa-7Sx","jetpack_sharing_enabled":true,"jetpack-related-posts":[{"id":21931,"url":"https:\/\/www.feuerwehr-brilon.de\/?p=21931","url_meta":{"origin":30289,"position":0},"title":"+++ Einsatz +++","author":"Andreas Becker","date":"10. Dezember 2019","format":false,"excerpt":"09.12. 22:43Uhr, Hilfeleistung, H0 \u00d6lspur, W\u00fclfte, B516, \u00d6lspur","rel":"","context":"In &quot;Alarmierungen&quot;","block_context":{"text":"Alarmierungen","link":"https:\/\/www.feuerwehr-brilon.de\/?cat=102"},"img":{"alt_text":"","src":"","width":0,"height":0},"classes":[]},{"id":21978,"url":"https:\/\/www.feuerwehr-brilon.de\/?p=21978","url_meta":{"origin":30289,"position":1},"title":"+++ Einsatz +++","author":"Andreas Becker","date":"31. Dezember 2019","format":false,"excerpt":"31.12. 10:45Uhr, Hilfeleistung, H0 \u00d6lspur, Altenb\u00fcren, B480, \u00d6lspur","rel":"","context":"In &quot;Alarmierungen&quot;","block_context":{"text":"Alarmierungen","link":"https:\/\/www.feuerwehr-brilon.de\/?cat=102"},"img":{"alt_text":"","src":"","width":0,"height":0},"classes":[]},{"id":23527,"url":"https:\/\/www.feuerwehr-brilon.de\/?p=23527","url_meta":{"origin":30289,"position":2},"title":"+++ Einsatz +++","author":"Andreas Becker","date":"1. Juni 2021","format":false,"excerpt":"01.06. 14:43Uhr, Hilfeleistung, H0 \u00d6lspur, Alme, OA - B480 - FR W\u00fcnnenberg, \u00d6lspur","rel":"","context":"In &quot;Alarmierungen&quot;","block_context":{"text":"Alarmierungen","link":"https:\/\/www.feuerwehr-brilon.de\/?cat=102"},"img":{"alt_text":"","src":"https:\/\/i0.wp.com\/www.feuerwehr-brilon.de\/wp-up\/2020\/02\/Oelspur.jpg?resize=350%2C200&ssl=1","width":350,"height":200,"srcset":"https:\/\/i0.wp.com\/www.feuerwehr-brilon.de\/wp-up\/2020\/02\/Oelspur.jpg?resize=350%2C200&ssl=1 1x, https:\/\/i0.wp.com\/www.feuerwehr-brilon.de\/wp-up\/2020\/02\/Oelspur.jpg?resize=525%2C300&ssl=1 1.5x"},"classes":[]},{"id":33495,"url":"https:\/\/www.feuerwehr-brilon.de\/?p=33495","url_meta":{"origin":30289,"position":3},"title":"+++ Einsatz +++","author":"Andreas Becker","date":"30. Mai 2025","format":false,"excerpt":"28.05. 20:23Uhr, Hilfeleistung, H0 \u00d6lspur, Altenb\u00fcren, Alte Heeresstr., \u00d6lspur","rel":"","context":"In &quot;Alarmierungen&quot;","block_context":{"text":"Alarmierungen","link":"https:\/\/www.feuerwehr-brilon.de\/?cat=102"},"img":{"alt_text":"","src":"","width":0,"height":0},"classes":[]},{"id":29824,"url":"https:\/\/www.feuerwehr-brilon.de\/?p=29824","url_meta":{"origin":30289,"position":4},"title":"+++ Einsatz +++","author":"Andreas Becker","date":"29. Mai 2022","format":false,"excerpt":"29.05. 09:55Uhr, Hilfeleistung, H0 \u00d6lspur, Altenb\u00fcren, B7 OD, \u00d6lspur","rel":"","context":"In &quot;Alarmierungen&quot;","block_context":{"text":"Alarmierungen","link":"https:\/\/www.feuerwehr-brilon.de\/?cat=102"},"img":{"alt_text":"","src":"https:\/\/i0.wp.com\/www.feuerwehr-brilon.de\/wp-up\/2020\/02\/Oelspur.jpg?resize=350%2C200&ssl=1","width":350,"height":200,"srcset":"https:\/\/i0.wp.com\/www.feuerwehr-brilon.de\/wp-up\/2020\/02\/Oelspur.jpg?resize=350%2C200&ssl=1 1x, https:\/\/i0.wp.com\/www.feuerwehr-brilon.de\/wp-up\/2020\/02\/Oelspur.jpg?resize=525%2C300&ssl=1 1.5x"},"classes":[]},{"id":31310,"url":"https:\/\/www.feuerwehr-brilon.de\/?p=31310","url_meta":{"origin":30289,"position":5},"title":"+++ Einsatz +++","author":"Andreas Becker","date":"22. Juni 2023","format":false,"excerpt":"22.06. 09:25Uhr, Hilfeleistung, H0 \u00d6lspur, Altenb\u00fcren, Briloner Tor, \u00d6lspur","rel":"","context":"In &quot;Alarmierungen&quot;","block_context":{"text":"Alarmierungen","link":"https:\/\/www.feuerwehr-brilon.de\/?cat=102"},"img":{"alt_text":"","src":"https:\/\/i0.wp.com\/www.feuerwehr-brilon.de\/wp-up\/2023\/06\/IMG_1401_tw.jpg?resize=350%2C200&ssl=1","width":350,"height":200,"srcset":"https:\/\/i0.wp.com\/www.feuerwehr-brilon.de\/wp-up\/2023\/06\/IMG_1401_tw.jpg?resize=350%2C200&ssl=1 1x, https:\/\/i0.wp.com\/www.feuerwehr-brilon.de\/wp-up\/2023\/06\/IMG_1401_tw.jpg?resize=525%2C300&ssl=1 1.5x, https:\/\/i0.wp.com\/www.feuerwehr-brilon.de\/wp-up\/2023\/06\/IMG_1401_tw.jpg?resize=700%2C400&ssl=1 2x"},"classes":[]}],"_links":{"self":[{"href":"https:\/\/www.feuerwehr-brilon.de\/index.php?rest_route=\/wp\/v2\/posts\/30289","targetHints":{"allow":["GET"]}}],"collection":[{"href":"https:\/\/www.feuerwehr-brilon.de\/index.php?rest_route=\/wp\/v2\/posts"}],"about":[{"href":"https:\/\/www.feuerwehr-brilon.de\/index.php?rest_route=\/wp\/v2\/types\/post"}],"author":[{"embeddable":true,"href":"https:\/\/www.feuerwehr-brilon.de\/index.php?rest_route=\/wp\/v2\/users\/8"}],"replies":[{"embeddable":true,"href":"https:\/\/www.feuerwehr-brilon.de\/index.php?rest_route=%2Fwp%2Fv2%2Fcomments&post=30289"}],"version-history":[{"count":1,"href":"https:\/\/www.feuerwehr-brilon.de\/index.php?rest_route=\/wp\/v2\/posts\/30289\/revisions"}],"predecessor-version":[{"id":30290,"href":"https:\/\/www.feuerwehr-brilon.de\/index.php?rest_route=\/wp\/v2\/posts\/30289\/revisions\/30290"}],"wp:attachment":[{"href":"https:\/\/www.feuerwehr-brilon.de\/index.php?rest_route=%2Fwp%2Fv2%2Fmedia&parent=30289"}],"wp:term":[{"taxonomy":"category","embeddable":true,"href":"https:\/\/www.feuerwehr-brilon.de\/index.php?rest_route=%2Fwp%2Fv2%2Fcategories&post=30289"},{"taxonomy":"post_tag","embeddable":true,"href":"https:\/\/www.feuerwehr-brilon.de\/index.php?rest_route=%2Fwp%2Fv2%2Ftags&post=30289"}],"curies":[{"name":"wp","href":"https:\/\/api.w.org\/{rel}","templated":true}]}}