{"id":30294,"date":"2022-10-22T07:48:20","date_gmt":"2022-10-22T05:48:20","guid":{"rendered":"https:\/\/www.feuerwehr-brilon.de\/?p=30294"},"modified":"2022-10-22T07:48:20","modified_gmt":"2022-10-22T05:48:20","slug":"einsatz-644","status":"publish","type":"post","link":"https:\/\/www.feuerwehr-brilon.de\/?p=30294","title":{"rendered":"+++ Einsatz +++"},"content":{"rendered":"<p>21.10. 16:39Uhr, Hilfeleistung, H0 \u00d6lspur, Brilon, Friedrichstra\u00dfe, \u00d6lspur<\/p>\n","protected":false},"excerpt":{"rendered":"<p>21.10. 16:39Uhr, Hilfeleistung, H0 \u00d6lspur, Brilon, Friedrichstra\u00dfe, \u00d6lspur<\/p>\n","protected":false},"author":8,"featured_media":30281,"comment_status":"closed","ping_status":"closed","sticky":false,"template":"","format":"standard","meta":{"_exactmetrics_skip_tracking":false,"_exactmetrics_sitenote_active":false,"_exactmetrics_sitenote_note":"","_exactmetrics_sitenote_category":0,"jetpack_post_was_ever_published":false,"_jetpack_newsletter_access":"","_jetpack_dont_email_post_to_subs":false,"_jetpack_newsletter_tier_id":0,"_jetpack_memberships_contains_paywalled_content":false,"_jetpack_memberships_contains_paid_content":false,"footnotes":""},"categories":[102],"tags":[],"class_list":["post-30294","post","type-post","status-publish","format-standard","has-post-thumbnail","hentry","category-alarmierungen"],"jetpack_featured_media_url":"https:\/\/www.feuerwehr-brilon.de\/wp-up\/2022\/10\/sym_Oelspur_.jpg","jetpack_shortlink":"https:\/\/wp.me\/pCIJa-7SC","jetpack_sharing_enabled":true,"jetpack-related-posts":[{"id":30074,"url":"https:\/\/www.feuerwehr-brilon.de\/?p=30074","url_meta":{"origin":30294,"position":0},"title":"+++ Einsatz +++","author":"Andreas Becker","date":"4. August 2022","format":false,"excerpt":"02.08. 19:39Uhr, Hilfeleistung, H0 \u00d6lspur, Brilon, Papestra\u00dfe, \u00d6lspur","rel":"","context":"In &quot;Alarmierungen&quot;","block_context":{"text":"Alarmierungen","link":"https:\/\/www.feuerwehr-brilon.de\/?cat=102"},"img":{"alt_text":"","src":"","width":0,"height":0},"classes":[]},{"id":32827,"url":"https:\/\/www.feuerwehr-brilon.de\/?p=32827","url_meta":{"origin":30294,"position":1},"title":"+++ Einsatz +++","author":"Andreas Becker","date":"3. Oktober 2024","format":false,"excerpt":"02.10. 18:39Uhr, Hilfeleistung, H0 \u00d6lspur, W\u00fclfte, Im Wenster, \u00d6lspur","rel":"","context":"In &quot;Alarmierungen&quot;","block_context":{"text":"Alarmierungen","link":"https:\/\/www.feuerwehr-brilon.de\/?cat=102"},"img":{"alt_text":"","src":"","width":0,"height":0},"classes":[]},{"id":22990,"url":"https:\/\/www.feuerwehr-brilon.de\/?p=22990","url_meta":{"origin":30294,"position":2},"title":"+++ Einsatz +++","author":"Andreas Becker","date":"13. Dezember 2020","format":false,"excerpt":"13.12. 09:39Uhr, Hilfeleistung, H0 \u00d6lspur, Brilon, K\u00f6nigstra\u00dfe, 20m Dieselspur","rel":"","context":"In &quot;Alarmierungen&quot;","block_context":{"text":"Alarmierungen","link":"https:\/\/www.feuerwehr-brilon.de\/?cat=102"},"img":{"alt_text":"","src":"https:\/\/i0.wp.com\/www.feuerwehr-brilon.de\/wp-up\/2020\/02\/Oelspur.jpg?resize=350%2C200&ssl=1","width":350,"height":200,"srcset":"https:\/\/i0.wp.com\/www.feuerwehr-brilon.de\/wp-up\/2020\/02\/Oelspur.jpg?resize=350%2C200&ssl=1 1x, https:\/\/i0.wp.com\/www.feuerwehr-brilon.de\/wp-up\/2020\/02\/Oelspur.jpg?resize=525%2C300&ssl=1 1.5x"},"classes":[]},{"id":29815,"url":"https:\/\/www.feuerwehr-brilon.de\/?p=29815","url_meta":{"origin":30294,"position":3},"title":"+++ Einsatz +++","author":"Andreas Becker","date":"24. Mai 2022","format":false,"excerpt":"24.05. 16:30Uhr, Hilfeleistung, H0 \u00d6lspur, Brilon, M\u00f6hnestra\u00dfe, \u00d6lspur","rel":"","context":"In &quot;Alarmierungen&quot;","block_context":{"text":"Alarmierungen","link":"https:\/\/www.feuerwehr-brilon.de\/?cat=102"},"img":{"alt_text":"","src":"https:\/\/i0.wp.com\/www.feuerwehr-brilon.de\/wp-up\/2020\/02\/Oelspur.jpg?resize=350%2C200&ssl=1","width":350,"height":200,"srcset":"https:\/\/i0.wp.com\/www.feuerwehr-brilon.de\/wp-up\/2020\/02\/Oelspur.jpg?resize=350%2C200&ssl=1 1x, https:\/\/i0.wp.com\/www.feuerwehr-brilon.de\/wp-up\/2020\/02\/Oelspur.jpg?resize=525%2C300&ssl=1 1.5x"},"classes":[]},{"id":31733,"url":"https:\/\/www.feuerwehr-brilon.de\/?p=31733","url_meta":{"origin":30294,"position":4},"title":"+++ Einsatz +++","author":"Andreas Becker","date":"20. November 2023","format":false,"excerpt":"14.11. 16:58Uhr, Hilfeleistung, H0 \u00d6lspur, Brilon, Siepenweg, \u00d6lspur","rel":"","context":"In &quot;Alarmierungen&quot;","block_context":{"text":"Alarmierungen","link":"https:\/\/www.feuerwehr-brilon.de\/?cat=102"},"img":{"alt_text":"","src":"","width":0,"height":0},"classes":[]},{"id":32114,"url":"https:\/\/www.feuerwehr-brilon.de\/?p=32114","url_meta":{"origin":30294,"position":5},"title":"+++ Einsatz +++","author":"Andreas Becker","date":"19. Februar 2024","format":false,"excerpt":"19.02. 16:33Uhr, Hilfeleistung, H0 \u00d6lspur, Brilon, M\u00f6hnestra\u00dfe, \u00d6lspur","rel":"","context":"In &quot;Alarmierungen&quot;","block_context":{"text":"Alarmierungen","link":"https:\/\/www.feuerwehr-brilon.de\/?cat=102"},"img":{"alt_text":"","src":"https:\/\/i0.wp.com\/www.feuerwehr-brilon.de\/wp-up\/2022\/10\/sym_Oelspur_.jpg?resize=350%2C200&ssl=1","width":350,"height":200,"srcset":"https:\/\/i0.wp.com\/www.feuerwehr-brilon.de\/wp-up\/2022\/10\/sym_Oelspur_.jpg?resize=350%2C200&ssl=1 1x, https:\/\/i0.wp.com\/www.feuerwehr-brilon.de\/wp-up\/2022\/10\/sym_Oelspur_.jpg?resize=525%2C300&ssl=1 1.5x, https:\/\/i0.wp.com\/www.feuerwehr-brilon.de\/wp-up\/2022\/10\/sym_Oelspur_.jpg?resize=700%2C400&ssl=1 2x"},"classes":[]}],"_links":{"self":[{"href":"https:\/\/www.feuerwehr-brilon.de\/index.php?rest_route=\/wp\/v2\/posts\/30294","targetHints":{"allow":["GET"]}}],"collection":[{"href":"https:\/\/www.feuerwehr-brilon.de\/index.php?rest_route=\/wp\/v2\/posts"}],"about":[{"href":"https:\/\/www.feuerwehr-brilon.de\/index.php?rest_route=\/wp\/v2\/types\/post"}],"author":[{"embeddable":true,"href":"https:\/\/www.feuerwehr-brilon.de\/index.php?rest_route=\/wp\/v2\/users\/8"}],"replies":[{"embeddable":true,"href":"https:\/\/www.feuerwehr-brilon.de\/index.php?rest_route=%2Fwp%2Fv2%2Fcomments&post=30294"}],"version-history":[{"count":0,"href":"https:\/\/www.feuerwehr-brilon.de\/index.php?rest_route=\/wp\/v2\/posts\/30294\/revisions"}],"wp:featuredmedia":[{"embeddable":true,"href":"https:\/\/www.feuerwehr-brilon.de\/index.php?rest_route=\/wp\/v2\/media\/30281"}],"wp:attachment":[{"href":"https:\/\/www.feuerwehr-brilon.de\/index.php?rest_route=%2Fwp%2Fv2%2Fmedia&parent=30294"}],"wp:term":[{"taxonomy":"category","embeddable":true,"href":"https:\/\/www.feuerwehr-brilon.de\/index.php?rest_route=%2Fwp%2Fv2%2Fcategories&post=30294"},{"taxonomy":"post_tag","embeddable":true,"href":"https:\/\/www.feuerwehr-brilon.de\/index.php?rest_route=%2Fwp%2Fv2%2Ftags&post=30294"}],"curies":[{"name":"wp","href":"https:\/\/api.w.org\/{rel}","templated":true}]}}