{"id":30296,"date":"2022-10-29T10:16:28","date_gmt":"2022-10-29T08:16:28","guid":{"rendered":"https:\/\/www.feuerwehr-brilon.de\/?p=30296"},"modified":"2022-10-29T10:16:28","modified_gmt":"2022-10-29T08:16:28","slug":"einsatz-646","status":"publish","type":"post","link":"https:\/\/www.feuerwehr-brilon.de\/?p=30296","title":{"rendered":"+++ Einsatz +++"},"content":{"rendered":"<p>28.10. 16:19Uhr, Hilfeleistung, H0 Unfall, Brilon, M\u00f6hnestra\u00dfe, Verkehrsunfall<\/p>\n","protected":false},"excerpt":{"rendered":"<p>28.10. 16:19Uhr, Hilfeleistung, H0 Unfall, Brilon, M\u00f6hnestra\u00dfe, Verkehrsunfall<\/p>\n","protected":false},"author":8,"featured_media":30155,"comment_status":"closed","ping_status":"closed","sticky":false,"template":"","format":"standard","meta":{"_exactmetrics_skip_tracking":false,"_exactmetrics_sitenote_active":false,"_exactmetrics_sitenote_note":"","_exactmetrics_sitenote_category":0,"jetpack_post_was_ever_published":false,"_jetpack_newsletter_access":"","_jetpack_dont_email_post_to_subs":false,"_jetpack_newsletter_tier_id":0,"_jetpack_memberships_contains_paywalled_content":false,"_jetpack_memberships_contains_paid_content":false,"footnotes":""},"categories":[102],"tags":[],"class_list":["post-30296","post","type-post","status-publish","format-standard","has-post-thumbnail","hentry","category-alarmierungen"],"jetpack_featured_media_url":"https:\/\/www.feuerwehr-brilon.de\/wp-up\/2022\/08\/ticker.jpg","jetpack_shortlink":"https:\/\/wp.me\/pCIJa-7SE","jetpack_sharing_enabled":true,"jetpack-related-posts":[{"id":31417,"url":"https:\/\/www.feuerwehr-brilon.de\/?p=31417","url_meta":{"origin":30296,"position":0},"title":"+++ Einsatz +++","author":"Andreas Becker","date":"12. August 2023","format":false,"excerpt":"11.08. 16:46Uhr, Hilfeleistung, H0 Unfall, W\u00fclfte, M\u00f6hnestra\u00dfe, Verkehrsunfall","rel":"","context":"In &quot;Alarmierungen&quot;","block_context":{"text":"Alarmierungen","link":"https:\/\/www.feuerwehr-brilon.de\/?cat=102"},"img":{"alt_text":"","src":"https:\/\/i0.wp.com\/www.feuerwehr-brilon.de\/wp-up\/2022\/12\/42352cc9-1c78-4276-b449-72b12b378cd6.jpg?resize=350%2C200&ssl=1","width":350,"height":200,"srcset":"https:\/\/i0.wp.com\/www.feuerwehr-brilon.de\/wp-up\/2022\/12\/42352cc9-1c78-4276-b449-72b12b378cd6.jpg?resize=350%2C200&ssl=1 1x, https:\/\/i0.wp.com\/www.feuerwehr-brilon.de\/wp-up\/2022\/12\/42352cc9-1c78-4276-b449-72b12b378cd6.jpg?resize=525%2C300&ssl=1 1.5x, https:\/\/i0.wp.com\/www.feuerwehr-brilon.de\/wp-up\/2022\/12\/42352cc9-1c78-4276-b449-72b12b378cd6.jpg?resize=700%2C400&ssl=1 2x"},"classes":[]},{"id":22688,"url":"https:\/\/www.feuerwehr-brilon.de\/?p=22688","url_meta":{"origin":30296,"position":1},"title":"+++ Einsatz +++","author":"Andreas Becker","date":"27. August 2020","format":false,"excerpt":"27.08. 09:36Uhr, Hilfeleistung, H0 Unfall, Brilon, M\u00f6hnestra\u00dfe, Verkehrsunfall","rel":"","context":"In &quot;Alarmierungen&quot;","block_context":{"text":"Alarmierungen","link":"https:\/\/www.feuerwehr-brilon.de\/?cat=102"},"img":{"alt_text":"","src":"https:\/\/i0.wp.com\/www.feuerwehr-brilon.de\/wp-up\/2020\/08\/200827_VU_Moehnestr.jpg?resize=350%2C200&ssl=1","width":350,"height":200,"srcset":"https:\/\/i0.wp.com\/www.feuerwehr-brilon.de\/wp-up\/2020\/08\/200827_VU_Moehnestr.jpg?resize=350%2C200&ssl=1 1x, https:\/\/i0.wp.com\/www.feuerwehr-brilon.de\/wp-up\/2020\/08\/200827_VU_Moehnestr.jpg?resize=525%2C300&ssl=1 1.5x, https:\/\/i0.wp.com\/www.feuerwehr-brilon.de\/wp-up\/2020\/08\/200827_VU_Moehnestr.jpg?resize=700%2C400&ssl=1 2x"},"classes":[]},{"id":33606,"url":"https:\/\/www.feuerwehr-brilon.de\/?p=33606","url_meta":{"origin":30296,"position":2},"title":"+++ Einsatz +++","author":"Andreas Becker","date":"23. Juli 2025","format":false,"excerpt":"23.07. 07:19Uhr, Hilfeleistung, H0 Unfall, Nehden, Zum Marmorbruch, Verkehrsunfall","rel":"","context":"In &quot;Alarmierungen&quot;","block_context":{"text":"Alarmierungen","link":"https:\/\/www.feuerwehr-brilon.de\/?cat=102"},"img":{"alt_text":"","src":"","width":0,"height":0},"classes":[]},{"id":32411,"url":"https:\/\/www.feuerwehr-brilon.de\/?p=32411","url_meta":{"origin":30296,"position":3},"title":"+++ Einsatz +++","author":"Andreas Becker","date":"16. Mai 2024","format":false,"excerpt":"15.05. 16:36Uhr, Hilfeleistung, H0 Unfall, Altenb\u00fcren, Antfelder Str., Verkehrsunfall","rel":"","context":"In &quot;Alarmierungen&quot;","block_context":{"text":"Alarmierungen","link":"https:\/\/www.feuerwehr-brilon.de\/?cat=102"},"img":{"alt_text":"","src":"https:\/\/i0.wp.com\/www.feuerwehr-brilon.de\/wp-up\/2023\/03\/sym_sign.jpg?resize=350%2C200&ssl=1","width":350,"height":200,"srcset":"https:\/\/i0.wp.com\/www.feuerwehr-brilon.de\/wp-up\/2023\/03\/sym_sign.jpg?resize=350%2C200&ssl=1 1x, https:\/\/i0.wp.com\/www.feuerwehr-brilon.de\/wp-up\/2023\/03\/sym_sign.jpg?resize=525%2C300&ssl=1 1.5x, https:\/\/i0.wp.com\/www.feuerwehr-brilon.de\/wp-up\/2023\/03\/sym_sign.jpg?resize=700%2C400&ssl=1 2x"},"classes":[]},{"id":33307,"url":"https:\/\/www.feuerwehr-brilon.de\/?p=33307","url_meta":{"origin":30296,"position":4},"title":"+++ Einsatz +++","author":"Andreas Becker","date":"20. M\u00e4rz 2025","format":false,"excerpt":"19.03. 23:04Uhr, Hilfeleistung, H0 Unfall, Brilon, Ostring, Verkehrsunfall","rel":"","context":"In &quot;Alarmierungen&quot;","block_context":{"text":"Alarmierungen","link":"https:\/\/www.feuerwehr-brilon.de\/?cat=102"},"img":{"alt_text":"","src":"","width":0,"height":0},"classes":[]},{"id":33093,"url":"https:\/\/www.feuerwehr-brilon.de\/?p=33093","url_meta":{"origin":30296,"position":5},"title":"+++ Einsatz +++","author":"Andreas Becker","date":"6. Januar 2025","format":false,"excerpt":"06.01. 18:22Uhr, Hilfeleistung, H0 Unfall, Brilon, M\u00f6hnetal, Verkehrsunfall","rel":"","context":"In &quot;Alarmierungen&quot;","block_context":{"text":"Alarmierungen","link":"https:\/\/www.feuerwehr-brilon.de\/?cat=102"},"img":{"alt_text":"","src":"","width":0,"height":0},"classes":[]}],"_links":{"self":[{"href":"https:\/\/www.feuerwehr-brilon.de\/index.php?rest_route=\/wp\/v2\/posts\/30296","targetHints":{"allow":["GET"]}}],"collection":[{"href":"https:\/\/www.feuerwehr-brilon.de\/index.php?rest_route=\/wp\/v2\/posts"}],"about":[{"href":"https:\/\/www.feuerwehr-brilon.de\/index.php?rest_route=\/wp\/v2\/types\/post"}],"author":[{"embeddable":true,"href":"https:\/\/www.feuerwehr-brilon.de\/index.php?rest_route=\/wp\/v2\/users\/8"}],"replies":[{"embeddable":true,"href":"https:\/\/www.feuerwehr-brilon.de\/index.php?rest_route=%2Fwp%2Fv2%2Fcomments&post=30296"}],"version-history":[{"count":0,"href":"https:\/\/www.feuerwehr-brilon.de\/index.php?rest_route=\/wp\/v2\/posts\/30296\/revisions"}],"wp:featuredmedia":[{"embeddable":true,"href":"https:\/\/www.feuerwehr-brilon.de\/index.php?rest_route=\/wp\/v2\/media\/30155"}],"wp:attachment":[{"href":"https:\/\/www.feuerwehr-brilon.de\/index.php?rest_route=%2Fwp%2Fv2%2Fmedia&parent=30296"}],"wp:term":[{"taxonomy":"category","embeddable":true,"href":"https:\/\/www.feuerwehr-brilon.de\/index.php?rest_route=%2Fwp%2Fv2%2Fcategories&post=30296"},{"taxonomy":"post_tag","embeddable":true,"href":"https:\/\/www.feuerwehr-brilon.de\/index.php?rest_route=%2Fwp%2Fv2%2Ftags&post=30296"}],"curies":[{"name":"wp","href":"https:\/\/api.w.org\/{rel}","templated":true}]}}