{"id":30425,"date":"2022-11-30T06:45:23","date_gmt":"2022-11-30T05:45:23","guid":{"rendered":"https:\/\/www.feuerwehr-brilon.de\/?p=30425"},"modified":"2022-11-30T06:45:23","modified_gmt":"2022-11-30T05:45:23","slug":"einsatz-660","status":"publish","type":"post","link":"https:\/\/www.feuerwehr-brilon.de\/?p=30425","title":{"rendered":"+++ Einsatz +++"},"content":{"rendered":"<p>30.11. 04:24Uhr, Hilfeleistung, H0 T\u00fcr, Brilon, Eichholzstra\u00dfe, T\u00fcr\u00f6ffnung<\/p>\n","protected":false},"excerpt":{"rendered":"<p>30.11. 04:24Uhr, Hilfeleistung, H0 T\u00fcr, Brilon, Eichholzstra\u00dfe, T\u00fcr\u00f6ffnung<\/p>\n","protected":false},"author":8,"featured_media":30206,"comment_status":"closed","ping_status":"closed","sticky":false,"template":"","format":"standard","meta":{"_exactmetrics_skip_tracking":false,"_exactmetrics_sitenote_active":false,"_exactmetrics_sitenote_note":"","_exactmetrics_sitenote_category":0,"jetpack_post_was_ever_published":false,"_jetpack_newsletter_access":"","_jetpack_dont_email_post_to_subs":false,"_jetpack_newsletter_tier_id":0,"_jetpack_memberships_contains_paywalled_content":false,"_jetpack_memberships_contains_paid_content":false,"footnotes":""},"categories":[102],"tags":[],"class_list":["post-30425","post","type-post","status-publish","format-standard","has-post-thumbnail","hentry","category-alarmierungen"],"jetpack_featured_media_url":"https:\/\/www.feuerwehr-brilon.de\/wp-up\/2022\/09\/sym_tuer.jpg","jetpack_shortlink":"https:\/\/wp.me\/pCIJa-7UJ","jetpack_sharing_enabled":true,"jetpack-related-posts":[{"id":29926,"url":"https:\/\/www.feuerwehr-brilon.de\/?p=29926","url_meta":{"origin":30425,"position":0},"title":"+++ Einsatz +++","author":"Andreas Becker","date":"7. Juli 2022","format":false,"excerpt":"07.07. 07:24Uhr, Hilfeleistung, H0 T\u00fcr, Altenb\u00fcren, Kreuzbergstra\u00dfe, T\u00fcr\u00f6ffnung","rel":"","context":"In &quot;Alarmierungen&quot;","block_context":{"text":"Alarmierungen","link":"https:\/\/www.feuerwehr-brilon.de\/?cat=102"},"img":{"alt_text":"","src":"https:\/\/i0.wp.com\/www.feuerwehr-brilon.de\/wp-up\/2020\/08\/Tueroeffnung.jpg?resize=350%2C200&ssl=1","width":350,"height":200,"srcset":"https:\/\/i0.wp.com\/www.feuerwehr-brilon.de\/wp-up\/2020\/08\/Tueroeffnung.jpg?resize=350%2C200&ssl=1 1x, https:\/\/i0.wp.com\/www.feuerwehr-brilon.de\/wp-up\/2020\/08\/Tueroeffnung.jpg?resize=525%2C300&ssl=1 1.5x, https:\/\/i0.wp.com\/www.feuerwehr-brilon.de\/wp-up\/2020\/08\/Tueroeffnung.jpg?resize=700%2C400&ssl=1 2x"},"classes":[]},{"id":30204,"url":"https:\/\/www.feuerwehr-brilon.de\/?p=30204","url_meta":{"origin":30425,"position":1},"title":"+++ Einsatz +++","author":"Andreas Becker","date":"13. September 2022","format":false,"excerpt":"13.09. 04:18Uhr, Hilfeleistung, H0 T\u00fcr, Brilon, Strackestr., T\u00fcr\u00f6ffnung","rel":"","context":"In &quot;Alarmierungen&quot;","block_context":{"text":"Alarmierungen","link":"https:\/\/www.feuerwehr-brilon.de\/?cat=102"},"img":{"alt_text":"","src":"https:\/\/i0.wp.com\/www.feuerwehr-brilon.de\/wp-up\/2022\/09\/ezy-watermark_13-09-2022_10-44-42am.jpg?resize=350%2C200&ssl=1","width":350,"height":200,"srcset":"https:\/\/i0.wp.com\/www.feuerwehr-brilon.de\/wp-up\/2022\/09\/ezy-watermark_13-09-2022_10-44-42am.jpg?resize=350%2C200&ssl=1 1x, https:\/\/i0.wp.com\/www.feuerwehr-brilon.de\/wp-up\/2022\/09\/ezy-watermark_13-09-2022_10-44-42am.jpg?resize=525%2C300&ssl=1 1.5x, https:\/\/i0.wp.com\/www.feuerwehr-brilon.de\/wp-up\/2022\/09\/ezy-watermark_13-09-2022_10-44-42am.jpg?resize=700%2C400&ssl=1 2x"},"classes":[]},{"id":34455,"url":"https:\/\/www.feuerwehr-brilon.de\/?p=34455","url_meta":{"origin":30425,"position":2},"title":"+++ Einsatz +++","author":"Erwin Mungenast","date":"5. M\u00e4rz 2026","format":false,"excerpt":"28.02. 09:24Uhr, Hilfeleistung, H0 T\u00fcr, Brilon-Wald, Korbacher Str., Aufzugsnotbefreiung","rel":"","context":"In &quot;Alarmierungen&quot;","block_context":{"text":"Alarmierungen","link":"https:\/\/www.feuerwehr-brilon.de\/?cat=102"},"img":{"alt_text":"","src":"","width":0,"height":0},"classes":[]},{"id":32341,"url":"https:\/\/www.feuerwehr-brilon.de\/?p=32341","url_meta":{"origin":30425,"position":3},"title":"+++ Einsatz +++","author":"Andreas Becker","date":"4. Mai 2024","format":false,"excerpt":"04.05. 04:30Uhr, Hilfeleistung, H0 T\u00fcr, Alme, L\u00e4rchenweg, T\u00fcr\u00f6ffnung","rel":"","context":"In &quot;Alarmierungen&quot;","block_context":{"text":"Alarmierungen","link":"https:\/\/www.feuerwehr-brilon.de\/?cat=102"},"img":{"alt_text":"","src":"https:\/\/i0.wp.com\/www.feuerwehr-brilon.de\/wp-up\/2022\/09\/sym_tuer.jpg?resize=350%2C200&ssl=1","width":350,"height":200,"srcset":"https:\/\/i0.wp.com\/www.feuerwehr-brilon.de\/wp-up\/2022\/09\/sym_tuer.jpg?resize=350%2C200&ssl=1 1x, https:\/\/i0.wp.com\/www.feuerwehr-brilon.de\/wp-up\/2022\/09\/sym_tuer.jpg?resize=525%2C300&ssl=1 1.5x, https:\/\/i0.wp.com\/www.feuerwehr-brilon.de\/wp-up\/2022\/09\/sym_tuer.jpg?resize=700%2C400&ssl=1 2x"},"classes":[]},{"id":33162,"url":"https:\/\/www.feuerwehr-brilon.de\/?p=33162","url_meta":{"origin":30425,"position":4},"title":"+++ Einsatz +++","author":"Andreas Becker","date":"26. Januar 2025","format":false,"excerpt":"26.01. 20:31Uhr, Hilfeleistung, H0 T\u00fcr, Brilon, M\u00fchlenweg, T\u00fcr\u00f6ffnung","rel":"","context":"In &quot;Alarmierungen&quot;","block_context":{"text":"Alarmierungen","link":"https:\/\/www.feuerwehr-brilon.de\/?cat=102"},"img":{"alt_text":"","src":"","width":0,"height":0},"classes":[]},{"id":32988,"url":"https:\/\/www.feuerwehr-brilon.de\/?p=32988","url_meta":{"origin":30425,"position":5},"title":"+++ Einsatz +++","author":"Andreas Becker","date":"22. November 2024","format":false,"excerpt":"22.11. 10:51Uhr, Hilfeleistung, H0 T\u00fcr, Brilon, Nordring, T\u00fcr\u00f6ffnung","rel":"","context":"In &quot;Alarmierungen&quot;","block_context":{"text":"Alarmierungen","link":"https:\/\/www.feuerwehr-brilon.de\/?cat=102"},"img":{"alt_text":"","src":"","width":0,"height":0},"classes":[]}],"_links":{"self":[{"href":"https:\/\/www.feuerwehr-brilon.de\/index.php?rest_route=\/wp\/v2\/posts\/30425","targetHints":{"allow":["GET"]}}],"collection":[{"href":"https:\/\/www.feuerwehr-brilon.de\/index.php?rest_route=\/wp\/v2\/posts"}],"about":[{"href":"https:\/\/www.feuerwehr-brilon.de\/index.php?rest_route=\/wp\/v2\/types\/post"}],"author":[{"embeddable":true,"href":"https:\/\/www.feuerwehr-brilon.de\/index.php?rest_route=\/wp\/v2\/users\/8"}],"replies":[{"embeddable":true,"href":"https:\/\/www.feuerwehr-brilon.de\/index.php?rest_route=%2Fwp%2Fv2%2Fcomments&post=30425"}],"version-history":[{"count":1,"href":"https:\/\/www.feuerwehr-brilon.de\/index.php?rest_route=\/wp\/v2\/posts\/30425\/revisions"}],"predecessor-version":[{"id":30426,"href":"https:\/\/www.feuerwehr-brilon.de\/index.php?rest_route=\/wp\/v2\/posts\/30425\/revisions\/30426"}],"wp:featuredmedia":[{"embeddable":true,"href":"https:\/\/www.feuerwehr-brilon.de\/index.php?rest_route=\/wp\/v2\/media\/30206"}],"wp:attachment":[{"href":"https:\/\/www.feuerwehr-brilon.de\/index.php?rest_route=%2Fwp%2Fv2%2Fmedia&parent=30425"}],"wp:term":[{"taxonomy":"category","embeddable":true,"href":"https:\/\/www.feuerwehr-brilon.de\/index.php?rest_route=%2Fwp%2Fv2%2Fcategories&post=30425"},{"taxonomy":"post_tag","embeddable":true,"href":"https:\/\/www.feuerwehr-brilon.de\/index.php?rest_route=%2Fwp%2Fv2%2Ftags&post=30425"}],"curies":[{"name":"wp","href":"https:\/\/api.w.org\/{rel}","templated":true}]}}