{"id":30458,"date":"2022-12-03T12:50:30","date_gmt":"2022-12-03T11:50:30","guid":{"rendered":"https:\/\/www.feuerwehr-brilon.de\/?p=30458"},"modified":"2022-12-03T12:50:41","modified_gmt":"2022-12-03T11:50:41","slug":"einsatz-662","status":"publish","type":"post","link":"https:\/\/www.feuerwehr-brilon.de\/?p=30458","title":{"rendered":"+++ Einsatz +++"},"content":{"rendered":"<p>02.12. 15:14Uhr, Brandeinsatz, F2 Schorn, Petersborn, Am Kahlen Hohl, Kaminbrand<\/p>\n","protected":false},"excerpt":{"rendered":"<p>02.12. 15:14Uhr, Brandeinsatz, F2 Schorn, Petersborn, Am Kahlen Hohl, Kaminbrand<\/p>\n","protected":false},"author":8,"featured_media":0,"comment_status":"closed","ping_status":"closed","sticky":false,"template":"","format":"standard","meta":{"_exactmetrics_skip_tracking":false,"_exactmetrics_sitenote_active":false,"_exactmetrics_sitenote_note":"","_exactmetrics_sitenote_category":0,"jetpack_post_was_ever_published":false,"_jetpack_newsletter_access":"","_jetpack_dont_email_post_to_subs":false,"_jetpack_newsletter_tier_id":0,"_jetpack_memberships_contains_paywalled_content":false,"_jetpack_memberships_contains_paid_content":false,"footnotes":""},"categories":[102],"tags":[],"class_list":["post-30458","post","type-post","status-publish","format-standard","hentry","category-alarmierungen"],"jetpack_featured_media_url":"","jetpack_shortlink":"https:\/\/wp.me\/pCIJa-7Vg","jetpack_sharing_enabled":true,"jetpack-related-posts":[{"id":29845,"url":"https:\/\/www.feuerwehr-brilon.de\/?p=29845","url_meta":{"origin":30458,"position":0},"title":"+++ Einsatz +++","author":"Andreas Becker","date":"1. Juni 2022","format":false,"excerpt":"31.05. 22:22Uhr, Brandeinsatz, F2 Schorn, Brilon-Wald, Am Schellhorn, Kaminbrand","rel":"","context":"In &quot;Alarmierungen&quot;","block_context":{"text":"Alarmierungen","link":"https:\/\/www.feuerwehr-brilon.de\/?cat=102"},"img":{"alt_text":"","src":"https:\/\/i0.wp.com\/www.feuerwehr-brilon.de\/wp-up\/2022\/06\/ezy-watermark_01-06-2022_11-19-32am.jpg?resize=350%2C200&ssl=1","width":350,"height":200,"srcset":"https:\/\/i0.wp.com\/www.feuerwehr-brilon.de\/wp-up\/2022\/06\/ezy-watermark_01-06-2022_11-19-32am.jpg?resize=350%2C200&ssl=1 1x, https:\/\/i0.wp.com\/www.feuerwehr-brilon.de\/wp-up\/2022\/06\/ezy-watermark_01-06-2022_11-19-32am.jpg?resize=525%2C300&ssl=1 1.5x, https:\/\/i0.wp.com\/www.feuerwehr-brilon.de\/wp-up\/2022\/06\/ezy-watermark_01-06-2022_11-19-32am.jpg?resize=700%2C400&ssl=1 2x"},"classes":[]},{"id":30445,"url":"https:\/\/www.feuerwehr-brilon.de\/?p=30445","url_meta":{"origin":30458,"position":1},"title":"Kaminbrand in Petersborn","author":"Marcus Bange","date":"2. Dezember 2022","format":false,"excerpt":"Brilon. Die Briloner Feuerwehr hat am Freitagnachmittag (02.12.2022, 15:14 Uhr) einen Kaminbrand Am Kahlen Hohl in Peterborn gel\u00f6scht. Dort war ein Ru\u00dfbrand im Kamin ausgebrochen. Die Feuerwehr reinigte den Kamin mit einem Kehrwerkzeug unter Einsatz von schwerem Atemschutz von der Drehleiter. \u00dcber die Boden\u00f6ffnung des Kamins wurden die brennenden Ru\u00dfreste\u2026","rel":"","context":"In &quot;Eins\u00e4tze 2022&quot;","block_context":{"text":"Eins\u00e4tze 2022","link":"https:\/\/www.feuerwehr-brilon.de\/?cat=288"},"img":{"alt_text":"","src":"https:\/\/i0.wp.com\/www.feuerwehr-brilon.de\/wp-up\/2022\/12\/Kaminbrand-Am-Kahlen-Hohl-1.jpg?resize=350%2C200&ssl=1","width":350,"height":200,"srcset":"https:\/\/i0.wp.com\/www.feuerwehr-brilon.de\/wp-up\/2022\/12\/Kaminbrand-Am-Kahlen-Hohl-1.jpg?resize=350%2C200&ssl=1 1x, https:\/\/i0.wp.com\/www.feuerwehr-brilon.de\/wp-up\/2022\/12\/Kaminbrand-Am-Kahlen-Hohl-1.jpg?resize=525%2C300&ssl=1 1.5x, https:\/\/i0.wp.com\/www.feuerwehr-brilon.de\/wp-up\/2022\/12\/Kaminbrand-Am-Kahlen-Hohl-1.jpg?resize=700%2C400&ssl=1 2x"},"classes":[]},{"id":22055,"url":"https:\/\/www.feuerwehr-brilon.de\/?p=22055","url_meta":{"origin":30458,"position":2},"title":"+++ Einsatz +++","author":"Andreas Becker","date":"30. Januar 2020","format":false,"excerpt":"29.01. 19:14Uhr, Brandeinsatz, F2 Schorn, Brilon, Vo\u00dfkuhle, Ru\u00dfbrand im Schornstein","rel":"","context":"In &quot;Alarmierungen&quot;","block_context":{"text":"Alarmierungen","link":"https:\/\/www.feuerwehr-brilon.de\/?cat=102"},"img":{"alt_text":"","src":"","width":0,"height":0},"classes":[]},{"id":22911,"url":"https:\/\/www.feuerwehr-brilon.de\/?p=22911","url_meta":{"origin":30458,"position":3},"title":"+++ Einsatz +++","author":"Andreas Becker","date":"7. November 2020","format":false,"excerpt":"07.11. 20:16Uhr, Brandeinsatz, F2 Schorn, Brilon, Hermannstra\u00dfe, Kaminbrand","rel":"","context":"In &quot;Alarmierungen&quot;","block_context":{"text":"Alarmierungen","link":"https:\/\/www.feuerwehr-brilon.de\/?cat=102"},"img":{"alt_text":"","src":"https:\/\/i0.wp.com\/www.feuerwehr-brilon.de\/wp-up\/2020\/04\/Symbolbild_DLK_Schorn.jpg?resize=350%2C200&ssl=1","width":350,"height":200,"srcset":"https:\/\/i0.wp.com\/www.feuerwehr-brilon.de\/wp-up\/2020\/04\/Symbolbild_DLK_Schorn.jpg?resize=350%2C200&ssl=1 1x, https:\/\/i0.wp.com\/www.feuerwehr-brilon.de\/wp-up\/2020\/04\/Symbolbild_DLK_Schorn.jpg?resize=525%2C300&ssl=1 1.5x, https:\/\/i0.wp.com\/www.feuerwehr-brilon.de\/wp-up\/2020\/04\/Symbolbild_DLK_Schorn.jpg?resize=700%2C400&ssl=1 2x"},"classes":[]},{"id":23003,"url":"https:\/\/www.feuerwehr-brilon.de\/?p=23003","url_meta":{"origin":30458,"position":4},"title":"+++ Einsatz +++","author":"Andreas Becker","date":"20. Dezember 2020","format":false,"excerpt":"20.12. 10:45Uhr, Brandeinsatz, F2 Schorn, Alme, Bahnhofstra\u00dfe, Kaminbrand","rel":"","context":"In &quot;Alarmierungen&quot;","block_context":{"text":"Alarmierungen","link":"https:\/\/www.feuerwehr-brilon.de\/?cat=102"},"img":{"alt_text":"","src":"https:\/\/i0.wp.com\/www.feuerwehr-brilon.de\/wp-up\/2020\/12\/201220_Alme_Kamin.jpg?resize=350%2C200&ssl=1","width":350,"height":200,"srcset":"https:\/\/i0.wp.com\/www.feuerwehr-brilon.de\/wp-up\/2020\/12\/201220_Alme_Kamin.jpg?resize=350%2C200&ssl=1 1x, https:\/\/i0.wp.com\/www.feuerwehr-brilon.de\/wp-up\/2020\/12\/201220_Alme_Kamin.jpg?resize=525%2C300&ssl=1 1.5x, https:\/\/i0.wp.com\/www.feuerwehr-brilon.de\/wp-up\/2020\/12\/201220_Alme_Kamin.jpg?resize=700%2C400&ssl=1 2x"},"classes":[]},{"id":24082,"url":"https:\/\/www.feuerwehr-brilon.de\/?p=24082","url_meta":{"origin":30458,"position":5},"title":"+++ Einsatz +++","author":"Andreas Becker","date":"22. Januar 2022","format":false,"excerpt":"22.01. 12:04Uhr, Brandeinsatz, F2 Schorn, Gudenhagen, Sudetenstra\u00dfe, Kaminbrand","rel":"","context":"In &quot;Alarmierungen&quot;","block_context":{"text":"Alarmierungen","link":"https:\/\/www.feuerwehr-brilon.de\/?cat=102"},"img":{"alt_text":"","src":"https:\/\/i0.wp.com\/www.feuerwehr-brilon.de\/wp-up\/2021\/11\/ezy-watermark_18-11-2021_08-28-02am.jpg?resize=350%2C200&ssl=1","width":350,"height":200,"srcset":"https:\/\/i0.wp.com\/www.feuerwehr-brilon.de\/wp-up\/2021\/11\/ezy-watermark_18-11-2021_08-28-02am.jpg?resize=350%2C200&ssl=1 1x, https:\/\/i0.wp.com\/www.feuerwehr-brilon.de\/wp-up\/2021\/11\/ezy-watermark_18-11-2021_08-28-02am.jpg?resize=525%2C300&ssl=1 1.5x, https:\/\/i0.wp.com\/www.feuerwehr-brilon.de\/wp-up\/2021\/11\/ezy-watermark_18-11-2021_08-28-02am.jpg?resize=700%2C400&ssl=1 2x"},"classes":[]}],"_links":{"self":[{"href":"https:\/\/www.feuerwehr-brilon.de\/index.php?rest_route=\/wp\/v2\/posts\/30458","targetHints":{"allow":["GET"]}}],"collection":[{"href":"https:\/\/www.feuerwehr-brilon.de\/index.php?rest_route=\/wp\/v2\/posts"}],"about":[{"href":"https:\/\/www.feuerwehr-brilon.de\/index.php?rest_route=\/wp\/v2\/types\/post"}],"author":[{"embeddable":true,"href":"https:\/\/www.feuerwehr-brilon.de\/index.php?rest_route=\/wp\/v2\/users\/8"}],"replies":[{"embeddable":true,"href":"https:\/\/www.feuerwehr-brilon.de\/index.php?rest_route=%2Fwp%2Fv2%2Fcomments&post=30458"}],"version-history":[{"count":2,"href":"https:\/\/www.feuerwehr-brilon.de\/index.php?rest_route=\/wp\/v2\/posts\/30458\/revisions"}],"predecessor-version":[{"id":30460,"href":"https:\/\/www.feuerwehr-brilon.de\/index.php?rest_route=\/wp\/v2\/posts\/30458\/revisions\/30460"}],"wp:attachment":[{"href":"https:\/\/www.feuerwehr-brilon.de\/index.php?rest_route=%2Fwp%2Fv2%2Fmedia&parent=30458"}],"wp:term":[{"taxonomy":"category","embeddable":true,"href":"https:\/\/www.feuerwehr-brilon.de\/index.php?rest_route=%2Fwp%2Fv2%2Fcategories&post=30458"},{"taxonomy":"post_tag","embeddable":true,"href":"https:\/\/www.feuerwehr-brilon.de\/index.php?rest_route=%2Fwp%2Fv2%2Ftags&post=30458"}],"curies":[{"name":"wp","href":"https:\/\/api.w.org\/{rel}","templated":true}]}}