{"id":30462,"date":"2022-12-04T19:23:09","date_gmt":"2022-12-04T18:23:09","guid":{"rendered":"https:\/\/www.feuerwehr-brilon.de\/?p=30462"},"modified":"2022-12-04T19:23:09","modified_gmt":"2022-12-04T18:23:09","slug":"einsatz-663","status":"publish","type":"post","link":"https:\/\/www.feuerwehr-brilon.de\/?p=30462","title":{"rendered":"+++ Einsatz +++"},"content":{"rendered":"<p>04.12. 14:49Uhr, Hilfeleistung, H0 T\u00fcr, Gudenhagen, Gudenhagener Allee, Aufzugsnotbefreiung<\/p>\n","protected":false},"excerpt":{"rendered":"<p>04.12. 14:49Uhr, Hilfeleistung, H0 T\u00fcr, Gudenhagen, Gudenhagener Allee, Aufzugsnotbefreiung<\/p>\n","protected":false},"author":8,"featured_media":30155,"comment_status":"closed","ping_status":"closed","sticky":false,"template":"","format":"standard","meta":{"_exactmetrics_skip_tracking":false,"_exactmetrics_sitenote_active":false,"_exactmetrics_sitenote_note":"","_exactmetrics_sitenote_category":0,"jetpack_post_was_ever_published":false,"_jetpack_newsletter_access":"","_jetpack_dont_email_post_to_subs":false,"_jetpack_newsletter_tier_id":0,"_jetpack_memberships_contains_paywalled_content":false,"_jetpack_memberships_contains_paid_content":false,"footnotes":""},"categories":[102],"tags":[],"class_list":["post-30462","post","type-post","status-publish","format-standard","has-post-thumbnail","hentry","category-alarmierungen"],"jetpack_featured_media_url":"https:\/\/www.feuerwehr-brilon.de\/wp-up\/2022\/08\/ticker.jpg","jetpack_shortlink":"https:\/\/wp.me\/pCIJa-7Vk","jetpack_sharing_enabled":true,"jetpack-related-posts":[{"id":30122,"url":"https:\/\/www.feuerwehr-brilon.de\/?p=30122","url_meta":{"origin":30462,"position":0},"title":"+++ Einsatz +++","author":"Andreas Becker","date":"15. August 2022","format":false,"excerpt":"15.08. 19:14Uhr, Hilfeleistung, H0 T\u00fcr, Gudenhagen, Gudenhagener Allee, Aufzugsnotbefreiung","rel":"","context":"In &quot;Alarmierungen&quot;","block_context":{"text":"Alarmierungen","link":"https:\/\/www.feuerwehr-brilon.de\/?cat=102"},"img":{"alt_text":"","src":"https:\/\/i0.wp.com\/www.feuerwehr-brilon.de\/wp-up\/2020\/08\/Tueroeffnung.jpg?resize=350%2C200&ssl=1","width":350,"height":200,"srcset":"https:\/\/i0.wp.com\/www.feuerwehr-brilon.de\/wp-up\/2020\/08\/Tueroeffnung.jpg?resize=350%2C200&ssl=1 1x, https:\/\/i0.wp.com\/www.feuerwehr-brilon.de\/wp-up\/2020\/08\/Tueroeffnung.jpg?resize=525%2C300&ssl=1 1.5x, https:\/\/i0.wp.com\/www.feuerwehr-brilon.de\/wp-up\/2020\/08\/Tueroeffnung.jpg?resize=700%2C400&ssl=1 2x"},"classes":[]},{"id":31696,"url":"https:\/\/www.feuerwehr-brilon.de\/?p=31696","url_meta":{"origin":30462,"position":1},"title":"+++ Einsatz +++","author":"Andreas Becker","date":"2. November 2023","format":false,"excerpt":"02.11. 08:51Uhr, Hilfeleistung, H0 Sturm, Gudenhagen, Gudenhagener Allee, Baum auf Fahrbahn","rel":"","context":"In &quot;Alarmierungen&quot;","block_context":{"text":"Alarmierungen","link":"https:\/\/www.feuerwehr-brilon.de\/?cat=102"},"img":{"alt_text":"","src":"","width":0,"height":0},"classes":[]},{"id":21926,"url":"https:\/\/www.feuerwehr-brilon.de\/?p=21926","url_meta":{"origin":30462,"position":2},"title":"+++ Einsatz +++","author":"Andreas Becker","date":"4. Dezember 2019","format":false,"excerpt":"04.12. 15:08Uhr, Hilfeleistung, H0 T\u00fcr, Gudenhagen, R\u00fcbezahlweg, T\u00fcr\u00f6ffnung","rel":"","context":"In &quot;Alarmierungen&quot;","block_context":{"text":"Alarmierungen","link":"https:\/\/www.feuerwehr-brilon.de\/?cat=102"},"img":{"alt_text":"","src":"","width":0,"height":0},"classes":[]},{"id":31847,"url":"https:\/\/www.feuerwehr-brilon.de\/?p=31847","url_meta":{"origin":30462,"position":3},"title":"+++ Einsatz +++","author":"Andreas Becker","date":"24. Dezember 2023","format":false,"excerpt":"23.12. 14:46Uhr, Hilfeleistung, H0 T\u00fcr, Brilon, Alexanderstra\u00dfe, Aufzugsnotbefreiung","rel":"","context":"In &quot;Alarmierungen&quot;","block_context":{"text":"Alarmierungen","link":"https:\/\/www.feuerwehr-brilon.de\/?cat=102"},"img":{"alt_text":"","src":"https:\/\/i0.wp.com\/www.feuerwehr-brilon.de\/wp-up\/2023\/03\/sym_HLF-2.jpg?resize=350%2C200&ssl=1","width":350,"height":200,"srcset":"https:\/\/i0.wp.com\/www.feuerwehr-brilon.de\/wp-up\/2023\/03\/sym_HLF-2.jpg?resize=350%2C200&ssl=1 1x, https:\/\/i0.wp.com\/www.feuerwehr-brilon.de\/wp-up\/2023\/03\/sym_HLF-2.jpg?resize=525%2C300&ssl=1 1.5x, https:\/\/i0.wp.com\/www.feuerwehr-brilon.de\/wp-up\/2023\/03\/sym_HLF-2.jpg?resize=700%2C400&ssl=1 2x"},"classes":[]},{"id":30759,"url":"https:\/\/www.feuerwehr-brilon.de\/?p=30759","url_meta":{"origin":30462,"position":4},"title":"+++ Einsatz +++","author":"Andreas Becker","date":"17. Februar 2023","format":false,"excerpt":"16.02. 08:42Uhr, Hilfeleistung, H2 klemm, Gudenhagen, Gudenhagener Allee, eCall - unkl. Lage","rel":"","context":"In &quot;Alarmierungen&quot;","block_context":{"text":"Alarmierungen","link":"https:\/\/www.feuerwehr-brilon.de\/?cat=102"},"img":{"alt_text":"","src":"https:\/\/i0.wp.com\/www.feuerwehr-brilon.de\/wp-up\/2023\/02\/230216_VU_.jpg?resize=350%2C200&ssl=1","width":350,"height":200},"classes":[]},{"id":32487,"url":"https:\/\/www.feuerwehr-brilon.de\/?p=32487","url_meta":{"origin":30462,"position":5},"title":"+++ Einsatz +++","author":"Andreas Becker","date":"5. Juni 2024","format":false,"excerpt":"05.06. 14:13Uhr, Hilfeleistung, H0 T\u00fcr, Gudenhagen, An der Bremecke, T\u00fcr\u00f6ffnung","rel":"","context":"In &quot;Alarmierungen&quot;","block_context":{"text":"Alarmierungen","link":"https:\/\/www.feuerwehr-brilon.de\/?cat=102"},"img":{"alt_text":"","src":"https:\/\/i0.wp.com\/www.feuerwehr-brilon.de\/wp-up\/2022\/09\/sym_gwl2.jpg?resize=350%2C200&ssl=1","width":350,"height":200,"srcset":"https:\/\/i0.wp.com\/www.feuerwehr-brilon.de\/wp-up\/2022\/09\/sym_gwl2.jpg?resize=350%2C200&ssl=1 1x, https:\/\/i0.wp.com\/www.feuerwehr-brilon.de\/wp-up\/2022\/09\/sym_gwl2.jpg?resize=525%2C300&ssl=1 1.5x, https:\/\/i0.wp.com\/www.feuerwehr-brilon.de\/wp-up\/2022\/09\/sym_gwl2.jpg?resize=700%2C400&ssl=1 2x"},"classes":[]}],"_links":{"self":[{"href":"https:\/\/www.feuerwehr-brilon.de\/index.php?rest_route=\/wp\/v2\/posts\/30462","targetHints":{"allow":["GET"]}}],"collection":[{"href":"https:\/\/www.feuerwehr-brilon.de\/index.php?rest_route=\/wp\/v2\/posts"}],"about":[{"href":"https:\/\/www.feuerwehr-brilon.de\/index.php?rest_route=\/wp\/v2\/types\/post"}],"author":[{"embeddable":true,"href":"https:\/\/www.feuerwehr-brilon.de\/index.php?rest_route=\/wp\/v2\/users\/8"}],"replies":[{"embeddable":true,"href":"https:\/\/www.feuerwehr-brilon.de\/index.php?rest_route=%2Fwp%2Fv2%2Fcomments&post=30462"}],"version-history":[{"count":1,"href":"https:\/\/www.feuerwehr-brilon.de\/index.php?rest_route=\/wp\/v2\/posts\/30462\/revisions"}],"predecessor-version":[{"id":30463,"href":"https:\/\/www.feuerwehr-brilon.de\/index.php?rest_route=\/wp\/v2\/posts\/30462\/revisions\/30463"}],"wp:featuredmedia":[{"embeddable":true,"href":"https:\/\/www.feuerwehr-brilon.de\/index.php?rest_route=\/wp\/v2\/media\/30155"}],"wp:attachment":[{"href":"https:\/\/www.feuerwehr-brilon.de\/index.php?rest_route=%2Fwp%2Fv2%2Fmedia&parent=30462"}],"wp:term":[{"taxonomy":"category","embeddable":true,"href":"https:\/\/www.feuerwehr-brilon.de\/index.php?rest_route=%2Fwp%2Fv2%2Fcategories&post=30462"},{"taxonomy":"post_tag","embeddable":true,"href":"https:\/\/www.feuerwehr-brilon.de\/index.php?rest_route=%2Fwp%2Fv2%2Ftags&post=30462"}],"curies":[{"name":"wp","href":"https:\/\/api.w.org\/{rel}","templated":true}]}}