{"id":30494,"date":"2022-12-10T09:58:41","date_gmt":"2022-12-10T08:58:41","guid":{"rendered":"https:\/\/www.feuerwehr-brilon.de\/?p=30494"},"modified":"2022-12-10T10:05:26","modified_gmt":"2022-12-10T09:05:26","slug":"einsatz-666","status":"publish","type":"post","link":"https:\/\/www.feuerwehr-brilon.de\/?p=30494","title":{"rendered":"+++ Einsatz +++"},"content":{"rendered":"<p>09.12. 10:08Uhr, Hilfeleistung, H0 Unfall, Alme, -&gt; Bad W\u00fcnnenberg, Verkehrsunfall<\/p>\n","protected":false},"excerpt":{"rendered":"<p>09.12. 10:08Uhr, Hilfeleistung, H0 Unfall, Alme, -&gt; Bad W\u00fcnnenberg, Verkehrsunfall<\/p>\n","protected":false},"author":8,"featured_media":0,"comment_status":"closed","ping_status":"closed","sticky":false,"template":"","format":"standard","meta":{"_exactmetrics_skip_tracking":false,"_exactmetrics_sitenote_active":false,"_exactmetrics_sitenote_note":"","_exactmetrics_sitenote_category":0,"jetpack_post_was_ever_published":false,"_jetpack_newsletter_access":"","_jetpack_dont_email_post_to_subs":false,"_jetpack_newsletter_tier_id":0,"_jetpack_memberships_contains_paywalled_content":false,"_jetpack_memberships_contains_paid_content":false,"footnotes":""},"categories":[102],"tags":[],"class_list":["post-30494","post","type-post","status-publish","format-standard","hentry","category-alarmierungen"],"jetpack_featured_media_url":"","jetpack_shortlink":"https:\/\/wp.me\/pCIJa-7VQ","jetpack_sharing_enabled":true,"jetpack-related-posts":[{"id":31510,"url":"https:\/\/www.feuerwehr-brilon.de\/?p=31510","url_meta":{"origin":30494,"position":0},"title":"+++ Einsatz +++","author":"Andreas Becker","date":"16. September 2023","format":false,"excerpt":"15.09. 10:08Uhr, Hilfeleistung, H0 Unfall, Brilon, Hoppecker Str. \/ B251, Verkehrsunfall","rel":"","context":"In &quot;Alarmierungen&quot;","block_context":{"text":"Alarmierungen","link":"https:\/\/www.feuerwehr-brilon.de\/?cat=102"},"img":{"alt_text":"","src":"https:\/\/i0.wp.com\/www.feuerwehr-brilon.de\/wp-up\/2023\/03\/sym_HLF-2.jpg?resize=350%2C200&ssl=1","width":350,"height":200,"srcset":"https:\/\/i0.wp.com\/www.feuerwehr-brilon.de\/wp-up\/2023\/03\/sym_HLF-2.jpg?resize=350%2C200&ssl=1 1x, https:\/\/i0.wp.com\/www.feuerwehr-brilon.de\/wp-up\/2023\/03\/sym_HLF-2.jpg?resize=525%2C300&ssl=1 1.5x, https:\/\/i0.wp.com\/www.feuerwehr-brilon.de\/wp-up\/2023\/03\/sym_HLF-2.jpg?resize=700%2C400&ssl=1 2x"},"classes":[]},{"id":22855,"url":"https:\/\/www.feuerwehr-brilon.de\/?p=22855","url_meta":{"origin":30494,"position":1},"title":"+++ Einsatz +++","author":"Andreas Becker","date":"11. Oktober 2020","format":false,"excerpt":"10.10. 14:46Uhr, Hilfeleistung, H0 Unfall, Alme, L637 -> B\u00fcren, Verkehrsunfall","rel":"","context":"In &quot;Alarmierungen&quot;","block_context":{"text":"Alarmierungen","link":"https:\/\/www.feuerwehr-brilon.de\/?cat=102"},"img":{"alt_text":"","src":"https:\/\/i0.wp.com\/www.feuerwehr-brilon.de\/wp-up\/2020\/10\/201010_VU_Alme_-1.jpeg?resize=350%2C200&ssl=1","width":350,"height":200,"srcset":"https:\/\/i0.wp.com\/www.feuerwehr-brilon.de\/wp-up\/2020\/10\/201010_VU_Alme_-1.jpeg?resize=350%2C200&ssl=1 1x, https:\/\/i0.wp.com\/www.feuerwehr-brilon.de\/wp-up\/2020\/10\/201010_VU_Alme_-1.jpeg?resize=525%2C300&ssl=1 1.5x, https:\/\/i0.wp.com\/www.feuerwehr-brilon.de\/wp-up\/2020\/10\/201010_VU_Alme_-1.jpeg?resize=700%2C400&ssl=1 2x"},"classes":[]},{"id":34498,"url":"https:\/\/www.feuerwehr-brilon.de\/?p=34498","url_meta":{"origin":30494,"position":2},"title":"+++ Einsatz +++","author":"Erwin Mungenast","date":"17. M\u00e4rz 2026","format":false,"excerpt":"14.03. 11:45Uhr, Hilfeleistung, H0 \u00d6lspur, Alme, B480 Bad W\u00fcnnenberg -> Alme, \u00d6lspur","rel":"","context":"In &quot;Alarmierungen&quot;","block_context":{"text":"Alarmierungen","link":"https:\/\/www.feuerwehr-brilon.de\/?cat=102"},"img":{"alt_text":"","src":"","width":0,"height":0},"classes":[]},{"id":31491,"url":"https:\/\/www.feuerwehr-brilon.de\/?p=31491","url_meta":{"origin":30494,"position":3},"title":"+++ Einsatz +++","author":"Andreas Becker","date":"31. August 2023","format":false,"excerpt":"31.08. 15:29Uhr, Hilfeleistung, H0 \u00d6lspur, Alme, B480, \u00d6lspur -> Bad W\u00fcnnenberg","rel":"","context":"In &quot;Alarmierungen&quot;","block_context":{"text":"Alarmierungen","link":"https:\/\/www.feuerwehr-brilon.de\/?cat=102"},"img":{"alt_text":"","src":"https:\/\/i0.wp.com\/www.feuerwehr-brilon.de\/wp-up\/2022\/10\/sym_Oelspur_.jpg?resize=350%2C200&ssl=1","width":350,"height":200,"srcset":"https:\/\/i0.wp.com\/www.feuerwehr-brilon.de\/wp-up\/2022\/10\/sym_Oelspur_.jpg?resize=350%2C200&ssl=1 1x, https:\/\/i0.wp.com\/www.feuerwehr-brilon.de\/wp-up\/2022\/10\/sym_Oelspur_.jpg?resize=525%2C300&ssl=1 1.5x, https:\/\/i0.wp.com\/www.feuerwehr-brilon.de\/wp-up\/2022\/10\/sym_Oelspur_.jpg?resize=700%2C400&ssl=1 2x"},"classes":[]},{"id":21612,"url":"https:\/\/www.feuerwehr-brilon.de\/?p=21612","url_meta":{"origin":30494,"position":4},"title":"02.08. 06:51Uhr, Hilfeleistung, H0 Unfall,\u2026","author":"Andreas Becker","date":"2. August 2019","format":false,"excerpt":"02.08. 06:51Uhr, Hilfeleistung, H0 Unfall, Alme, K58, Verkehrsunfall","rel":"","context":"In &quot;Alarmierungen&quot;","block_context":{"text":"Alarmierungen","link":"https:\/\/www.feuerwehr-brilon.de\/?cat=102"},"img":{"alt_text":"","src":"","width":0,"height":0},"classes":[]},{"id":23281,"url":"https:\/\/www.feuerwehr-brilon.de\/?p=23281","url_meta":{"origin":30494,"position":5},"title":"+++ Einsatz +++","author":"Andreas Becker","date":"13. M\u00e4rz 2021","format":false,"excerpt":"13.03. 17:35Uhr, Hilfeleistung, H0 Sturm, Alme, -> W\u00fcnnenberg, Baum auf Fahrbahn","rel":"","context":"In &quot;Alarmierungen&quot;","block_context":{"text":"Alarmierungen","link":"https:\/\/www.feuerwehr-brilon.de\/?cat=102"},"img":{"alt_text":"","src":"","width":0,"height":0},"classes":[]}],"_links":{"self":[{"href":"https:\/\/www.feuerwehr-brilon.de\/index.php?rest_route=\/wp\/v2\/posts\/30494","targetHints":{"allow":["GET"]}}],"collection":[{"href":"https:\/\/www.feuerwehr-brilon.de\/index.php?rest_route=\/wp\/v2\/posts"}],"about":[{"href":"https:\/\/www.feuerwehr-brilon.de\/index.php?rest_route=\/wp\/v2\/types\/post"}],"author":[{"embeddable":true,"href":"https:\/\/www.feuerwehr-brilon.de\/index.php?rest_route=\/wp\/v2\/users\/8"}],"replies":[{"embeddable":true,"href":"https:\/\/www.feuerwehr-brilon.de\/index.php?rest_route=%2Fwp%2Fv2%2Fcomments&post=30494"}],"version-history":[{"count":2,"href":"https:\/\/www.feuerwehr-brilon.de\/index.php?rest_route=\/wp\/v2\/posts\/30494\/revisions"}],"predecessor-version":[{"id":30500,"href":"https:\/\/www.feuerwehr-brilon.de\/index.php?rest_route=\/wp\/v2\/posts\/30494\/revisions\/30500"}],"wp:attachment":[{"href":"https:\/\/www.feuerwehr-brilon.de\/index.php?rest_route=%2Fwp%2Fv2%2Fmedia&parent=30494"}],"wp:term":[{"taxonomy":"category","embeddable":true,"href":"https:\/\/www.feuerwehr-brilon.de\/index.php?rest_route=%2Fwp%2Fv2%2Fcategories&post=30494"},{"taxonomy":"post_tag","embeddable":true,"href":"https:\/\/www.feuerwehr-brilon.de\/index.php?rest_route=%2Fwp%2Fv2%2Ftags&post=30494"}],"curies":[{"name":"wp","href":"https:\/\/api.w.org\/{rel}","templated":true}]}}