{"id":30501,"date":"2022-12-10T15:00:22","date_gmt":"2022-12-10T14:00:22","guid":{"rendered":"https:\/\/www.feuerwehr-brilon.de\/?p=30501"},"modified":"2022-12-10T14:03:01","modified_gmt":"2022-12-10T13:03:01","slug":"einsatz-667","status":"publish","type":"post","link":"https:\/\/www.feuerwehr-brilon.de\/?p=30501","title":{"rendered":"+++ Einsatz +++"},"content":{"rendered":"<p>10.12. 13:35Uhr, Brandeinsatz, F2 Schorn, Gudenhagen, In der Klanke, Kaminbrand<\/p>\n","protected":false},"excerpt":{"rendered":"<p>10.12. 13:35Uhr, Brandeinsatz, F2 Schorn, Gudenhagen, In der Klanke, Kaminbrand<\/p>\n","protected":false},"author":8,"featured_media":22415,"comment_status":"closed","ping_status":"closed","sticky":false,"template":"","format":"standard","meta":{"_exactmetrics_skip_tracking":false,"_exactmetrics_sitenote_active":false,"_exactmetrics_sitenote_note":"","_exactmetrics_sitenote_category":0,"jetpack_post_was_ever_published":false,"_jetpack_newsletter_access":"","_jetpack_dont_email_post_to_subs":false,"_jetpack_newsletter_tier_id":0,"_jetpack_memberships_contains_paywalled_content":false,"_jetpack_memberships_contains_paid_content":false,"footnotes":""},"categories":[102],"tags":[],"class_list":["post-30501","post","type-post","status-publish","format-standard","has-post-thumbnail","hentry","category-alarmierungen"],"jetpack_featured_media_url":"https:\/\/www.feuerwehr-brilon.de\/wp-up\/2020\/04\/Symbolbild_DLK_Schorn.jpg","jetpack_shortlink":"https:\/\/wp.me\/pCIJa-7VX","jetpack_sharing_enabled":true,"jetpack-related-posts":[{"id":24082,"url":"https:\/\/www.feuerwehr-brilon.de\/?p=24082","url_meta":{"origin":30501,"position":0},"title":"+++ Einsatz +++","author":"Andreas Becker","date":"22. Januar 2022","format":false,"excerpt":"22.01. 12:04Uhr, Brandeinsatz, F2 Schorn, Gudenhagen, Sudetenstra\u00dfe, Kaminbrand","rel":"","context":"In &quot;Alarmierungen&quot;","block_context":{"text":"Alarmierungen","link":"https:\/\/www.feuerwehr-brilon.de\/?cat=102"},"img":{"alt_text":"","src":"https:\/\/i0.wp.com\/www.feuerwehr-brilon.de\/wp-up\/2021\/11\/ezy-watermark_18-11-2021_08-28-02am.jpg?resize=350%2C200&ssl=1","width":350,"height":200,"srcset":"https:\/\/i0.wp.com\/www.feuerwehr-brilon.de\/wp-up\/2021\/11\/ezy-watermark_18-11-2021_08-28-02am.jpg?resize=350%2C200&ssl=1 1x, https:\/\/i0.wp.com\/www.feuerwehr-brilon.de\/wp-up\/2021\/11\/ezy-watermark_18-11-2021_08-28-02am.jpg?resize=525%2C300&ssl=1 1.5x, https:\/\/i0.wp.com\/www.feuerwehr-brilon.de\/wp-up\/2021\/11\/ezy-watermark_18-11-2021_08-28-02am.jpg?resize=700%2C400&ssl=1 2x"},"classes":[]},{"id":24256,"url":"https:\/\/www.feuerwehr-brilon.de\/?p=24256","url_meta":{"origin":30501,"position":1},"title":"+++ Einsatz +++","author":"Andreas Becker","date":"20. Februar 2022","format":false,"excerpt":"20.02. 13:11Uhr, Brandeinsatz, F2 Schorn, Brilon, Burhagener Weg, Kaminbrand","rel":"","context":"In &quot;Alarmierungen&quot;","block_context":{"text":"Alarmierungen","link":"https:\/\/www.feuerwehr-brilon.de\/?cat=102"},"img":{"alt_text":"","src":"https:\/\/i0.wp.com\/www.feuerwehr-brilon.de\/wp-up\/2022\/02\/220220_BurhagenerWeg_Schornstein_.jpg?resize=350%2C200&ssl=1","width":350,"height":200},"classes":[]},{"id":22911,"url":"https:\/\/www.feuerwehr-brilon.de\/?p=22911","url_meta":{"origin":30501,"position":2},"title":"+++ Einsatz +++","author":"Andreas Becker","date":"7. November 2020","format":false,"excerpt":"07.11. 20:16Uhr, Brandeinsatz, F2 Schorn, Brilon, Hermannstra\u00dfe, Kaminbrand","rel":"","context":"In &quot;Alarmierungen&quot;","block_context":{"text":"Alarmierungen","link":"https:\/\/www.feuerwehr-brilon.de\/?cat=102"},"img":{"alt_text":"","src":"https:\/\/i0.wp.com\/www.feuerwehr-brilon.de\/wp-up\/2020\/04\/Symbolbild_DLK_Schorn.jpg?resize=350%2C200&ssl=1","width":350,"height":200,"srcset":"https:\/\/i0.wp.com\/www.feuerwehr-brilon.de\/wp-up\/2020\/04\/Symbolbild_DLK_Schorn.jpg?resize=350%2C200&ssl=1 1x, https:\/\/i0.wp.com\/www.feuerwehr-brilon.de\/wp-up\/2020\/04\/Symbolbild_DLK_Schorn.jpg?resize=525%2C300&ssl=1 1.5x, https:\/\/i0.wp.com\/www.feuerwehr-brilon.de\/wp-up\/2020\/04\/Symbolbild_DLK_Schorn.jpg?resize=700%2C400&ssl=1 2x"},"classes":[]},{"id":23003,"url":"https:\/\/www.feuerwehr-brilon.de\/?p=23003","url_meta":{"origin":30501,"position":3},"title":"+++ Einsatz +++","author":"Andreas Becker","date":"20. Dezember 2020","format":false,"excerpt":"20.12. 10:45Uhr, Brandeinsatz, F2 Schorn, Alme, Bahnhofstra\u00dfe, Kaminbrand","rel":"","context":"In &quot;Alarmierungen&quot;","block_context":{"text":"Alarmierungen","link":"https:\/\/www.feuerwehr-brilon.de\/?cat=102"},"img":{"alt_text":"","src":"https:\/\/i0.wp.com\/www.feuerwehr-brilon.de\/wp-up\/2020\/12\/201220_Alme_Kamin.jpg?resize=350%2C200&ssl=1","width":350,"height":200,"srcset":"https:\/\/i0.wp.com\/www.feuerwehr-brilon.de\/wp-up\/2020\/12\/201220_Alme_Kamin.jpg?resize=350%2C200&ssl=1 1x, https:\/\/i0.wp.com\/www.feuerwehr-brilon.de\/wp-up\/2020\/12\/201220_Alme_Kamin.jpg?resize=525%2C300&ssl=1 1.5x, https:\/\/i0.wp.com\/www.feuerwehr-brilon.de\/wp-up\/2020\/12\/201220_Alme_Kamin.jpg?resize=700%2C400&ssl=1 2x"},"classes":[]},{"id":24349,"url":"https:\/\/www.feuerwehr-brilon.de\/?p=24349","url_meta":{"origin":30501,"position":4},"title":"+++ Einsatz +++","author":"Andreas Becker","date":"27. M\u00e4rz 2022","format":false,"excerpt":"26.03. 10:30Uhr, Brandeinsatz, F2 Schorn, Th\u00fclen, Schl\u00fcterstr., Kaminbrand","rel":"","context":"In &quot;Alarmierungen&quot;","block_context":{"text":"Alarmierungen","link":"https:\/\/www.feuerwehr-brilon.de\/?cat=102"},"img":{"alt_text":"","src":"https:\/\/i0.wp.com\/www.feuerwehr-brilon.de\/wp-up\/2022\/03\/220326_Thuelen_Kamin_.jpg?resize=350%2C200&ssl=1","width":350,"height":200,"srcset":"https:\/\/i0.wp.com\/www.feuerwehr-brilon.de\/wp-up\/2022\/03\/220326_Thuelen_Kamin_.jpg?resize=350%2C200&ssl=1 1x, https:\/\/i0.wp.com\/www.feuerwehr-brilon.de\/wp-up\/2022\/03\/220326_Thuelen_Kamin_.jpg?resize=525%2C300&ssl=1 1.5x, https:\/\/i0.wp.com\/www.feuerwehr-brilon.de\/wp-up\/2022\/03\/220326_Thuelen_Kamin_.jpg?resize=700%2C400&ssl=1 2x"},"classes":[]},{"id":30801,"url":"https:\/\/www.feuerwehr-brilon.de\/?p=30801","url_meta":{"origin":30501,"position":5},"title":"+++ Einsatz +++","author":"Andreas Becker","date":"24. Februar 2023","format":false,"excerpt":"23.02. 22:40Uhr, Brandeinsatz, F2 Schorn, Brilon, Gabelsbergerweg, Kaminbrand","rel":"","context":"In &quot;Alarmierungen&quot;","block_context":{"text":"Alarmierungen","link":"https:\/\/www.feuerwehr-brilon.de\/?cat=102"},"img":{"alt_text":"","src":"https:\/\/i0.wp.com\/www.feuerwehr-brilon.de\/wp-up\/2023\/01\/ezy-watermark_12-01-2023_10-59-51pm.jpg?resize=350%2C200&ssl=1","width":350,"height":200,"srcset":"https:\/\/i0.wp.com\/www.feuerwehr-brilon.de\/wp-up\/2023\/01\/ezy-watermark_12-01-2023_10-59-51pm.jpg?resize=350%2C200&ssl=1 1x, https:\/\/i0.wp.com\/www.feuerwehr-brilon.de\/wp-up\/2023\/01\/ezy-watermark_12-01-2023_10-59-51pm.jpg?resize=525%2C300&ssl=1 1.5x, https:\/\/i0.wp.com\/www.feuerwehr-brilon.de\/wp-up\/2023\/01\/ezy-watermark_12-01-2023_10-59-51pm.jpg?resize=700%2C400&ssl=1 2x"},"classes":[]}],"_links":{"self":[{"href":"https:\/\/www.feuerwehr-brilon.de\/index.php?rest_route=\/wp\/v2\/posts\/30501","targetHints":{"allow":["GET"]}}],"collection":[{"href":"https:\/\/www.feuerwehr-brilon.de\/index.php?rest_route=\/wp\/v2\/posts"}],"about":[{"href":"https:\/\/www.feuerwehr-brilon.de\/index.php?rest_route=\/wp\/v2\/types\/post"}],"author":[{"embeddable":true,"href":"https:\/\/www.feuerwehr-brilon.de\/index.php?rest_route=\/wp\/v2\/users\/8"}],"replies":[{"embeddable":true,"href":"https:\/\/www.feuerwehr-brilon.de\/index.php?rest_route=%2Fwp%2Fv2%2Fcomments&post=30501"}],"version-history":[{"count":1,"href":"https:\/\/www.feuerwehr-brilon.de\/index.php?rest_route=\/wp\/v2\/posts\/30501\/revisions"}],"predecessor-version":[{"id":30502,"href":"https:\/\/www.feuerwehr-brilon.de\/index.php?rest_route=\/wp\/v2\/posts\/30501\/revisions\/30502"}],"wp:featuredmedia":[{"embeddable":true,"href":"https:\/\/www.feuerwehr-brilon.de\/index.php?rest_route=\/wp\/v2\/media\/22415"}],"wp:attachment":[{"href":"https:\/\/www.feuerwehr-brilon.de\/index.php?rest_route=%2Fwp%2Fv2%2Fmedia&parent=30501"}],"wp:term":[{"taxonomy":"category","embeddable":true,"href":"https:\/\/www.feuerwehr-brilon.de\/index.php?rest_route=%2Fwp%2Fv2%2Fcategories&post=30501"},{"taxonomy":"post_tag","embeddable":true,"href":"https:\/\/www.feuerwehr-brilon.de\/index.php?rest_route=%2Fwp%2Fv2%2Ftags&post=30501"}],"curies":[{"name":"wp","href":"https:\/\/api.w.org\/{rel}","templated":true}]}}