{"id":30505,"date":"2022-12-12T16:00:56","date_gmt":"2022-12-12T15:00:56","guid":{"rendered":"https:\/\/www.feuerwehr-brilon.de\/?p=30505"},"modified":"2022-12-12T13:50:28","modified_gmt":"2022-12-12T12:50:28","slug":"einsatz-668","status":"publish","type":"post","link":"https:\/\/www.feuerwehr-brilon.de\/?p=30505","title":{"rendered":"+++ Einsatz +++"},"content":{"rendered":"<p>12.12. 12:59Uhr, Hilfeleistung, H0 Unfall, Th\u00fclen, Th\u00fclener Kreuz, Verkehrsunfall mit 3 PKW<\/p>\n","protected":false},"excerpt":{"rendered":"<p>12.12. 12:59Uhr, Hilfeleistung, H0 Unfall, Th\u00fclen, Th\u00fclener Kreuz, Verkehrsunfall mit 3 PKW<\/p>\n","protected":false},"author":8,"featured_media":30506,"comment_status":"closed","ping_status":"closed","sticky":false,"template":"","format":"standard","meta":{"_exactmetrics_skip_tracking":false,"_exactmetrics_sitenote_active":false,"_exactmetrics_sitenote_note":"","_exactmetrics_sitenote_category":0,"jetpack_post_was_ever_published":false,"_jetpack_newsletter_access":"","_jetpack_dont_email_post_to_subs":false,"_jetpack_newsletter_tier_id":0,"_jetpack_memberships_contains_paywalled_content":false,"_jetpack_memberships_contains_paid_content":false,"footnotes":""},"categories":[102],"tags":[],"class_list":["post-30505","post","type-post","status-publish","format-standard","has-post-thumbnail","hentry","category-alarmierungen"],"jetpack_featured_media_url":"https:\/\/www.feuerwehr-brilon.de\/wp-up\/2022\/12\/42352cc9-1c78-4276-b449-72b12b378cd6.jpg","jetpack_shortlink":"https:\/\/wp.me\/pCIJa-7W1","jetpack_sharing_enabled":true,"jetpack-related-posts":[{"id":7253,"url":"https:\/\/www.feuerwehr-brilon.de\/?p=7253","url_meta":{"origin":30505,"position":0},"title":"Verkehrsunfall am Th\u00fclener Kreuz","author":"Marc Heines","date":"25. August 2012","format":false,"excerpt":"Die L\u00f6schgruppe Th\u00fclen wurde heute (25.08.2012) gegen 8:00 Uhr zusammen mit dem Rettungsdienst, zu einem Verkehrsunfall auf der B7, Th\u00fclener Kreuz, alarmiert. Zwei Pkw waren an dem Unfall beteiligt, bei dem sich zwei Personen verletzten. Sie wurden vom Rettungsdiens ins Krankenhaus gebracht. Die L\u00f6schgruppe Th\u00fclen unterst\u00fctzte den Rettungsdienst, sicherte die\u2026","rel":"","context":"In &quot;Eins\u00e4tze 2012&quot;","block_context":{"text":"Eins\u00e4tze 2012","link":"https:\/\/www.feuerwehr-brilon.de\/?cat=171"},"img":{"alt_text":"","src":"https:\/\/i0.wp.com\/www.feuerwehr-brilon.de\/wp-up\/2012\/08\/IMG_0890i-150x112.jpg?resize=350%2C200&ssl=1","width":350,"height":200},"classes":[]},{"id":33874,"url":"https:\/\/www.feuerwehr-brilon.de\/?p=33874","url_meta":{"origin":30505,"position":1},"title":"+++ Einsatz +++","author":"Andreas Becker","date":"10. Oktober 2025","format":false,"excerpt":"08.10. 07:24Uhr, Hilfeleistung, H0 \u00d6lspur, Th\u00fclen, B7 - Th\u00fclener Kreuz, \u00d6lspur","rel":"","context":"In &quot;Alarmierungen&quot;","block_context":{"text":"Alarmierungen","link":"https:\/\/www.feuerwehr-brilon.de\/?cat=102"},"img":{"alt_text":"","src":"","width":0,"height":0},"classes":[]},{"id":32926,"url":"https:\/\/www.feuerwehr-brilon.de\/?p=32926","url_meta":{"origin":30505,"position":2},"title":"+++ Einsatz +++","author":"Andreas Becker","date":"26. Oktober 2024","format":false,"excerpt":"26.10. 14:15Uhr, Hilfeleistung, H0 Unfall, Madfeld, Bredelarer Str., Verkehrsunfall mit Krad","rel":"","context":"In &quot;Alarmierungen&quot;","block_context":{"text":"Alarmierungen","link":"https:\/\/www.feuerwehr-brilon.de\/?cat=102"},"img":{"alt_text":"","src":"","width":0,"height":0},"classes":[]},{"id":226,"url":"https:\/\/www.feuerwehr-brilon.de\/?p=226","url_meta":{"origin":30505,"position":3},"title":"Zwei Eins\u00e4tze f\u00fcr die L\u00f6schgruppe Th\u00fclen","author":"Marc Heines","date":"3. August 2008","format":false,"excerpt":"Am Sonntag, den 3. August wurde die L\u00f6schgruppe Th\u00fclen gleich zweimal gefordert. Zuerst wurde die Bundesstra\u00dfe 7 im Bereich der \u201cKeffelker-Kapelle\u201c gereinigt. Dort hat sich ein Verkehrsunfall mit drei beteiligten PKW ereignet, wobei Betriebsmittel ausliefen und sich auf mehrere qm verteilten. Erh\u00f6htes Risiko bestand hier - vor allem f\u00fcr Kradfahrer\u2026","rel":"","context":"In &quot;Eins\u00e4tze 2008&quot;","block_context":{"text":"Eins\u00e4tze 2008","link":"https:\/\/www.feuerwehr-brilon.de\/?cat=3"},"img":{"alt_text":"","src":"https:\/\/i0.wp.com\/www.feuerwehr-brilon.de\/wp-up\/2008\/08\/img_051.jpg?resize=350%2C200&ssl=1","width":350,"height":200},"classes":[]},{"id":16478,"url":"https:\/\/www.feuerwehr-brilon.de\/?p=16478","url_meta":{"origin":30505,"position":4},"title":"Verkehrsunfall am Th\u00fclener Kreuz","author":"Marcus Bange","date":"1. Oktober 2018","format":false,"excerpt":"Brilon. Die Feuerwehr Brilon wurde am Samstag um 11:46 Uhr zu einem Verkehrsunfall mit mehreren eingeklemmten Personen am Th\u00fclener Kreuz alarmiert. Dort waren im Kreuzungsbereich zwei Fahrzeuge zusammen gesto\u00dfen. Bei Eintreffen der L\u00f6schgruppe Th\u00fclen waren keine Personen mehr in ihren Fahrzeugen. Die Einheiten aus Alme, Brilon und Nehden konnten daher\u2026","rel":"","context":"In &quot;Eins\u00e4tze 2018&quot;","block_context":{"text":"Eins\u00e4tze 2018","link":"https:\/\/www.feuerwehr-brilon.de\/?cat=208"},"img":{"alt_text":"","src":"https:\/\/i0.wp.com\/www.feuerwehr-brilon.de\/wp-up\/2018\/10\/VU-Th%C3%BClener-Kreuz-1-150x84.jpg?resize=350%2C200&ssl=1","width":350,"height":200},"classes":[]},{"id":22932,"url":"https:\/\/www.feuerwehr-brilon.de\/?p=22932","url_meta":{"origin":30505,"position":5},"title":"+++ Einsatz +++","author":"Andreas Becker","date":"9. November 2020","format":false,"excerpt":"09.11. 17:22Uhr, Hilfeleistung, H0 Sonstige, Th\u00fclen, Th\u00fclener Bruch, Tierrettung","rel":"","context":"In &quot;Alarmierungen&quot;","block_context":{"text":"Alarmierungen","link":"https:\/\/www.feuerwehr-brilon.de\/?cat=102"},"img":{"alt_text":"","src":"","width":0,"height":0},"classes":[]}],"_links":{"self":[{"href":"https:\/\/www.feuerwehr-brilon.de\/index.php?rest_route=\/wp\/v2\/posts\/30505","targetHints":{"allow":["GET"]}}],"collection":[{"href":"https:\/\/www.feuerwehr-brilon.de\/index.php?rest_route=\/wp\/v2\/posts"}],"about":[{"href":"https:\/\/www.feuerwehr-brilon.de\/index.php?rest_route=\/wp\/v2\/types\/post"}],"author":[{"embeddable":true,"href":"https:\/\/www.feuerwehr-brilon.de\/index.php?rest_route=\/wp\/v2\/users\/8"}],"replies":[{"embeddable":true,"href":"https:\/\/www.feuerwehr-brilon.de\/index.php?rest_route=%2Fwp%2Fv2%2Fcomments&post=30505"}],"version-history":[{"count":1,"href":"https:\/\/www.feuerwehr-brilon.de\/index.php?rest_route=\/wp\/v2\/posts\/30505\/revisions"}],"predecessor-version":[{"id":30507,"href":"https:\/\/www.feuerwehr-brilon.de\/index.php?rest_route=\/wp\/v2\/posts\/30505\/revisions\/30507"}],"wp:featuredmedia":[{"embeddable":true,"href":"https:\/\/www.feuerwehr-brilon.de\/index.php?rest_route=\/wp\/v2\/media\/30506"}],"wp:attachment":[{"href":"https:\/\/www.feuerwehr-brilon.de\/index.php?rest_route=%2Fwp%2Fv2%2Fmedia&parent=30505"}],"wp:term":[{"taxonomy":"category","embeddable":true,"href":"https:\/\/www.feuerwehr-brilon.de\/index.php?rest_route=%2Fwp%2Fv2%2Fcategories&post=30505"},{"taxonomy":"post_tag","embeddable":true,"href":"https:\/\/www.feuerwehr-brilon.de\/index.php?rest_route=%2Fwp%2Fv2%2Ftags&post=30505"}],"curies":[{"name":"wp","href":"https:\/\/api.w.org\/{rel}","templated":true}]}}