{"id":30512,"date":"2022-12-13T21:50:42","date_gmt":"2022-12-13T20:50:42","guid":{"rendered":"https:\/\/www.feuerwehr-brilon.de\/?p=30512"},"modified":"2022-12-13T21:50:42","modified_gmt":"2022-12-13T20:50:42","slug":"einsatz-669","status":"publish","type":"post","link":"https:\/\/www.feuerwehr-brilon.de\/?p=30512","title":{"rendered":"+++ Einsatz +++"},"content":{"rendered":"<p>13.12. 14:41Uhr, Hilfeleistung, H0 \u00d6lspur, Th\u00fclen, K60 -> Radlinghausen, \u00d6lspur nach VU<\/p>\n","protected":false},"excerpt":{"rendered":"<p>13.12. 14:41Uhr, Hilfeleistung, H0 \u00d6lspur, Th\u00fclen, K60 -> Radlinghausen, \u00d6lspur nach VU<\/p>\n","protected":false},"author":8,"featured_media":30281,"comment_status":"closed","ping_status":"closed","sticky":false,"template":"","format":"standard","meta":{"_exactmetrics_skip_tracking":false,"_exactmetrics_sitenote_active":false,"_exactmetrics_sitenote_note":"","_exactmetrics_sitenote_category":0,"jetpack_post_was_ever_published":false,"_jetpack_newsletter_access":"","_jetpack_dont_email_post_to_subs":false,"_jetpack_newsletter_tier_id":0,"_jetpack_memberships_contains_paywalled_content":false,"_jetpack_memberships_contains_paid_content":false,"footnotes":""},"categories":[102],"tags":[],"class_list":["post-30512","post","type-post","status-publish","format-standard","has-post-thumbnail","hentry","category-alarmierungen"],"jetpack_featured_media_url":"https:\/\/www.feuerwehr-brilon.de\/wp-up\/2022\/10\/sym_Oelspur_.jpg","jetpack_shortlink":"https:\/\/wp.me\/pCIJa-7W8","jetpack_sharing_enabled":true,"jetpack-related-posts":[{"id":32491,"url":"https:\/\/www.feuerwehr-brilon.de\/?p=32491","url_meta":{"origin":30512,"position":0},"title":"+++ Einsatz +++","author":"Andreas Becker","date":"10. Juni 2024","format":false,"excerpt":"09.06. 14:06Uhr, Hilfeleistung, H0 \u00d6lspur, Hoppecke, K61 -> Bontkirchen, \u00d6lspur nach VU","rel":"","context":"In &quot;Alarmierungen&quot;","block_context":{"text":"Alarmierungen","link":"https:\/\/www.feuerwehr-brilon.de\/?cat=102"},"img":{"alt_text":"","src":"https:\/\/i0.wp.com\/www.feuerwehr-brilon.de\/wp-up\/2023\/03\/sym_sign.jpg?resize=350%2C200&ssl=1","width":350,"height":200,"srcset":"https:\/\/i0.wp.com\/www.feuerwehr-brilon.de\/wp-up\/2023\/03\/sym_sign.jpg?resize=350%2C200&ssl=1 1x, https:\/\/i0.wp.com\/www.feuerwehr-brilon.de\/wp-up\/2023\/03\/sym_sign.jpg?resize=525%2C300&ssl=1 1.5x, https:\/\/i0.wp.com\/www.feuerwehr-brilon.de\/wp-up\/2023\/03\/sym_sign.jpg?resize=700%2C400&ssl=1 2x"},"classes":[]},{"id":32062,"url":"https:\/\/www.feuerwehr-brilon.de\/?p=32062","url_meta":{"origin":30512,"position":1},"title":"+++ Einsatz +++","author":"Andreas Becker","date":"4. Februar 2024","format":false,"excerpt":"04.02. 15:41Uhr, Hilfeleistung, H0 \u00d6lspur, Brilon, M\u00fcggenborn, \u00d6lspur","rel":"","context":"In &quot;Alarmierungen&quot;","block_context":{"text":"Alarmierungen","link":"https:\/\/www.feuerwehr-brilon.de\/?cat=102"},"img":{"alt_text":"","src":"https:\/\/i0.wp.com\/www.feuerwehr-brilon.de\/wp-up\/2022\/10\/sym_Oelspur_.jpg?resize=350%2C200&ssl=1","width":350,"height":200,"srcset":"https:\/\/i0.wp.com\/www.feuerwehr-brilon.de\/wp-up\/2022\/10\/sym_Oelspur_.jpg?resize=350%2C200&ssl=1 1x, https:\/\/i0.wp.com\/www.feuerwehr-brilon.de\/wp-up\/2022\/10\/sym_Oelspur_.jpg?resize=525%2C300&ssl=1 1.5x, https:\/\/i0.wp.com\/www.feuerwehr-brilon.de\/wp-up\/2022\/10\/sym_Oelspur_.jpg?resize=700%2C400&ssl=1 2x"},"classes":[]},{"id":33036,"url":"https:\/\/www.feuerwehr-brilon.de\/?p=33036","url_meta":{"origin":30512,"position":2},"title":"+++ Einsatz +++","author":"Andreas Becker","date":"16. Dezember 2024","format":false,"excerpt":"16.12. 16:41Uhr, Hilfeleistung, H0 \u00d6lspur, Brilon, Altenb\u00fcrener Str., \u00d6lspur","rel":"","context":"In &quot;Alarmierungen&quot;","block_context":{"text":"Alarmierungen","link":"https:\/\/www.feuerwehr-brilon.de\/?cat=102"},"img":{"alt_text":"","src":"","width":0,"height":0},"classes":[]},{"id":31305,"url":"https:\/\/www.feuerwehr-brilon.de\/?p=31305","url_meta":{"origin":30512,"position":3},"title":"+++ Einsatz +++","author":"Andreas Becker","date":"22. Juni 2023","format":false,"excerpt":"22.06. 01:41Uhr, Hilfeleistung, H0 \u00d6lspur, Brilon, Scharfenberger Str., \u00d6lspur","rel":"","context":"In &quot;Alarmierungen&quot;","block_context":{"text":"Alarmierungen","link":"https:\/\/www.feuerwehr-brilon.de\/?cat=102"},"img":{"alt_text":"","src":"https:\/\/i0.wp.com\/www.feuerwehr-brilon.de\/wp-up\/2022\/10\/sym_Oelspur_.jpg?resize=350%2C200&ssl=1","width":350,"height":200,"srcset":"https:\/\/i0.wp.com\/www.feuerwehr-brilon.de\/wp-up\/2022\/10\/sym_Oelspur_.jpg?resize=350%2C200&ssl=1 1x, https:\/\/i0.wp.com\/www.feuerwehr-brilon.de\/wp-up\/2022\/10\/sym_Oelspur_.jpg?resize=525%2C300&ssl=1 1.5x, https:\/\/i0.wp.com\/www.feuerwehr-brilon.de\/wp-up\/2022\/10\/sym_Oelspur_.jpg?resize=700%2C400&ssl=1 2x"},"classes":[]},{"id":22448,"url":"https:\/\/www.feuerwehr-brilon.de\/?p=22448","url_meta":{"origin":30512,"position":4},"title":"+++ Einsatz +++","author":"Andreas Becker","date":"14. April 2020","format":false,"excerpt":"14.04. 15:41Uhr, Hilfeleistung, H0 \u00d6lspur, Scharfenberg, B 516 -> R\u00fcthen, \u00d6lspur","rel":"","context":"In &quot;Alarmierungen&quot;","block_context":{"text":"Alarmierungen","link":"https:\/\/www.feuerwehr-brilon.de\/?cat=102"},"img":{"alt_text":"","src":"","width":0,"height":0},"classes":[]},{"id":33446,"url":"https:\/\/www.feuerwehr-brilon.de\/?p=33446","url_meta":{"origin":30512,"position":5},"title":"+++ Einsatz +++","author":"Andreas Becker","date":"12. Mai 2025","format":false,"excerpt":"12.05. 19:11Uhr, Hilfeleistung, H0 \u00d6lspur, Brilon, Plattenberg, \u00d6lspur nach VU","rel":"","context":"In &quot;Alarmierungen&quot;","block_context":{"text":"Alarmierungen","link":"https:\/\/www.feuerwehr-brilon.de\/?cat=102"},"img":{"alt_text":"","src":"","width":0,"height":0},"classes":[]}],"_links":{"self":[{"href":"https:\/\/www.feuerwehr-brilon.de\/index.php?rest_route=\/wp\/v2\/posts\/30512","targetHints":{"allow":["GET"]}}],"collection":[{"href":"https:\/\/www.feuerwehr-brilon.de\/index.php?rest_route=\/wp\/v2\/posts"}],"about":[{"href":"https:\/\/www.feuerwehr-brilon.de\/index.php?rest_route=\/wp\/v2\/types\/post"}],"author":[{"embeddable":true,"href":"https:\/\/www.feuerwehr-brilon.de\/index.php?rest_route=\/wp\/v2\/users\/8"}],"replies":[{"embeddable":true,"href":"https:\/\/www.feuerwehr-brilon.de\/index.php?rest_route=%2Fwp%2Fv2%2Fcomments&post=30512"}],"version-history":[{"count":1,"href":"https:\/\/www.feuerwehr-brilon.de\/index.php?rest_route=\/wp\/v2\/posts\/30512\/revisions"}],"predecessor-version":[{"id":30513,"href":"https:\/\/www.feuerwehr-brilon.de\/index.php?rest_route=\/wp\/v2\/posts\/30512\/revisions\/30513"}],"wp:featuredmedia":[{"embeddable":true,"href":"https:\/\/www.feuerwehr-brilon.de\/index.php?rest_route=\/wp\/v2\/media\/30281"}],"wp:attachment":[{"href":"https:\/\/www.feuerwehr-brilon.de\/index.php?rest_route=%2Fwp%2Fv2%2Fmedia&parent=30512"}],"wp:term":[{"taxonomy":"category","embeddable":true,"href":"https:\/\/www.feuerwehr-brilon.de\/index.php?rest_route=%2Fwp%2Fv2%2Fcategories&post=30512"},{"taxonomy":"post_tag","embeddable":true,"href":"https:\/\/www.feuerwehr-brilon.de\/index.php?rest_route=%2Fwp%2Fv2%2Ftags&post=30512"}],"curies":[{"name":"wp","href":"https:\/\/api.w.org\/{rel}","templated":true}]}}