{"id":30558,"date":"2022-12-19T09:42:42","date_gmt":"2022-12-19T08:42:42","guid":{"rendered":"https:\/\/www.feuerwehr-brilon.de\/?p=30558"},"modified":"2022-12-19T09:42:42","modified_gmt":"2022-12-19T08:42:42","slug":"einsatz-675","status":"publish","type":"post","link":"https:\/\/www.feuerwehr-brilon.de\/?p=30558","title":{"rendered":"+++ Einsatz +++"},"content":{"rendered":"<p>18.12. 12:14Uhr, Hilfeleistung, H0 Sonstige, Brilon, Wittekindstra\u00dfe, Auto im Garten<\/p>\n","protected":false},"excerpt":{"rendered":"<p>18.12. 12:14Uhr, Hilfeleistung, H0 Sonstige, Brilon, Wittekindstra\u00dfe, Auto im Garten<\/p>\n","protected":false},"author":8,"featured_media":0,"comment_status":"closed","ping_status":"closed","sticky":false,"template":"","format":"standard","meta":{"_exactmetrics_skip_tracking":false,"_exactmetrics_sitenote_active":false,"_exactmetrics_sitenote_note":"","_exactmetrics_sitenote_category":0,"jetpack_post_was_ever_published":false,"_jetpack_newsletter_access":"","_jetpack_dont_email_post_to_subs":false,"_jetpack_newsletter_tier_id":0,"_jetpack_memberships_contains_paywalled_content":false,"_jetpack_memberships_contains_paid_content":false,"footnotes":""},"categories":[102],"tags":[],"class_list":["post-30558","post","type-post","status-publish","format-standard","hentry","category-alarmierungen"],"jetpack_featured_media_url":"","jetpack_shortlink":"https:\/\/wp.me\/pCIJa-7WS","jetpack_sharing_enabled":true,"jetpack-related-posts":[{"id":32337,"url":"https:\/\/www.feuerwehr-brilon.de\/?p=32337","url_meta":{"origin":30558,"position":0},"title":"+++ Einsatz +++","author":"Andreas Becker","date":"3. Mai 2024","format":false,"excerpt":"03.05. 12:59Uhr, Hilfeleistung, H0 \u00d6lspur, Brilon, Wittekindstra\u00dfe, \u00d6lspur","rel":"","context":"In &quot;Alarmierungen&quot;","block_context":{"text":"Alarmierungen","link":"https:\/\/www.feuerwehr-brilon.de\/?cat=102"},"img":{"alt_text":"","src":"https:\/\/i0.wp.com\/www.feuerwehr-brilon.de\/wp-up\/2024\/05\/IMG_7014_FB.jpg?resize=350%2C200&ssl=1","width":350,"height":200,"srcset":"https:\/\/i0.wp.com\/www.feuerwehr-brilon.de\/wp-up\/2024\/05\/IMG_7014_FB.jpg?resize=350%2C200&ssl=1 1x, https:\/\/i0.wp.com\/www.feuerwehr-brilon.de\/wp-up\/2024\/05\/IMG_7014_FB.jpg?resize=525%2C300&ssl=1 1.5x, https:\/\/i0.wp.com\/www.feuerwehr-brilon.de\/wp-up\/2024\/05\/IMG_7014_FB.jpg?resize=700%2C400&ssl=1 2x, https:\/\/i0.wp.com\/www.feuerwehr-brilon.de\/wp-up\/2024\/05\/IMG_7014_FB.jpg?resize=1050%2C600&ssl=1 3x"},"classes":[]},{"id":29933,"url":"https:\/\/www.feuerwehr-brilon.de\/?p=29933","url_meta":{"origin":30558,"position":1},"title":"+++ Einsatz +++","author":"Andreas Becker","date":"12. Juli 2022","format":false,"excerpt":"12.07. 12:13Uhr, Hilfeleistung, H0 Sonstige, Brilon, Nachtigallenweg, Katze im Baum","rel":"","context":"In &quot;Alarmierungen&quot;","block_context":{"text":"Alarmierungen","link":"https:\/\/www.feuerwehr-brilon.de\/?cat=102"},"img":{"alt_text":"","src":"https:\/\/i0.wp.com\/www.feuerwehr-brilon.de\/wp-up\/2022\/07\/ezy-watermark_12-07-2022_01-50-34pm.jpg?resize=350%2C200&ssl=1","width":350,"height":200,"srcset":"https:\/\/i0.wp.com\/www.feuerwehr-brilon.de\/wp-up\/2022\/07\/ezy-watermark_12-07-2022_01-50-34pm.jpg?resize=350%2C200&ssl=1 1x, https:\/\/i0.wp.com\/www.feuerwehr-brilon.de\/wp-up\/2022\/07\/ezy-watermark_12-07-2022_01-50-34pm.jpg?resize=525%2C300&ssl=1 1.5x, https:\/\/i0.wp.com\/www.feuerwehr-brilon.de\/wp-up\/2022\/07\/ezy-watermark_12-07-2022_01-50-34pm.jpg?resize=700%2C400&ssl=1 2x"},"classes":[]},{"id":23334,"url":"https:\/\/www.feuerwehr-brilon.de\/?p=23334","url_meta":{"origin":30558,"position":2},"title":"+++ Einsatz +++","author":"Andreas Becker","date":"25. M\u00e4rz 2021","format":false,"excerpt":"25.03. 18:14Uhr, Hilfeleistung, H0 \u00d6lspur, Messinghausen, Im Dresental - K61, \u00d6lspur","rel":"","context":"In &quot;Alarmierungen&quot;","block_context":{"text":"Alarmierungen","link":"https:\/\/www.feuerwehr-brilon.de\/?cat=102"},"img":{"alt_text":"","src":"https:\/\/i0.wp.com\/www.feuerwehr-brilon.de\/wp-up\/2020\/02\/Oelspur.jpg?resize=350%2C200&ssl=1","width":350,"height":200,"srcset":"https:\/\/i0.wp.com\/www.feuerwehr-brilon.de\/wp-up\/2020\/02\/Oelspur.jpg?resize=350%2C200&ssl=1 1x, https:\/\/i0.wp.com\/www.feuerwehr-brilon.de\/wp-up\/2020\/02\/Oelspur.jpg?resize=525%2C300&ssl=1 1.5x"},"classes":[]},{"id":33757,"url":"https:\/\/www.feuerwehr-brilon.de\/?p=33757","url_meta":{"origin":30558,"position":3},"title":"+++ Einsatz +++","author":"Erwin Mungenast","date":"19. September 2025","format":false,"excerpt":"19.09. 14:39Uhr, Hilfeleistung, H0 Sonstige, Brilon, Freiladestr., Auto auf Schienen gerollt","rel":"","context":"In &quot;Alarmierungen&quot;","block_context":{"text":"Alarmierungen","link":"https:\/\/www.feuerwehr-brilon.de\/?cat=102"},"img":{"alt_text":"","src":"","width":0,"height":0},"classes":[]},{"id":23685,"url":"https:\/\/www.feuerwehr-brilon.de\/?p=23685","url_meta":{"origin":30558,"position":4},"title":"+++ Einsatz +++","author":"Andreas Becker","date":"31. Juli 2021","format":false,"excerpt":"31.07. 02:45Uhr, Hilfeleistung, H0 T\u00fcr, Brilon, Wittekindstra\u00dfe, T\u00fcr\u00f6ffnung","rel":"","context":"In &quot;Alarmierungen&quot;","block_context":{"text":"Alarmierungen","link":"https:\/\/www.feuerwehr-brilon.de\/?cat=102"},"img":{"alt_text":"","src":"https:\/\/i0.wp.com\/www.feuerwehr-brilon.de\/wp-up\/2020\/08\/Tueroeffnung.jpg?resize=350%2C200&ssl=1","width":350,"height":200,"srcset":"https:\/\/i0.wp.com\/www.feuerwehr-brilon.de\/wp-up\/2020\/08\/Tueroeffnung.jpg?resize=350%2C200&ssl=1 1x, https:\/\/i0.wp.com\/www.feuerwehr-brilon.de\/wp-up\/2020\/08\/Tueroeffnung.jpg?resize=525%2C300&ssl=1 1.5x, https:\/\/i0.wp.com\/www.feuerwehr-brilon.de\/wp-up\/2020\/08\/Tueroeffnung.jpg?resize=700%2C400&ssl=1 2x"},"classes":[]},{"id":31740,"url":"https:\/\/www.feuerwehr-brilon.de\/?p=31740","url_meta":{"origin":30558,"position":5},"title":"+++ Einsatz +++","author":"Andreas Becker","date":"20. November 2023","format":false,"excerpt":"14.11. 17:45Uhr, Hilfeleistung, H0 \u00d6lspur, Brilon, Wittekindstra\u00dfe, \u00d6lspur","rel":"","context":"In &quot;Alarmierungen&quot;","block_context":{"text":"Alarmierungen","link":"https:\/\/www.feuerwehr-brilon.de\/?cat=102"},"img":{"alt_text":"","src":"https:\/\/i0.wp.com\/www.feuerwehr-brilon.de\/wp-up\/2022\/10\/sym_Oelspur_.jpg?resize=350%2C200&ssl=1","width":350,"height":200,"srcset":"https:\/\/i0.wp.com\/www.feuerwehr-brilon.de\/wp-up\/2022\/10\/sym_Oelspur_.jpg?resize=350%2C200&ssl=1 1x, https:\/\/i0.wp.com\/www.feuerwehr-brilon.de\/wp-up\/2022\/10\/sym_Oelspur_.jpg?resize=525%2C300&ssl=1 1.5x, https:\/\/i0.wp.com\/www.feuerwehr-brilon.de\/wp-up\/2022\/10\/sym_Oelspur_.jpg?resize=700%2C400&ssl=1 2x"},"classes":[]}],"_links":{"self":[{"href":"https:\/\/www.feuerwehr-brilon.de\/index.php?rest_route=\/wp\/v2\/posts\/30558","targetHints":{"allow":["GET"]}}],"collection":[{"href":"https:\/\/www.feuerwehr-brilon.de\/index.php?rest_route=\/wp\/v2\/posts"}],"about":[{"href":"https:\/\/www.feuerwehr-brilon.de\/index.php?rest_route=\/wp\/v2\/types\/post"}],"author":[{"embeddable":true,"href":"https:\/\/www.feuerwehr-brilon.de\/index.php?rest_route=\/wp\/v2\/users\/8"}],"replies":[{"embeddable":true,"href":"https:\/\/www.feuerwehr-brilon.de\/index.php?rest_route=%2Fwp%2Fv2%2Fcomments&post=30558"}],"version-history":[{"count":1,"href":"https:\/\/www.feuerwehr-brilon.de\/index.php?rest_route=\/wp\/v2\/posts\/30558\/revisions"}],"predecessor-version":[{"id":30559,"href":"https:\/\/www.feuerwehr-brilon.de\/index.php?rest_route=\/wp\/v2\/posts\/30558\/revisions\/30559"}],"wp:attachment":[{"href":"https:\/\/www.feuerwehr-brilon.de\/index.php?rest_route=%2Fwp%2Fv2%2Fmedia&parent=30558"}],"wp:term":[{"taxonomy":"category","embeddable":true,"href":"https:\/\/www.feuerwehr-brilon.de\/index.php?rest_route=%2Fwp%2Fv2%2Fcategories&post=30558"},{"taxonomy":"post_tag","embeddable":true,"href":"https:\/\/www.feuerwehr-brilon.de\/index.php?rest_route=%2Fwp%2Fv2%2Ftags&post=30558"}],"curies":[{"name":"wp","href":"https:\/\/api.w.org\/{rel}","templated":true}]}}