{"id":30561,"date":"2022-12-19T12:02:36","date_gmt":"2022-12-19T11:02:36","guid":{"rendered":"https:\/\/www.feuerwehr-brilon.de\/?p=30561"},"modified":"2022-12-19T12:16:30","modified_gmt":"2022-12-19T11:16:30","slug":"einsatz-676","status":"publish","type":"post","link":"https:\/\/www.feuerwehr-brilon.de\/?p=30561","title":{"rendered":"+++ Einsatz +++"},"content":{"rendered":"<p>19.12. 10:30Uhr, Brandeinsatz, F2 Schorn, W\u00fclfte, W\u00fclfter Str., Geb\u00e4ude verraucht<\/p>\n","protected":false},"excerpt":{"rendered":"<p>19.12. 10:30Uhr, Brandeinsatz, F2 Schorn, W\u00fclfte, W\u00fclfter Str., Geb\u00e4ude verraucht<\/p>\n","protected":false},"author":8,"featured_media":30560,"comment_status":"closed","ping_status":"closed","sticky":false,"template":"","format":"standard","meta":{"_exactmetrics_skip_tracking":false,"_exactmetrics_sitenote_active":false,"_exactmetrics_sitenote_note":"","_exactmetrics_sitenote_category":0,"jetpack_post_was_ever_published":false,"_jetpack_newsletter_access":"","_jetpack_dont_email_post_to_subs":false,"_jetpack_newsletter_tier_id":0,"_jetpack_memberships_contains_paywalled_content":false,"_jetpack_memberships_contains_paid_content":false,"footnotes":""},"categories":[102],"tags":[],"class_list":["post-30561","post","type-post","status-publish","format-standard","has-post-thumbnail","hentry","category-alarmierungen"],"jetpack_featured_media_url":"https:\/\/www.feuerwehr-brilon.de\/wp-up\/2022\/12\/ezy-watermark_19-12-2022_12-00-03pm.jpg","jetpack_shortlink":"https:\/\/wp.me\/pCIJa-7WV","jetpack_sharing_enabled":true,"jetpack-related-posts":[{"id":24349,"url":"https:\/\/www.feuerwehr-brilon.de\/?p=24349","url_meta":{"origin":30561,"position":0},"title":"+++ Einsatz +++","author":"Andreas Becker","date":"27. M\u00e4rz 2022","format":false,"excerpt":"26.03. 10:30Uhr, Brandeinsatz, F2 Schorn, Th\u00fclen, Schl\u00fcterstr., Kaminbrand","rel":"","context":"In &quot;Alarmierungen&quot;","block_context":{"text":"Alarmierungen","link":"https:\/\/www.feuerwehr-brilon.de\/?cat=102"},"img":{"alt_text":"","src":"https:\/\/i0.wp.com\/www.feuerwehr-brilon.de\/wp-up\/2022\/03\/220326_Thuelen_Kamin_.jpg?resize=350%2C200&ssl=1","width":350,"height":200,"srcset":"https:\/\/i0.wp.com\/www.feuerwehr-brilon.de\/wp-up\/2022\/03\/220326_Thuelen_Kamin_.jpg?resize=350%2C200&ssl=1 1x, https:\/\/i0.wp.com\/www.feuerwehr-brilon.de\/wp-up\/2022\/03\/220326_Thuelen_Kamin_.jpg?resize=525%2C300&ssl=1 1.5x, https:\/\/i0.wp.com\/www.feuerwehr-brilon.de\/wp-up\/2022\/03\/220326_Thuelen_Kamin_.jpg?resize=700%2C400&ssl=1 2x"},"classes":[]},{"id":23524,"url":"https:\/\/www.feuerwehr-brilon.de\/?p=23524","url_meta":{"origin":30561,"position":1},"title":"+++ Einsatz +++","author":"Andreas Becker","date":"28. Mai 2021","format":false,"excerpt":"28.05. 17:36Uhr, Brandeinsatz, F3, W\u00fclfte, W\u00fclfter Str., Kellerbrand","rel":"","context":"In &quot;Alarmierungen&quot;","block_context":{"text":"Alarmierungen","link":"https:\/\/www.feuerwehr-brilon.de\/?cat=102"},"img":{"alt_text":"","src":"","width":0,"height":0},"classes":[]},{"id":34665,"url":"https:\/\/www.feuerwehr-brilon.de\/?p=34665","url_meta":{"origin":30561,"position":2},"title":"+++ Einsatz +++","author":"Andreas Becker","date":"17. April 2026","format":false,"excerpt":"17.04. 05:45Uhr, Brandeinsatz, F3, W\u00fclfte, W\u00fclfter Str., Zimmerbrand","rel":"","context":"In &quot;Alarmierungen&quot;","block_context":{"text":"Alarmierungen","link":"https:\/\/www.feuerwehr-brilon.de\/?cat=102"},"img":{"alt_text":"","src":"","width":0,"height":0},"classes":[]},{"id":34540,"url":"https:\/\/www.feuerwehr-brilon.de\/?p=34540","url_meta":{"origin":30561,"position":3},"title":"+++ Einsatz +++","author":"Erwin Mungenast","date":"27. M\u00e4rz 2026","format":false,"excerpt":"24.03. 10:41Uhr, Brandeinsatz, F2 Schorn, Esshoff, Esshoffer Str., brennt Ru\u00df im Schornstein","rel":"","context":"In &quot;Alarmierungen&quot;","block_context":{"text":"Alarmierungen","link":"https:\/\/www.feuerwehr-brilon.de\/?cat=102"},"img":{"alt_text":"","src":"","width":0,"height":0},"classes":[]},{"id":22633,"url":"https:\/\/www.feuerwehr-brilon.de\/?p=22633","url_meta":{"origin":30561,"position":4},"title":"+++ Einsatz +++","author":"Andreas Becker","date":"13. August 2020","format":false,"excerpt":"13.08. 15:46Uhr, Brandeinsatz, F2 Schorn, Brilon, Altenb\u00fcrener Str., Ru\u00dfbrand","rel":"","context":"In &quot;Alarmierungen&quot;","block_context":{"text":"Alarmierungen","link":"https:\/\/www.feuerwehr-brilon.de\/?cat=102"},"img":{"alt_text":"","src":"https:\/\/i0.wp.com\/www.feuerwehr-brilon.de\/wp-up\/2020\/04\/Symbolbild_DLK_Schorn.jpg?resize=350%2C200&ssl=1","width":350,"height":200,"srcset":"https:\/\/i0.wp.com\/www.feuerwehr-brilon.de\/wp-up\/2020\/04\/Symbolbild_DLK_Schorn.jpg?resize=350%2C200&ssl=1 1x, https:\/\/i0.wp.com\/www.feuerwehr-brilon.de\/wp-up\/2020\/04\/Symbolbild_DLK_Schorn.jpg?resize=525%2C300&ssl=1 1.5x, https:\/\/i0.wp.com\/www.feuerwehr-brilon.de\/wp-up\/2020\/04\/Symbolbild_DLK_Schorn.jpg?resize=700%2C400&ssl=1 2x"},"classes":[]},{"id":30321,"url":"https:\/\/www.feuerwehr-brilon.de\/?p=30321","url_meta":{"origin":30561,"position":5},"title":"+++ Einsatz +++","author":"Andreas Becker","date":"13. November 2022","format":false,"excerpt":"13.11. 17:45Uhr, Brandeinsatz, F2 Schorn, Brilon, Altenb\u00fcrener Str., \u00fcberhitztes Ofenrohr","rel":"","context":"In &quot;Alarmierungen&quot;","block_context":{"text":"Alarmierungen","link":"https:\/\/www.feuerwehr-brilon.de\/?cat=102"},"img":{"alt_text":"","src":"https:\/\/i0.wp.com\/www.feuerwehr-brilon.de\/wp-up\/2022\/08\/ticker.jpg?resize=350%2C200&ssl=1","width":350,"height":200,"srcset":"https:\/\/i0.wp.com\/www.feuerwehr-brilon.de\/wp-up\/2022\/08\/ticker.jpg?resize=350%2C200&ssl=1 1x, https:\/\/i0.wp.com\/www.feuerwehr-brilon.de\/wp-up\/2022\/08\/ticker.jpg?resize=525%2C300&ssl=1 1.5x"},"classes":[]}],"_links":{"self":[{"href":"https:\/\/www.feuerwehr-brilon.de\/index.php?rest_route=\/wp\/v2\/posts\/30561","targetHints":{"allow":["GET"]}}],"collection":[{"href":"https:\/\/www.feuerwehr-brilon.de\/index.php?rest_route=\/wp\/v2\/posts"}],"about":[{"href":"https:\/\/www.feuerwehr-brilon.de\/index.php?rest_route=\/wp\/v2\/types\/post"}],"author":[{"embeddable":true,"href":"https:\/\/www.feuerwehr-brilon.de\/index.php?rest_route=\/wp\/v2\/users\/8"}],"replies":[{"embeddable":true,"href":"https:\/\/www.feuerwehr-brilon.de\/index.php?rest_route=%2Fwp%2Fv2%2Fcomments&post=30561"}],"version-history":[{"count":1,"href":"https:\/\/www.feuerwehr-brilon.de\/index.php?rest_route=\/wp\/v2\/posts\/30561\/revisions"}],"predecessor-version":[{"id":30562,"href":"https:\/\/www.feuerwehr-brilon.de\/index.php?rest_route=\/wp\/v2\/posts\/30561\/revisions\/30562"}],"wp:featuredmedia":[{"embeddable":true,"href":"https:\/\/www.feuerwehr-brilon.de\/index.php?rest_route=\/wp\/v2\/media\/30560"}],"wp:attachment":[{"href":"https:\/\/www.feuerwehr-brilon.de\/index.php?rest_route=%2Fwp%2Fv2%2Fmedia&parent=30561"}],"wp:term":[{"taxonomy":"category","embeddable":true,"href":"https:\/\/www.feuerwehr-brilon.de\/index.php?rest_route=%2Fwp%2Fv2%2Fcategories&post=30561"},{"taxonomy":"post_tag","embeddable":true,"href":"https:\/\/www.feuerwehr-brilon.de\/index.php?rest_route=%2Fwp%2Fv2%2Ftags&post=30561"}],"curies":[{"name":"wp","href":"https:\/\/api.w.org\/{rel}","templated":true}]}}