{"id":30577,"date":"2022-12-31T13:16:40","date_gmt":"2022-12-31T12:16:40","guid":{"rendered":"https:\/\/www.feuerwehr-brilon.de\/?p=30577"},"modified":"2022-12-31T13:16:40","modified_gmt":"2022-12-31T12:16:40","slug":"einsatz-679","status":"publish","type":"post","link":"https:\/\/www.feuerwehr-brilon.de\/?p=30577","title":{"rendered":"+++ Einsatz +++"},"content":{"rendered":"<p>31.12. 11:53Uhr, Hilfeleistung, H0 \u00d6lspur, Brilon, Hasselborn, \u00d6lspur<\/p>\n","protected":false},"excerpt":{"rendered":"<p>31.12. 11:53Uhr, Hilfeleistung, H0 \u00d6lspur, Brilon, Hasselborn, \u00d6lspur<\/p>\n","protected":false},"author":8,"featured_media":0,"comment_status":"closed","ping_status":"closed","sticky":false,"template":"","format":"standard","meta":{"_exactmetrics_skip_tracking":false,"_exactmetrics_sitenote_active":false,"_exactmetrics_sitenote_note":"","_exactmetrics_sitenote_category":0,"jetpack_post_was_ever_published":false,"_jetpack_newsletter_access":"","_jetpack_dont_email_post_to_subs":false,"_jetpack_newsletter_tier_id":0,"_jetpack_memberships_contains_paywalled_content":false,"_jetpack_memberships_contains_paid_content":false,"footnotes":""},"categories":[102],"tags":[],"class_list":["post-30577","post","type-post","status-publish","format-standard","hentry","category-alarmierungen"],"jetpack_featured_media_url":"","jetpack_shortlink":"https:\/\/wp.me\/pCIJa-7Xb","jetpack_sharing_enabled":true,"jetpack-related-posts":[{"id":33726,"url":"https:\/\/www.feuerwehr-brilon.de\/?p=33726","url_meta":{"origin":30577,"position":0},"title":"+++ Einsatz +++","author":"Andreas Becker","date":"9. September 2025","format":false,"excerpt":"09.09. 13:30Uhr, Hilfeleistung, H0 \u00d6lspur, Brilon, Hasselborn, \u00d6lspur","rel":"","context":"In &quot;Alarmierungen&quot;","block_context":{"text":"Alarmierungen","link":"https:\/\/www.feuerwehr-brilon.de\/?cat=102"},"img":{"alt_text":"","src":"","width":0,"height":0},"classes":[]},{"id":31287,"url":"https:\/\/www.feuerwehr-brilon.de\/?p=31287","url_meta":{"origin":30577,"position":1},"title":"+++ Einsatz +++","author":"Andreas Becker","date":"19. Juni 2023","format":false,"excerpt":"18.06. 19:47Uhr, Hilfeleistung, H0 \u00d6lspur, Brilon, Hasselborn, \u00d6lspur","rel":"","context":"In &quot;Alarmierungen&quot;","block_context":{"text":"Alarmierungen","link":"https:\/\/www.feuerwehr-brilon.de\/?cat=102"},"img":{"alt_text":"","src":"https:\/\/i0.wp.com\/www.feuerwehr-brilon.de\/wp-up\/2022\/09\/sym_gwl2.jpg?resize=350%2C200&ssl=1","width":350,"height":200,"srcset":"https:\/\/i0.wp.com\/www.feuerwehr-brilon.de\/wp-up\/2022\/09\/sym_gwl2.jpg?resize=350%2C200&ssl=1 1x, https:\/\/i0.wp.com\/www.feuerwehr-brilon.de\/wp-up\/2022\/09\/sym_gwl2.jpg?resize=525%2C300&ssl=1 1.5x, https:\/\/i0.wp.com\/www.feuerwehr-brilon.de\/wp-up\/2022\/09\/sym_gwl2.jpg?resize=700%2C400&ssl=1 2x"},"classes":[]},{"id":33567,"url":"https:\/\/www.feuerwehr-brilon.de\/?p=33567","url_meta":{"origin":30577,"position":2},"title":"+++ Einsatz +++","author":"Andreas Becker","date":"28. Juni 2025","format":false,"excerpt":"27.06. 17:17Uhr, Hilfeleistung, H0 \u00d6lspur, Brilon, Hasselborn, \u00d6lspur","rel":"","context":"In &quot;Alarmierungen&quot;","block_context":{"text":"Alarmierungen","link":"https:\/\/www.feuerwehr-brilon.de\/?cat=102"},"img":{"alt_text":"","src":"","width":0,"height":0},"classes":[]},{"id":33490,"url":"https:\/\/www.feuerwehr-brilon.de\/?p=33490","url_meta":{"origin":30577,"position":3},"title":"+++ Einsatz +++","author":"Andreas Becker","date":"19. Mai 2025","format":false,"excerpt":"19.05. 15:53Uhr, Hilfeleistung, H0 \u00d6lspur, Brilon, Frankenweg, \u00d6lspur","rel":"","context":"In &quot;Alarmierungen&quot;","block_context":{"text":"Alarmierungen","link":"https:\/\/www.feuerwehr-brilon.de\/?cat=102"},"img":{"alt_text":"","src":"","width":0,"height":0},"classes":[]},{"id":32498,"url":"https:\/\/www.feuerwehr-brilon.de\/?p=32498","url_meta":{"origin":30577,"position":4},"title":"+++ Einsatz +++","author":"Andreas Becker","date":"15. Juni 2024","format":false,"excerpt":"15.06. 10:53Uhr, Hilfeleistung, H0 \u00d6lspur, Madfeld, Radlinghauser Stra\u00dfe, \u00d6lspur nach VU","rel":"","context":"In &quot;Alarmierungen&quot;","block_context":{"text":"Alarmierungen","link":"https:\/\/www.feuerwehr-brilon.de\/?cat=102"},"img":{"alt_text":"","src":"https:\/\/i0.wp.com\/www.feuerwehr-brilon.de\/wp-up\/2024\/06\/7image_FB.jpg?resize=350%2C200&ssl=1","width":350,"height":200,"srcset":"https:\/\/i0.wp.com\/www.feuerwehr-brilon.de\/wp-up\/2024\/06\/7image_FB.jpg?resize=350%2C200&ssl=1 1x, https:\/\/i0.wp.com\/www.feuerwehr-brilon.de\/wp-up\/2024\/06\/7image_FB.jpg?resize=525%2C300&ssl=1 1.5x, https:\/\/i0.wp.com\/www.feuerwehr-brilon.de\/wp-up\/2024\/06\/7image_FB.jpg?resize=700%2C400&ssl=1 2x, https:\/\/i0.wp.com\/www.feuerwehr-brilon.de\/wp-up\/2024\/06\/7image_FB.jpg?resize=1050%2C600&ssl=1 3x"},"classes":[]},{"id":21978,"url":"https:\/\/www.feuerwehr-brilon.de\/?p=21978","url_meta":{"origin":30577,"position":5},"title":"+++ Einsatz +++","author":"Andreas Becker","date":"31. Dezember 2019","format":false,"excerpt":"31.12. 10:45Uhr, Hilfeleistung, H0 \u00d6lspur, Altenb\u00fcren, B480, \u00d6lspur","rel":"","context":"In &quot;Alarmierungen&quot;","block_context":{"text":"Alarmierungen","link":"https:\/\/www.feuerwehr-brilon.de\/?cat=102"},"img":{"alt_text":"","src":"","width":0,"height":0},"classes":[]}],"_links":{"self":[{"href":"https:\/\/www.feuerwehr-brilon.de\/index.php?rest_route=\/wp\/v2\/posts\/30577","targetHints":{"allow":["GET"]}}],"collection":[{"href":"https:\/\/www.feuerwehr-brilon.de\/index.php?rest_route=\/wp\/v2\/posts"}],"about":[{"href":"https:\/\/www.feuerwehr-brilon.de\/index.php?rest_route=\/wp\/v2\/types\/post"}],"author":[{"embeddable":true,"href":"https:\/\/www.feuerwehr-brilon.de\/index.php?rest_route=\/wp\/v2\/users\/8"}],"replies":[{"embeddable":true,"href":"https:\/\/www.feuerwehr-brilon.de\/index.php?rest_route=%2Fwp%2Fv2%2Fcomments&post=30577"}],"version-history":[{"count":1,"href":"https:\/\/www.feuerwehr-brilon.de\/index.php?rest_route=\/wp\/v2\/posts\/30577\/revisions"}],"predecessor-version":[{"id":30578,"href":"https:\/\/www.feuerwehr-brilon.de\/index.php?rest_route=\/wp\/v2\/posts\/30577\/revisions\/30578"}],"wp:attachment":[{"href":"https:\/\/www.feuerwehr-brilon.de\/index.php?rest_route=%2Fwp%2Fv2%2Fmedia&parent=30577"}],"wp:term":[{"taxonomy":"category","embeddable":true,"href":"https:\/\/www.feuerwehr-brilon.de\/index.php?rest_route=%2Fwp%2Fv2%2Fcategories&post=30577"},{"taxonomy":"post_tag","embeddable":true,"href":"https:\/\/www.feuerwehr-brilon.de\/index.php?rest_route=%2Fwp%2Fv2%2Ftags&post=30577"}],"curies":[{"name":"wp","href":"https:\/\/api.w.org\/{rel}","templated":true}]}}