{"id":30601,"date":"2023-01-04T17:59:18","date_gmt":"2023-01-04T16:59:18","guid":{"rendered":"https:\/\/www.feuerwehr-brilon.de\/?p=30601"},"modified":"2023-01-04T17:59:18","modified_gmt":"2023-01-04T16:59:18","slug":"einsatz-683","status":"publish","type":"post","link":"https:\/\/www.feuerwehr-brilon.de\/?p=30601","title":{"rendered":"+++ Einsatz +++"},"content":{"rendered":"<p>04.01. 08:57Uhr, Hilfeleistung, H0 T\u00fcr, Brilon, Am Hollemann, Aufzugsnotbefreiung<\/p>\n","protected":false},"excerpt":{"rendered":"<p>04.01. 08:57Uhr, Hilfeleistung, H0 T\u00fcr, Brilon, Am Hollemann, Aufzugsnotbefreiung<\/p>\n","protected":false},"author":8,"featured_media":30162,"comment_status":"closed","ping_status":"closed","sticky":false,"template":"","format":"standard","meta":{"_exactmetrics_skip_tracking":false,"_exactmetrics_sitenote_active":false,"_exactmetrics_sitenote_note":"","_exactmetrics_sitenote_category":0,"jetpack_post_was_ever_published":false,"_jetpack_newsletter_access":"","_jetpack_dont_email_post_to_subs":false,"_jetpack_newsletter_tier_id":0,"_jetpack_memberships_contains_paywalled_content":false,"_jetpack_memberships_contains_paid_content":false,"footnotes":""},"categories":[102],"tags":[],"class_list":["post-30601","post","type-post","status-publish","format-standard","has-post-thumbnail","hentry","category-alarmierungen"],"jetpack_featured_media_url":"https:\/\/www.feuerwehr-brilon.de\/wp-up\/2022\/09\/sym_gwl2.jpg","jetpack_shortlink":"https:\/\/wp.me\/pCIJa-7Xz","jetpack_sharing_enabled":true,"jetpack-related-posts":[{"id":33111,"url":"https:\/\/www.feuerwehr-brilon.de\/?p=33111","url_meta":{"origin":30601,"position":0},"title":"+++ Einsatz +++","author":"Andreas Becker","date":"12. Januar 2025","format":false,"excerpt":"12.01. 11:43Uhr, Hilfeleistung, H0 T\u00fcr, Brilon, Am Hollemann, T\u00fcr\u00f6ffnung","rel":"","context":"In &quot;Alarmierungen&quot;","block_context":{"text":"Alarmierungen","link":"https:\/\/www.feuerwehr-brilon.de\/?cat=102"},"img":{"alt_text":"","src":"","width":0,"height":0},"classes":[]},{"id":34191,"url":"https:\/\/www.feuerwehr-brilon.de\/?p=34191","url_meta":{"origin":30601,"position":1},"title":"+++ Einsatz +++","author":"Erwin Mungenast","date":"30. Dezember 2025","format":false,"excerpt":"29.12. 08:51Uhr, Hilfeleistung, H0 T\u00fcr, Brilon-Wald, Korbacher Str., Aufzugsnotbefreiung","rel":"","context":"In &quot;Alarmierungen&quot;","block_context":{"text":"Alarmierungen","link":"https:\/\/www.feuerwehr-brilon.de\/?cat=102"},"img":{"alt_text":"","src":"","width":0,"height":0},"classes":[]},{"id":34273,"url":"https:\/\/www.feuerwehr-brilon.de\/?p=34273","url_meta":{"origin":30601,"position":2},"title":"+++ Einsatz +++","author":"Erwin Mungenast","date":"12. Januar 2026","format":false,"excerpt":"11.01. 17:47Uhr, Hilfeleistung, H0 T\u00fcr, Brilon, Bahnhofstr., Aufzugsnotbefreiung","rel":"","context":"In &quot;Alarmierungen&quot;","block_context":{"text":"Alarmierungen","link":"https:\/\/www.feuerwehr-brilon.de\/?cat=102"},"img":{"alt_text":"","src":"","width":0,"height":0},"classes":[]},{"id":33956,"url":"https:\/\/www.feuerwehr-brilon.de\/?p=33956","url_meta":{"origin":30601,"position":3},"title":"+++Einsatz+++","author":"Erwin Mungenast","date":"25. Oktober 2025","format":false,"excerpt":"25.10. 16:55Uhr, Hilfeleistung, H0 T\u00fcr, Brilon, Bahnhofstr., Aufzugsnotbefreiung","rel":"","context":"In &quot;Alarmierungen&quot;","block_context":{"text":"Alarmierungen","link":"https:\/\/www.feuerwehr-brilon.de\/?cat=102"},"img":{"alt_text":"","src":"","width":0,"height":0},"classes":[]},{"id":34073,"url":"https:\/\/www.feuerwehr-brilon.de\/?p=34073","url_meta":{"origin":30601,"position":4},"title":"+++ Einsatz +++","author":"Erwin Mungenast","date":"8. Dezember 2025","format":false,"excerpt":"07.12. 17:02Uhr, Hilfeleistung, H0 T\u00fcr, Brilon, Gartenstr., Aufzugsnotbefreiung","rel":"","context":"In &quot;Alarmierungen&quot;","block_context":{"text":"Alarmierungen","link":"https:\/\/www.feuerwehr-brilon.de\/?cat=102"},"img":{"alt_text":"","src":"","width":0,"height":0},"classes":[]},{"id":34213,"url":"https:\/\/www.feuerwehr-brilon.de\/?p=34213","url_meta":{"origin":30601,"position":5},"title":"+++ Einsatz +++","author":"Erwin Mungenast","date":"3. Januar 2026","format":false,"excerpt":"02.01. 21:16Uhr, Hilfeleistung, H0 T\u00fcr, Brilon, Gartenstr., Aufzugsnotbefreiung","rel":"","context":"In &quot;Alarmierungen&quot;","block_context":{"text":"Alarmierungen","link":"https:\/\/www.feuerwehr-brilon.de\/?cat=102"},"img":{"alt_text":"","src":"","width":0,"height":0},"classes":[]}],"_links":{"self":[{"href":"https:\/\/www.feuerwehr-brilon.de\/index.php?rest_route=\/wp\/v2\/posts\/30601","targetHints":{"allow":["GET"]}}],"collection":[{"href":"https:\/\/www.feuerwehr-brilon.de\/index.php?rest_route=\/wp\/v2\/posts"}],"about":[{"href":"https:\/\/www.feuerwehr-brilon.de\/index.php?rest_route=\/wp\/v2\/types\/post"}],"author":[{"embeddable":true,"href":"https:\/\/www.feuerwehr-brilon.de\/index.php?rest_route=\/wp\/v2\/users\/8"}],"replies":[{"embeddable":true,"href":"https:\/\/www.feuerwehr-brilon.de\/index.php?rest_route=%2Fwp%2Fv2%2Fcomments&post=30601"}],"version-history":[{"count":1,"href":"https:\/\/www.feuerwehr-brilon.de\/index.php?rest_route=\/wp\/v2\/posts\/30601\/revisions"}],"predecessor-version":[{"id":30602,"href":"https:\/\/www.feuerwehr-brilon.de\/index.php?rest_route=\/wp\/v2\/posts\/30601\/revisions\/30602"}],"wp:featuredmedia":[{"embeddable":true,"href":"https:\/\/www.feuerwehr-brilon.de\/index.php?rest_route=\/wp\/v2\/media\/30162"}],"wp:attachment":[{"href":"https:\/\/www.feuerwehr-brilon.de\/index.php?rest_route=%2Fwp%2Fv2%2Fmedia&parent=30601"}],"wp:term":[{"taxonomy":"category","embeddable":true,"href":"https:\/\/www.feuerwehr-brilon.de\/index.php?rest_route=%2Fwp%2Fv2%2Fcategories&post=30601"},{"taxonomy":"post_tag","embeddable":true,"href":"https:\/\/www.feuerwehr-brilon.de\/index.php?rest_route=%2Fwp%2Fv2%2Ftags&post=30601"}],"curies":[{"name":"wp","href":"https:\/\/api.w.org\/{rel}","templated":true}]}}