{"id":30603,"date":"2023-01-06T13:58:27","date_gmt":"2023-01-06T12:58:27","guid":{"rendered":"https:\/\/www.feuerwehr-brilon.de\/?p=30603"},"modified":"2023-01-06T13:58:27","modified_gmt":"2023-01-06T12:58:27","slug":"einsatz-684","status":"publish","type":"post","link":"https:\/\/www.feuerwehr-brilon.de\/?p=30603","title":{"rendered":"+++ Einsatz +++"},"content":{"rendered":"<p>05.01. 16:33Uhr, Brandeinsatz, F0, Hoppecke, L913, brennt Baum<\/p>\n","protected":false},"excerpt":{"rendered":"<p>05.01. 16:33Uhr, Brandeinsatz, F0, Hoppecke, L913, brennt Baum<\/p>\n","protected":false},"author":8,"featured_media":30155,"comment_status":"closed","ping_status":"closed","sticky":false,"template":"","format":"standard","meta":{"_exactmetrics_skip_tracking":false,"_exactmetrics_sitenote_active":false,"_exactmetrics_sitenote_note":"","_exactmetrics_sitenote_category":0,"jetpack_post_was_ever_published":false,"_jetpack_newsletter_access":"","_jetpack_dont_email_post_to_subs":false,"_jetpack_newsletter_tier_id":0,"_jetpack_memberships_contains_paywalled_content":false,"_jetpack_memberships_contains_paid_content":false,"footnotes":""},"categories":[102],"tags":[],"class_list":["post-30603","post","type-post","status-publish","format-standard","has-post-thumbnail","hentry","category-alarmierungen"],"jetpack_featured_media_url":"https:\/\/www.feuerwehr-brilon.de\/wp-up\/2022\/08\/ticker.jpg","jetpack_shortlink":"https:\/\/wp.me\/pCIJa-7XB","jetpack_sharing_enabled":true,"jetpack-related-posts":[{"id":22842,"url":"https:\/\/www.feuerwehr-brilon.de\/?p=22842","url_meta":{"origin":30603,"position":0},"title":"+++ Einsatz +++","author":"Andreas Becker","date":"29. September 2020","format":false,"excerpt":"29.09. 16:35Uhr, Brandeinsatz, F0, Brilon, Hellehohlweg, brennt Baum","rel":"","context":"In &quot;Alarmierungen&quot;","block_context":{"text":"Alarmierungen","link":"https:\/\/www.feuerwehr-brilon.de\/?cat=102"},"img":{"alt_text":"","src":"https:\/\/i0.wp.com\/www.feuerwehr-brilon.de\/wp-up\/2020\/09\/200929_Baum.jpg?resize=350%2C200&ssl=1","width":350,"height":200,"srcset":"https:\/\/i0.wp.com\/www.feuerwehr-brilon.de\/wp-up\/2020\/09\/200929_Baum.jpg?resize=350%2C200&ssl=1 1x, https:\/\/i0.wp.com\/www.feuerwehr-brilon.de\/wp-up\/2020\/09\/200929_Baum.jpg?resize=525%2C300&ssl=1 1.5x, https:\/\/i0.wp.com\/www.feuerwehr-brilon.de\/wp-up\/2020\/09\/200929_Baum.jpg?resize=700%2C400&ssl=1 2x, https:\/\/i0.wp.com\/www.feuerwehr-brilon.de\/wp-up\/2020\/09\/200929_Baum.jpg?resize=1050%2C600&ssl=1 3x"},"classes":[]},{"id":23523,"url":"https:\/\/www.feuerwehr-brilon.de\/?p=23523","url_meta":{"origin":30603,"position":1},"title":"+++ Einsatz +++","author":"Andreas Becker","date":"29. Mai 2021","format":false,"excerpt":"29.05. 14:01Uhr, Brandeinsatz, F0, Hoppecke, Wilhelm-Mund-Stra\u00dfe, brennt Hecke","rel":"","context":"In &quot;Alarmierungen&quot;","block_context":{"text":"Alarmierungen","link":"https:\/\/www.feuerwehr-brilon.de\/?cat=102"},"img":{"alt_text":"","src":"","width":0,"height":0},"classes":[]},{"id":22354,"url":"https:\/\/www.feuerwehr-brilon.de\/?p=22354","url_meta":{"origin":30603,"position":2},"title":"+++ Einsatz +++","author":"Andreas Becker","date":"8. April 2020","format":false,"excerpt":"08.04. 21:24Uhr, Brandeinsatz, F0, Brilon, Burhagener Weg, brennt Baum","rel":"","context":"In &quot;Alarmierungen&quot;","block_context":{"text":"Alarmierungen","link":"https:\/\/www.feuerwehr-brilon.de\/?cat=102"},"img":{"alt_text":"","src":"","width":0,"height":0},"classes":[]},{"id":22459,"url":"https:\/\/www.feuerwehr-brilon.de\/?p=22459","url_meta":{"origin":30603,"position":3},"title":"+++ Einsatz +++","author":"Andreas Becker","date":"20. April 2020","format":false,"excerpt":"20.04. 11:45Uhr, Brandeinsatz, F0, Brilon, In der Balgert, brennt Baum","rel":"","context":"In &quot;Alarmierungen&quot;","block_context":{"text":"Alarmierungen","link":"https:\/\/www.feuerwehr-brilon.de\/?cat=102"},"img":{"alt_text":"","src":"https:\/\/i0.wp.com\/www.feuerwehr-brilon.de\/wp-up\/2020\/04\/img_0767.jpg?resize=350%2C200&ssl=1","width":350,"height":200,"srcset":"https:\/\/i0.wp.com\/www.feuerwehr-brilon.de\/wp-up\/2020\/04\/img_0767.jpg?resize=350%2C200&ssl=1 1x, https:\/\/i0.wp.com\/www.feuerwehr-brilon.de\/wp-up\/2020\/04\/img_0767.jpg?resize=525%2C300&ssl=1 1.5x, https:\/\/i0.wp.com\/www.feuerwehr-brilon.de\/wp-up\/2020\/04\/img_0767.jpg?resize=700%2C400&ssl=1 2x"},"classes":[]},{"id":29728,"url":"https:\/\/www.feuerwehr-brilon.de\/?p=29728","url_meta":{"origin":30603,"position":4},"title":"+++ Einsatz +++","author":"Andreas Becker","date":"28. April 2022","format":false,"excerpt":"28.04. 18:01Uhr, Brandeinsatz, F0, Brilon, Alter Friedhof, brennt Baum","rel":"","context":"In &quot;Alarmierungen&quot;","block_context":{"text":"Alarmierungen","link":"https:\/\/www.feuerwehr-brilon.de\/?cat=102"},"img":{"alt_text":"","src":"","width":0,"height":0},"classes":[]},{"id":31266,"url":"https:\/\/www.feuerwehr-brilon.de\/?p=31266","url_meta":{"origin":30603,"position":5},"title":"+++ Einsatz +++","author":"Andreas Becker","date":"9. Juni 2023","format":false,"excerpt":"09.06. 10:02Uhr, Brandeinsatz, F0, W\u00fclfte, W\u00fclfter Stra\u00dfe, brennt Baum","rel":"","context":"In &quot;Alarmierungen&quot;","block_context":{"text":"Alarmierungen","link":"https:\/\/www.feuerwehr-brilon.de\/?cat=102"},"img":{"alt_text":"","src":"https:\/\/i0.wp.com\/www.feuerwehr-brilon.de\/wp-up\/2023\/03\/sym_sign.jpg?resize=350%2C200&ssl=1","width":350,"height":200,"srcset":"https:\/\/i0.wp.com\/www.feuerwehr-brilon.de\/wp-up\/2023\/03\/sym_sign.jpg?resize=350%2C200&ssl=1 1x, https:\/\/i0.wp.com\/www.feuerwehr-brilon.de\/wp-up\/2023\/03\/sym_sign.jpg?resize=525%2C300&ssl=1 1.5x, https:\/\/i0.wp.com\/www.feuerwehr-brilon.de\/wp-up\/2023\/03\/sym_sign.jpg?resize=700%2C400&ssl=1 2x"},"classes":[]}],"_links":{"self":[{"href":"https:\/\/www.feuerwehr-brilon.de\/index.php?rest_route=\/wp\/v2\/posts\/30603","targetHints":{"allow":["GET"]}}],"collection":[{"href":"https:\/\/www.feuerwehr-brilon.de\/index.php?rest_route=\/wp\/v2\/posts"}],"about":[{"href":"https:\/\/www.feuerwehr-brilon.de\/index.php?rest_route=\/wp\/v2\/types\/post"}],"author":[{"embeddable":true,"href":"https:\/\/www.feuerwehr-brilon.de\/index.php?rest_route=\/wp\/v2\/users\/8"}],"replies":[{"embeddable":true,"href":"https:\/\/www.feuerwehr-brilon.de\/index.php?rest_route=%2Fwp%2Fv2%2Fcomments&post=30603"}],"version-history":[{"count":1,"href":"https:\/\/www.feuerwehr-brilon.de\/index.php?rest_route=\/wp\/v2\/posts\/30603\/revisions"}],"predecessor-version":[{"id":30604,"href":"https:\/\/www.feuerwehr-brilon.de\/index.php?rest_route=\/wp\/v2\/posts\/30603\/revisions\/30604"}],"wp:featuredmedia":[{"embeddable":true,"href":"https:\/\/www.feuerwehr-brilon.de\/index.php?rest_route=\/wp\/v2\/media\/30155"}],"wp:attachment":[{"href":"https:\/\/www.feuerwehr-brilon.de\/index.php?rest_route=%2Fwp%2Fv2%2Fmedia&parent=30603"}],"wp:term":[{"taxonomy":"category","embeddable":true,"href":"https:\/\/www.feuerwehr-brilon.de\/index.php?rest_route=%2Fwp%2Fv2%2Fcategories&post=30603"},{"taxonomy":"post_tag","embeddable":true,"href":"https:\/\/www.feuerwehr-brilon.de\/index.php?rest_route=%2Fwp%2Fv2%2Ftags&post=30603"}],"curies":[{"name":"wp","href":"https:\/\/api.w.org\/{rel}","templated":true}]}}