{"id":30605,"date":"2023-01-09T09:41:52","date_gmt":"2023-01-09T08:41:52","guid":{"rendered":"https:\/\/www.feuerwehr-brilon.de\/?p=30605"},"modified":"2023-01-09T09:41:52","modified_gmt":"2023-01-09T08:41:52","slug":"einsatz-685","status":"publish","type":"post","link":"https:\/\/www.feuerwehr-brilon.de\/?p=30605","title":{"rendered":"+++ Einsatz +++"},"content":{"rendered":"<p>07.01. 23:03Uhr, Hilfeleistung, H0 \u00d6lspur, W\u00fclfte, Im Wenster, \u00d6lspur<\/p>\n","protected":false},"excerpt":{"rendered":"<p>07.01. 23:03Uhr, Hilfeleistung, H0 \u00d6lspur, W\u00fclfte, Im Wenster, \u00d6lspur<\/p>\n","protected":false},"author":8,"featured_media":22169,"comment_status":"closed","ping_status":"closed","sticky":false,"template":"","format":"standard","meta":{"_exactmetrics_skip_tracking":false,"_exactmetrics_sitenote_active":false,"_exactmetrics_sitenote_note":"","_exactmetrics_sitenote_category":0,"jetpack_post_was_ever_published":false,"_jetpack_newsletter_access":"","_jetpack_dont_email_post_to_subs":false,"_jetpack_newsletter_tier_id":0,"_jetpack_memberships_contains_paywalled_content":false,"_jetpack_memberships_contains_paid_content":false,"footnotes":""},"categories":[102],"tags":[],"class_list":["post-30605","post","type-post","status-publish","format-standard","has-post-thumbnail","hentry","category-alarmierungen"],"jetpack_featured_media_url":"https:\/\/www.feuerwehr-brilon.de\/wp-up\/2020\/02\/Oelspur.jpg","jetpack_shortlink":"https:\/\/wp.me\/pCIJa-7XD","jetpack_sharing_enabled":true,"jetpack-related-posts":[{"id":32827,"url":"https:\/\/www.feuerwehr-brilon.de\/?p=32827","url_meta":{"origin":30605,"position":0},"title":"+++ Einsatz +++","author":"Andreas Becker","date":"3. Oktober 2024","format":false,"excerpt":"02.10. 18:39Uhr, Hilfeleistung, H0 \u00d6lspur, W\u00fclfte, Im Wenster, \u00d6lspur","rel":"","context":"In &quot;Alarmierungen&quot;","block_context":{"text":"Alarmierungen","link":"https:\/\/www.feuerwehr-brilon.de\/?cat=102"},"img":{"alt_text":"","src":"","width":0,"height":0},"classes":[]},{"id":31307,"url":"https:\/\/www.feuerwehr-brilon.de\/?p=31307","url_meta":{"origin":30605,"position":1},"title":"+++ Einsatz +++","author":"Andreas Becker","date":"22. Juni 2023","format":false,"excerpt":"22.06. 02:09Uhr, Hilfeleistung, H0 \u00d6lspur, W\u00fclfte, Im Wenster, \u00d6lspur","rel":"","context":"In &quot;Alarmierungen&quot;","block_context":{"text":"Alarmierungen","link":"https:\/\/www.feuerwehr-brilon.de\/?cat=102"},"img":{"alt_text":"","src":"https:\/\/i0.wp.com\/www.feuerwehr-brilon.de\/wp-up\/2022\/10\/sym_Oelspur_.jpg?resize=350%2C200&ssl=1","width":350,"height":200,"srcset":"https:\/\/i0.wp.com\/www.feuerwehr-brilon.de\/wp-up\/2022\/10\/sym_Oelspur_.jpg?resize=350%2C200&ssl=1 1x, https:\/\/i0.wp.com\/www.feuerwehr-brilon.de\/wp-up\/2022\/10\/sym_Oelspur_.jpg?resize=525%2C300&ssl=1 1.5x, https:\/\/i0.wp.com\/www.feuerwehr-brilon.de\/wp-up\/2022\/10\/sym_Oelspur_.jpg?resize=700%2C400&ssl=1 2x"},"classes":[]},{"id":33236,"url":"https:\/\/www.feuerwehr-brilon.de\/?p=33236","url_meta":{"origin":30605,"position":2},"title":"+++ Einsatz +++","author":"Andreas Becker","date":"28. Februar 2025","format":false,"excerpt":"28.02. 14:01Uhr, Hilfeleistung, H0 \u00d6lspur, W\u00fclfte, -> Nehden, \u00d6lspur","rel":"","context":"In &quot;Alarmierungen&quot;","block_context":{"text":"Alarmierungen","link":"https:\/\/www.feuerwehr-brilon.de\/?cat=102"},"img":{"alt_text":"","src":"","width":0,"height":0},"classes":[]},{"id":21931,"url":"https:\/\/www.feuerwehr-brilon.de\/?p=21931","url_meta":{"origin":30605,"position":3},"title":"+++ Einsatz +++","author":"Andreas Becker","date":"10. Dezember 2019","format":false,"excerpt":"09.12. 22:43Uhr, Hilfeleistung, H0 \u00d6lspur, W\u00fclfte, B516, \u00d6lspur","rel":"","context":"In &quot;Alarmierungen&quot;","block_context":{"text":"Alarmierungen","link":"https:\/\/www.feuerwehr-brilon.de\/?cat=102"},"img":{"alt_text":"","src":"","width":0,"height":0},"classes":[]},{"id":24346,"url":"https:\/\/www.feuerwehr-brilon.de\/?p=24346","url_meta":{"origin":30605,"position":4},"title":"+++ Einsatz +++","author":"Andreas Becker","date":"24. M\u00e4rz 2022","format":false,"excerpt":"24.03. 08:04Uhr, Hilfeleistung, H0 \u00d6lspur, W\u00fclfte, B480, \u00d6lspur","rel":"","context":"In &quot;Alarmierungen&quot;","block_context":{"text":"Alarmierungen","link":"https:\/\/www.feuerwehr-brilon.de\/?cat=102"},"img":{"alt_text":"","src":"https:\/\/i0.wp.com\/www.feuerwehr-brilon.de\/wp-up\/2020\/02\/Oelspur.jpg?resize=350%2C200&ssl=1","width":350,"height":200,"srcset":"https:\/\/i0.wp.com\/www.feuerwehr-brilon.de\/wp-up\/2020\/02\/Oelspur.jpg?resize=350%2C200&ssl=1 1x, https:\/\/i0.wp.com\/www.feuerwehr-brilon.de\/wp-up\/2020\/02\/Oelspur.jpg?resize=525%2C300&ssl=1 1.5x"},"classes":[]},{"id":31898,"url":"https:\/\/www.feuerwehr-brilon.de\/?p=31898","url_meta":{"origin":30605,"position":5},"title":"+++ Einsatz +++","author":"Andreas Becker","date":"25. Dezember 2023","format":false,"excerpt":"25.12. 08:51Uhr, Hilfeleistung, H0 \u00d6lspur, W\u00fclfte, M\u00f6hnestra\u00dfe, \u00d6lspur","rel":"","context":"In &quot;Alarmierungen&quot;","block_context":{"text":"Alarmierungen","link":"https:\/\/www.feuerwehr-brilon.de\/?cat=102"},"img":{"alt_text":"","src":"https:\/\/i0.wp.com\/www.feuerwehr-brilon.de\/wp-up\/2022\/10\/sym_Oelspur_.jpg?resize=350%2C200&ssl=1","width":350,"height":200,"srcset":"https:\/\/i0.wp.com\/www.feuerwehr-brilon.de\/wp-up\/2022\/10\/sym_Oelspur_.jpg?resize=350%2C200&ssl=1 1x, https:\/\/i0.wp.com\/www.feuerwehr-brilon.de\/wp-up\/2022\/10\/sym_Oelspur_.jpg?resize=525%2C300&ssl=1 1.5x, https:\/\/i0.wp.com\/www.feuerwehr-brilon.de\/wp-up\/2022\/10\/sym_Oelspur_.jpg?resize=700%2C400&ssl=1 2x"},"classes":[]}],"_links":{"self":[{"href":"https:\/\/www.feuerwehr-brilon.de\/index.php?rest_route=\/wp\/v2\/posts\/30605","targetHints":{"allow":["GET"]}}],"collection":[{"href":"https:\/\/www.feuerwehr-brilon.de\/index.php?rest_route=\/wp\/v2\/posts"}],"about":[{"href":"https:\/\/www.feuerwehr-brilon.de\/index.php?rest_route=\/wp\/v2\/types\/post"}],"author":[{"embeddable":true,"href":"https:\/\/www.feuerwehr-brilon.de\/index.php?rest_route=\/wp\/v2\/users\/8"}],"replies":[{"embeddable":true,"href":"https:\/\/www.feuerwehr-brilon.de\/index.php?rest_route=%2Fwp%2Fv2%2Fcomments&post=30605"}],"version-history":[{"count":1,"href":"https:\/\/www.feuerwehr-brilon.de\/index.php?rest_route=\/wp\/v2\/posts\/30605\/revisions"}],"predecessor-version":[{"id":30606,"href":"https:\/\/www.feuerwehr-brilon.de\/index.php?rest_route=\/wp\/v2\/posts\/30605\/revisions\/30606"}],"wp:featuredmedia":[{"embeddable":true,"href":"https:\/\/www.feuerwehr-brilon.de\/index.php?rest_route=\/wp\/v2\/media\/22169"}],"wp:attachment":[{"href":"https:\/\/www.feuerwehr-brilon.de\/index.php?rest_route=%2Fwp%2Fv2%2Fmedia&parent=30605"}],"wp:term":[{"taxonomy":"category","embeddable":true,"href":"https:\/\/www.feuerwehr-brilon.de\/index.php?rest_route=%2Fwp%2Fv2%2Fcategories&post=30605"},{"taxonomy":"post_tag","embeddable":true,"href":"https:\/\/www.feuerwehr-brilon.de\/index.php?rest_route=%2Fwp%2Fv2%2Ftags&post=30605"}],"curies":[{"name":"wp","href":"https:\/\/api.w.org\/{rel}","templated":true}]}}