{"id":30636,"date":"2023-01-18T22:36:23","date_gmt":"2023-01-18T21:36:23","guid":{"rendered":"https:\/\/www.feuerwehr-brilon.de\/?p=30636"},"modified":"2023-01-18T22:36:23","modified_gmt":"2023-01-18T21:36:23","slug":"einsatz-693","status":"publish","type":"post","link":"https:\/\/www.feuerwehr-brilon.de\/?p=30636","title":{"rendered":"+++ Einsatz +++"},"content":{"rendered":"<p>18.01. 14:37Uhr, Hilfeleistung, H0 T\u00fcr, Radlinghausen, T\u00fcr\u00f6ffnung<\/p>\n","protected":false},"excerpt":{"rendered":"<p>18.01. 14:37Uhr, Hilfeleistung, H0 T\u00fcr, Radlinghausen, T\u00fcr\u00f6ffnung<\/p>\n","protected":false},"author":8,"featured_media":30206,"comment_status":"closed","ping_status":"closed","sticky":false,"template":"","format":"standard","meta":{"_exactmetrics_skip_tracking":false,"_exactmetrics_sitenote_active":false,"_exactmetrics_sitenote_note":"","_exactmetrics_sitenote_category":0,"jetpack_post_was_ever_published":false,"_jetpack_newsletter_access":"","_jetpack_dont_email_post_to_subs":false,"_jetpack_newsletter_tier_id":0,"_jetpack_memberships_contains_paywalled_content":false,"_jetpack_memberships_contains_paid_content":false,"footnotes":""},"categories":[102],"tags":[],"class_list":["post-30636","post","type-post","status-publish","format-standard","has-post-thumbnail","hentry","category-alarmierungen"],"jetpack_featured_media_url":"https:\/\/www.feuerwehr-brilon.de\/wp-up\/2022\/09\/sym_tuer.jpg","jetpack_shortlink":"https:\/\/wp.me\/pCIJa-7Y8","jetpack_sharing_enabled":true,"jetpack-related-posts":[{"id":32893,"url":"https:\/\/www.feuerwehr-brilon.de\/?p=32893","url_meta":{"origin":30636,"position":0},"title":"+++ Einsatz +++","author":"Andreas Becker","date":"17. Oktober 2024","format":false,"excerpt":"16.10. 15:27Uhr, Hilfeleistung, H0 T\u00fcr, Radlinghausen, Am Ruhberg, T\u00fcr\u00f6ffnung","rel":"","context":"In &quot;Alarmierungen&quot;","block_context":{"text":"Alarmierungen","link":"https:\/\/www.feuerwehr-brilon.de\/?cat=102"},"img":{"alt_text":"","src":"","width":0,"height":0},"classes":[]},{"id":32560,"url":"https:\/\/www.feuerwehr-brilon.de\/?p=32560","url_meta":{"origin":30636,"position":1},"title":"+++ Einsatz +++","author":"Andreas Becker","date":"9. Juli 2024","format":false,"excerpt":"09.07. 00:37Uhr, Hilfeleistung, H0 T\u00fcr, Brilon, Gartenstra\u00dfe, T\u00fcr\u00f6ffnung","rel":"","context":"In &quot;Alarmierungen&quot;","block_context":{"text":"Alarmierungen","link":"https:\/\/www.feuerwehr-brilon.de\/?cat=102"},"img":{"alt_text":"","src":"https:\/\/i0.wp.com\/www.feuerwehr-brilon.de\/wp-up\/2023\/04\/sym_HLF-RTW.jpg?resize=350%2C200&ssl=1","width":350,"height":200,"srcset":"https:\/\/i0.wp.com\/www.feuerwehr-brilon.de\/wp-up\/2023\/04\/sym_HLF-RTW.jpg?resize=350%2C200&ssl=1 1x, https:\/\/i0.wp.com\/www.feuerwehr-brilon.de\/wp-up\/2023\/04\/sym_HLF-RTW.jpg?resize=525%2C300&ssl=1 1.5x, https:\/\/i0.wp.com\/www.feuerwehr-brilon.de\/wp-up\/2023\/04\/sym_HLF-RTW.jpg?resize=700%2C400&ssl=1 2x"},"classes":[]},{"id":21966,"url":"https:\/\/www.feuerwehr-brilon.de\/?p=21966","url_meta":{"origin":30636,"position":2},"title":"+++ Einsatz +++","author":"Andreas Becker","date":"23. Dezember 2019","format":false,"excerpt":"23.12. 06:37Uhr, Hilfeleistung, H0 T\u00fcr\u00f6ffnung, Hoppecke, Im Winkel, T\u00fcr\u00f6ffnung","rel":"","context":"In &quot;Alarmierungen&quot;","block_context":{"text":"Alarmierungen","link":"https:\/\/www.feuerwehr-brilon.de\/?cat=102"},"img":{"alt_text":"","src":"","width":0,"height":0},"classes":[]},{"id":33019,"url":"https:\/\/www.feuerwehr-brilon.de\/?p=33019","url_meta":{"origin":30636,"position":3},"title":"+++ Einsatz +++","author":"Andreas Becker","date":"9. Dezember 2024","format":false,"excerpt":"09.12. 14:38Uhr, Hilfeleistung, H0 T\u00fcr, Brilon, Altenb\u00fcrener, T\u00fcr\u00f6ffnung","rel":"","context":"In &quot;Alarmierungen&quot;","block_context":{"text":"Alarmierungen","link":"https:\/\/www.feuerwehr-brilon.de\/?cat=102"},"img":{"alt_text":"","src":"","width":0,"height":0},"classes":[]},{"id":23838,"url":"https:\/\/www.feuerwehr-brilon.de\/?p=23838","url_meta":{"origin":30636,"position":4},"title":"+++ Einsatz +++","author":"Andreas Becker","date":"16. Oktober 2021","format":false,"excerpt":"16.10. 14:19Uhr, Hilfeleistung, H0 T\u00fcr, Brilon, Itzelstein, T\u00fcr\u00f6ffnung","rel":"","context":"In &quot;Alarmierungen&quot;","block_context":{"text":"Alarmierungen","link":"https:\/\/www.feuerwehr-brilon.de\/?cat=102"},"img":{"alt_text":"","src":"https:\/\/i0.wp.com\/www.feuerwehr-brilon.de\/wp-up\/2020\/08\/Tueroeffnung.jpg?resize=350%2C200&ssl=1","width":350,"height":200,"srcset":"https:\/\/i0.wp.com\/www.feuerwehr-brilon.de\/wp-up\/2020\/08\/Tueroeffnung.jpg?resize=350%2C200&ssl=1 1x, https:\/\/i0.wp.com\/www.feuerwehr-brilon.de\/wp-up\/2020\/08\/Tueroeffnung.jpg?resize=525%2C300&ssl=1 1.5x, https:\/\/i0.wp.com\/www.feuerwehr-brilon.de\/wp-up\/2020\/08\/Tueroeffnung.jpg?resize=700%2C400&ssl=1 2x"},"classes":[]},{"id":24068,"url":"https:\/\/www.feuerwehr-brilon.de\/?p=24068","url_meta":{"origin":30636,"position":5},"title":"+++ Einsatz +++","author":"Andreas Becker","date":"7. Januar 2022","format":false,"excerpt":"07.01. 14:53Uhr, Hilfeleistung, H0 T\u00fcr, Brilon, Nordring, T\u00fcr\u00f6ffnung","rel":"","context":"In &quot;Alarmierungen&quot;","block_context":{"text":"Alarmierungen","link":"https:\/\/www.feuerwehr-brilon.de\/?cat=102"},"img":{"alt_text":"","src":"https:\/\/i0.wp.com\/www.feuerwehr-brilon.de\/wp-up\/2020\/08\/Tueroeffnung.jpg?resize=350%2C200&ssl=1","width":350,"height":200,"srcset":"https:\/\/i0.wp.com\/www.feuerwehr-brilon.de\/wp-up\/2020\/08\/Tueroeffnung.jpg?resize=350%2C200&ssl=1 1x, https:\/\/i0.wp.com\/www.feuerwehr-brilon.de\/wp-up\/2020\/08\/Tueroeffnung.jpg?resize=525%2C300&ssl=1 1.5x, https:\/\/i0.wp.com\/www.feuerwehr-brilon.de\/wp-up\/2020\/08\/Tueroeffnung.jpg?resize=700%2C400&ssl=1 2x"},"classes":[]}],"_links":{"self":[{"href":"https:\/\/www.feuerwehr-brilon.de\/index.php?rest_route=\/wp\/v2\/posts\/30636","targetHints":{"allow":["GET"]}}],"collection":[{"href":"https:\/\/www.feuerwehr-brilon.de\/index.php?rest_route=\/wp\/v2\/posts"}],"about":[{"href":"https:\/\/www.feuerwehr-brilon.de\/index.php?rest_route=\/wp\/v2\/types\/post"}],"author":[{"embeddable":true,"href":"https:\/\/www.feuerwehr-brilon.de\/index.php?rest_route=\/wp\/v2\/users\/8"}],"replies":[{"embeddable":true,"href":"https:\/\/www.feuerwehr-brilon.de\/index.php?rest_route=%2Fwp%2Fv2%2Fcomments&post=30636"}],"version-history":[{"count":0,"href":"https:\/\/www.feuerwehr-brilon.de\/index.php?rest_route=\/wp\/v2\/posts\/30636\/revisions"}],"wp:featuredmedia":[{"embeddable":true,"href":"https:\/\/www.feuerwehr-brilon.de\/index.php?rest_route=\/wp\/v2\/media\/30206"}],"wp:attachment":[{"href":"https:\/\/www.feuerwehr-brilon.de\/index.php?rest_route=%2Fwp%2Fv2%2Fmedia&parent=30636"}],"wp:term":[{"taxonomy":"category","embeddable":true,"href":"https:\/\/www.feuerwehr-brilon.de\/index.php?rest_route=%2Fwp%2Fv2%2Fcategories&post=30636"},{"taxonomy":"post_tag","embeddable":true,"href":"https:\/\/www.feuerwehr-brilon.de\/index.php?rest_route=%2Fwp%2Fv2%2Ftags&post=30636"}],"curies":[{"name":"wp","href":"https:\/\/api.w.org\/{rel}","templated":true}]}}