{"id":30649,"date":"2023-01-23T22:32:29","date_gmt":"2023-01-23T21:32:29","guid":{"rendered":"https:\/\/www.feuerwehr-brilon.de\/?p=30649"},"modified":"2023-01-23T22:32:29","modified_gmt":"2023-01-23T21:32:29","slug":"einsatz-697","status":"publish","type":"post","link":"https:\/\/www.feuerwehr-brilon.de\/?p=30649","title":{"rendered":"+++ Einsatz +++"},"content":{"rendered":"<p>23.01. 21:49Uhr, Brandeinsatz, F3 MiG, Brilon, Kreuziger Mauer, Zimmerbrand<\/p>\n","protected":false},"excerpt":{"rendered":"<p>23.01. 21:49Uhr, Brandeinsatz, F3 MiG, Brilon, Kreuziger Mauer, Zimmerbrand<\/p>\n","protected":false},"author":8,"featured_media":30155,"comment_status":"closed","ping_status":"closed","sticky":false,"template":"","format":"standard","meta":{"_exactmetrics_skip_tracking":false,"_exactmetrics_sitenote_active":false,"_exactmetrics_sitenote_note":"","_exactmetrics_sitenote_category":0,"jetpack_post_was_ever_published":false,"_jetpack_newsletter_access":"","_jetpack_dont_email_post_to_subs":false,"_jetpack_newsletter_tier_id":0,"_jetpack_memberships_contains_paywalled_content":false,"_jetpack_memberships_contains_paid_content":false,"footnotes":""},"categories":[102],"tags":[],"class_list":["post-30649","post","type-post","status-publish","format-standard","has-post-thumbnail","hentry","category-alarmierungen"],"jetpack_featured_media_url":"https:\/\/www.feuerwehr-brilon.de\/wp-up\/2022\/08\/ticker.jpg","jetpack_shortlink":"https:\/\/wp.me\/pCIJa-7Yl","jetpack_sharing_enabled":true,"jetpack-related-posts":[{"id":30779,"url":"https:\/\/www.feuerwehr-brilon.de\/?p=30779","url_meta":{"origin":30649,"position":0},"title":"+++ Einsatz +++","author":"Andreas Becker","date":"20. Februar 2023","format":false,"excerpt":"20.02. 19:22Uhr, Brandeinsatz, F3 MiG, Brilon, Kreuziger Mauer, Wohnung verraucht","rel":"","context":"In &quot;Alarmierungen&quot;","block_context":{"text":"Alarmierungen","link":"https:\/\/www.feuerwehr-brilon.de\/?cat=102"},"img":{"alt_text":"","src":"https:\/\/i0.wp.com\/www.feuerwehr-brilon.de\/wp-up\/2023\/02\/230220_F3Y_Brilon_KreuzigerMauer.jpg?resize=350%2C200&ssl=1","width":350,"height":200,"srcset":"https:\/\/i0.wp.com\/www.feuerwehr-brilon.de\/wp-up\/2023\/02\/230220_F3Y_Brilon_KreuzigerMauer.jpg?resize=350%2C200&ssl=1 1x, https:\/\/i0.wp.com\/www.feuerwehr-brilon.de\/wp-up\/2023\/02\/230220_F3Y_Brilon_KreuzigerMauer.jpg?resize=525%2C300&ssl=1 1.5x, https:\/\/i0.wp.com\/www.feuerwehr-brilon.de\/wp-up\/2023\/02\/230220_F3Y_Brilon_KreuzigerMauer.jpg?resize=700%2C400&ssl=1 2x"},"classes":[]},{"id":23809,"url":"https:\/\/www.feuerwehr-brilon.de\/?p=23809","url_meta":{"origin":30649,"position":1},"title":"+++ Einsatz +++","author":"Andreas Becker","date":"1. Oktober 2021","format":false,"excerpt":"01.10. 14:39Uhr, Brandeinsatz, F3 ohne MiG, Brilon, Sintfeldweg, Zimmerbrand","rel":"","context":"In &quot;Alarmierungen&quot;","block_context":{"text":"Alarmierungen","link":"https:\/\/www.feuerwehr-brilon.de\/?cat=102"},"img":{"alt_text":"","src":"","width":0,"height":0},"classes":[]},{"id":32745,"url":"https:\/\/www.feuerwehr-brilon.de\/?p=32745","url_meta":{"origin":30649,"position":2},"title":"+++ Einsatz +++","author":"Andreas Becker","date":"3. September 2024","format":false,"excerpt":"01.09. 15:02Uhr, Brandeinsatz, F3 MiG, R\u00f6senbeck, Altenfilsstr., Zimmerbrand","rel":"","context":"In &quot;Alarmierungen&quot;","block_context":{"text":"Alarmierungen","link":"https:\/\/www.feuerwehr-brilon.de\/?cat=102"},"img":{"alt_text":"","src":"","width":0,"height":0},"classes":[]},{"id":23168,"url":"https:\/\/www.feuerwehr-brilon.de\/?p=23168","url_meta":{"origin":30649,"position":3},"title":"+++ Einsatz +++","author":"Andreas Becker","date":"8. Februar 2021","format":false,"excerpt":"08.02. 12:31Uhr, Brandeinsatz, F3 MiG, Brilon, Obere Mauer, Wohnungsbrand","rel":"","context":"In &quot;Alarmierungen&quot;","block_context":{"text":"Alarmierungen","link":"https:\/\/www.feuerwehr-brilon.de\/?cat=102"},"img":{"alt_text":"","src":"https:\/\/i0.wp.com\/www.feuerwehr-brilon.de\/wp-up\/2021\/01\/Symbolbild-3.jpg?resize=350%2C200&ssl=1","width":350,"height":200,"srcset":"https:\/\/i0.wp.com\/www.feuerwehr-brilon.de\/wp-up\/2021\/01\/Symbolbild-3.jpg?resize=350%2C200&ssl=1 1x, https:\/\/i0.wp.com\/www.feuerwehr-brilon.de\/wp-up\/2021\/01\/Symbolbild-3.jpg?resize=525%2C300&ssl=1 1.5x, https:\/\/i0.wp.com\/www.feuerwehr-brilon.de\/wp-up\/2021\/01\/Symbolbild-3.jpg?resize=700%2C400&ssl=1 2x"},"classes":[]},{"id":16832,"url":"https:\/\/www.feuerwehr-brilon.de\/?p=16832","url_meta":{"origin":30649,"position":4},"title":"18.02. 19:39Uhr, Brandeinsatz, F3, Brilon,\u2026","author":"Andreas Becker","date":"18. Februar 2019","format":false,"excerpt":"18.02. 19:39Uhr, Brandeinsatz, F3, Brilon, Kreuziger Mauer, Rauchentwicklung in Wohnhaus","rel":"","context":"In &quot;Alarmierungen&quot;","block_context":{"text":"Alarmierungen","link":"https:\/\/www.feuerwehr-brilon.de\/?cat=102"},"img":{"alt_text":"","src":"","width":0,"height":0},"classes":[]},{"id":32217,"url":"https:\/\/www.feuerwehr-brilon.de\/?p=32217","url_meta":{"origin":30649,"position":5},"title":"+++ Einsatz +++","author":"Andreas Becker","date":"28. M\u00e4rz 2024","format":false,"excerpt":"27.03. 21:00Uhr, Brandeinsatz, F3, Beringhausen, Josefstadt, Zimmerbrand (\u00fc-\u00f6rtl. Hilfe ELW + DLK)","rel":"","context":"In &quot;Alarmierungen&quot;","block_context":{"text":"Alarmierungen","link":"https:\/\/www.feuerwehr-brilon.de\/?cat=102"},"img":{"alt_text":"","src":"https:\/\/i0.wp.com\/www.feuerwehr-brilon.de\/wp-up\/2023\/03\/sym_DLK.jpg?resize=350%2C200&ssl=1","width":350,"height":200,"srcset":"https:\/\/i0.wp.com\/www.feuerwehr-brilon.de\/wp-up\/2023\/03\/sym_DLK.jpg?resize=350%2C200&ssl=1 1x, https:\/\/i0.wp.com\/www.feuerwehr-brilon.de\/wp-up\/2023\/03\/sym_DLK.jpg?resize=525%2C300&ssl=1 1.5x, https:\/\/i0.wp.com\/www.feuerwehr-brilon.de\/wp-up\/2023\/03\/sym_DLK.jpg?resize=700%2C400&ssl=1 2x"},"classes":[]}],"_links":{"self":[{"href":"https:\/\/www.feuerwehr-brilon.de\/index.php?rest_route=\/wp\/v2\/posts\/30649","targetHints":{"allow":["GET"]}}],"collection":[{"href":"https:\/\/www.feuerwehr-brilon.de\/index.php?rest_route=\/wp\/v2\/posts"}],"about":[{"href":"https:\/\/www.feuerwehr-brilon.de\/index.php?rest_route=\/wp\/v2\/types\/post"}],"author":[{"embeddable":true,"href":"https:\/\/www.feuerwehr-brilon.de\/index.php?rest_route=\/wp\/v2\/users\/8"}],"replies":[{"embeddable":true,"href":"https:\/\/www.feuerwehr-brilon.de\/index.php?rest_route=%2Fwp%2Fv2%2Fcomments&post=30649"}],"version-history":[{"count":1,"href":"https:\/\/www.feuerwehr-brilon.de\/index.php?rest_route=\/wp\/v2\/posts\/30649\/revisions"}],"predecessor-version":[{"id":30650,"href":"https:\/\/www.feuerwehr-brilon.de\/index.php?rest_route=\/wp\/v2\/posts\/30649\/revisions\/30650"}],"wp:featuredmedia":[{"embeddable":true,"href":"https:\/\/www.feuerwehr-brilon.de\/index.php?rest_route=\/wp\/v2\/media\/30155"}],"wp:attachment":[{"href":"https:\/\/www.feuerwehr-brilon.de\/index.php?rest_route=%2Fwp%2Fv2%2Fmedia&parent=30649"}],"wp:term":[{"taxonomy":"category","embeddable":true,"href":"https:\/\/www.feuerwehr-brilon.de\/index.php?rest_route=%2Fwp%2Fv2%2Fcategories&post=30649"},{"taxonomy":"post_tag","embeddable":true,"href":"https:\/\/www.feuerwehr-brilon.de\/index.php?rest_route=%2Fwp%2Fv2%2Ftags&post=30649"}],"curies":[{"name":"wp","href":"https:\/\/api.w.org\/{rel}","templated":true}]}}