{"id":30662,"date":"2023-01-28T15:25:23","date_gmt":"2023-01-28T14:25:23","guid":{"rendered":"https:\/\/www.feuerwehr-brilon.de\/?p=30662"},"modified":"2023-01-28T15:25:23","modified_gmt":"2023-01-28T14:25:23","slug":"einsatz-698","status":"publish","type":"post","link":"https:\/\/www.feuerwehr-brilon.de\/?p=30662","title":{"rendered":"+++ Einsatz +++"},"content":{"rendered":"<p>27.01. 14:14Uhr, Hilfeleistung, H0 \u00d6lspur, Hoppecke, Bontkirchener Str., \u00d6lspur<\/p>\n","protected":false},"excerpt":{"rendered":"<p>27.01. 14:14Uhr, Hilfeleistung, H0 \u00d6lspur, Hoppecke, Bontkirchener Str., \u00d6lspur<\/p>\n","protected":false},"author":8,"featured_media":30281,"comment_status":"closed","ping_status":"closed","sticky":false,"template":"","format":"standard","meta":{"_exactmetrics_skip_tracking":false,"_exactmetrics_sitenote_active":false,"_exactmetrics_sitenote_note":"","_exactmetrics_sitenote_category":0,"jetpack_post_was_ever_published":false,"_jetpack_newsletter_access":"","_jetpack_dont_email_post_to_subs":false,"_jetpack_newsletter_tier_id":0,"_jetpack_memberships_contains_paywalled_content":false,"_jetpack_memberships_contains_paid_content":false,"footnotes":""},"categories":[102],"tags":[],"class_list":["post-30662","post","type-post","status-publish","format-standard","has-post-thumbnail","hentry","category-alarmierungen"],"jetpack_featured_media_url":"https:\/\/www.feuerwehr-brilon.de\/wp-up\/2022\/10\/sym_Oelspur_.jpg","jetpack_shortlink":"https:\/\/wp.me\/pCIJa-7Yy","jetpack_sharing_enabled":true,"jetpack-related-posts":[{"id":33702,"url":"https:\/\/www.feuerwehr-brilon.de\/?p=33702","url_meta":{"origin":30662,"position":0},"title":"+++ Einsatz +++","author":"Andreas Becker","date":"3. September 2025","format":false,"excerpt":"02.09.19:14Uhr, Hilfeleistung, H0 \u00d6lspur, Madfeld, Bernhard-Bartmann-Str., \u00d6lspur","rel":"","context":"In &quot;Alarmierungen&quot;","block_context":{"text":"Alarmierungen","link":"https:\/\/www.feuerwehr-brilon.de\/?cat=102"},"img":{"alt_text":"","src":"","width":0,"height":0},"classes":[]},{"id":32491,"url":"https:\/\/www.feuerwehr-brilon.de\/?p=32491","url_meta":{"origin":30662,"position":1},"title":"+++ Einsatz +++","author":"Andreas Becker","date":"10. Juni 2024","format":false,"excerpt":"09.06. 14:06Uhr, Hilfeleistung, H0 \u00d6lspur, Hoppecke, K61 -> Bontkirchen, \u00d6lspur nach VU","rel":"","context":"In &quot;Alarmierungen&quot;","block_context":{"text":"Alarmierungen","link":"https:\/\/www.feuerwehr-brilon.de\/?cat=102"},"img":{"alt_text":"","src":"https:\/\/i0.wp.com\/www.feuerwehr-brilon.de\/wp-up\/2023\/03\/sym_sign.jpg?resize=350%2C200&ssl=1","width":350,"height":200,"srcset":"https:\/\/i0.wp.com\/www.feuerwehr-brilon.de\/wp-up\/2023\/03\/sym_sign.jpg?resize=350%2C200&ssl=1 1x, https:\/\/i0.wp.com\/www.feuerwehr-brilon.de\/wp-up\/2023\/03\/sym_sign.jpg?resize=525%2C300&ssl=1 1.5x, https:\/\/i0.wp.com\/www.feuerwehr-brilon.de\/wp-up\/2023\/03\/sym_sign.jpg?resize=700%2C400&ssl=1 2x"},"classes":[]},{"id":23334,"url":"https:\/\/www.feuerwehr-brilon.de\/?p=23334","url_meta":{"origin":30662,"position":2},"title":"+++ Einsatz +++","author":"Andreas Becker","date":"25. M\u00e4rz 2021","format":false,"excerpt":"25.03. 18:14Uhr, Hilfeleistung, H0 \u00d6lspur, Messinghausen, Im Dresental - K61, \u00d6lspur","rel":"","context":"In &quot;Alarmierungen&quot;","block_context":{"text":"Alarmierungen","link":"https:\/\/www.feuerwehr-brilon.de\/?cat=102"},"img":{"alt_text":"","src":"https:\/\/i0.wp.com\/www.feuerwehr-brilon.de\/wp-up\/2020\/02\/Oelspur.jpg?resize=350%2C200&ssl=1","width":350,"height":200,"srcset":"https:\/\/i0.wp.com\/www.feuerwehr-brilon.de\/wp-up\/2020\/02\/Oelspur.jpg?resize=350%2C200&ssl=1 1x, https:\/\/i0.wp.com\/www.feuerwehr-brilon.de\/wp-up\/2020\/02\/Oelspur.jpg?resize=525%2C300&ssl=1 1.5x"},"classes":[]},{"id":21852,"url":"https:\/\/www.feuerwehr-brilon.de\/?p=21852","url_meta":{"origin":30662,"position":3},"title":"+++ Einsatz +++","author":"Andreas Becker","date":"2. November 2019","format":false,"excerpt":"02.11. 14:36Uhr, Hilfeleistung, H0 \u00d6lspur, Brilon, Hoppecker Str.- H\u00f6lsterloh, \u00d6lspur","rel":"","context":"In &quot;Alarmierungen&quot;","block_context":{"text":"Alarmierungen","link":"https:\/\/www.feuerwehr-brilon.de\/?cat=102"},"img":{"alt_text":"","src":"","width":0,"height":0},"classes":[]},{"id":10908,"url":"https:\/\/www.feuerwehr-brilon.de\/?p=10908","url_meta":{"origin":30662,"position":4},"title":"29.08. 06:38Uhr, Hilfeleistung, \u00d6lspur, Hoppecke,\u2026","author":"Andreas Becker","date":"29. August 2014","format":false,"excerpt":"29.08. 06:38Uhr, Hilfeleistung, \u00d6lspur, Hoppecke, Bontkirchener Str., ausl. Betriebsstoffe","rel":"","context":"In &quot;Alarmierungen&quot;","block_context":{"text":"Alarmierungen","link":"https:\/\/www.feuerwehr-brilon.de\/?cat=102"},"img":{"alt_text":"","src":"","width":0,"height":0},"classes":[]},{"id":33361,"url":"https:\/\/www.feuerwehr-brilon.de\/?p=33361","url_meta":{"origin":30662,"position":5},"title":"+++ Einsatz +++","author":"Andreas Becker","date":"14. April 2025","format":false,"excerpt":"13.04. 14:51Uhr, Hilfeleistung, H0 Trageh, Hoppecke, Bontkirchener Str., Tragehilfe","rel":"","context":"In &quot;Alarmierungen&quot;","block_context":{"text":"Alarmierungen","link":"https:\/\/www.feuerwehr-brilon.de\/?cat=102"},"img":{"alt_text":"","src":"","width":0,"height":0},"classes":[]}],"_links":{"self":[{"href":"https:\/\/www.feuerwehr-brilon.de\/index.php?rest_route=\/wp\/v2\/posts\/30662","targetHints":{"allow":["GET"]}}],"collection":[{"href":"https:\/\/www.feuerwehr-brilon.de\/index.php?rest_route=\/wp\/v2\/posts"}],"about":[{"href":"https:\/\/www.feuerwehr-brilon.de\/index.php?rest_route=\/wp\/v2\/types\/post"}],"author":[{"embeddable":true,"href":"https:\/\/www.feuerwehr-brilon.de\/index.php?rest_route=\/wp\/v2\/users\/8"}],"replies":[{"embeddable":true,"href":"https:\/\/www.feuerwehr-brilon.de\/index.php?rest_route=%2Fwp%2Fv2%2Fcomments&post=30662"}],"version-history":[{"count":1,"href":"https:\/\/www.feuerwehr-brilon.de\/index.php?rest_route=\/wp\/v2\/posts\/30662\/revisions"}],"predecessor-version":[{"id":30663,"href":"https:\/\/www.feuerwehr-brilon.de\/index.php?rest_route=\/wp\/v2\/posts\/30662\/revisions\/30663"}],"wp:featuredmedia":[{"embeddable":true,"href":"https:\/\/www.feuerwehr-brilon.de\/index.php?rest_route=\/wp\/v2\/media\/30281"}],"wp:attachment":[{"href":"https:\/\/www.feuerwehr-brilon.de\/index.php?rest_route=%2Fwp%2Fv2%2Fmedia&parent=30662"}],"wp:term":[{"taxonomy":"category","embeddable":true,"href":"https:\/\/www.feuerwehr-brilon.de\/index.php?rest_route=%2Fwp%2Fv2%2Fcategories&post=30662"},{"taxonomy":"post_tag","embeddable":true,"href":"https:\/\/www.feuerwehr-brilon.de\/index.php?rest_route=%2Fwp%2Fv2%2Ftags&post=30662"}],"curies":[{"name":"wp","href":"https:\/\/api.w.org\/{rel}","templated":true}]}}