{"id":30664,"date":"2023-01-29T13:58:51","date_gmt":"2023-01-29T12:58:51","guid":{"rendered":"https:\/\/www.feuerwehr-brilon.de\/?p=30664"},"modified":"2023-01-29T14:02:51","modified_gmt":"2023-01-29T13:02:51","slug":"verkehrsunfall-auf-der-hoppecker-strasse-3","status":"publish","type":"post","link":"https:\/\/www.feuerwehr-brilon.de\/?p=30664","title":{"rendered":"Verkehrsunfall auf der Hoppecker Stra\u00dfe"},"content":{"rendered":"<p><a href=\"https:\/\/www.feuerwehr-brilon.de\/?p=30664\"><img loading=\"lazy\" decoding=\"async\" class=\"size-thumbnail wp-image-30668 alignleft\" src=\"https:\/\/www.feuerwehr-brilon.de\/wp-up\/2023\/01\/VU-Hoelsterloh-1-150x113.jpg\" alt=\"\" width=\"150\" height=\"113\" srcset=\"https:\/\/www.feuerwehr-brilon.de\/wp-up\/2023\/01\/VU-Hoelsterloh-1-150x113.jpg 150w, https:\/\/www.feuerwehr-brilon.de\/wp-up\/2023\/01\/VU-Hoelsterloh-1-500x375.jpg 500w, https:\/\/www.feuerwehr-brilon.de\/wp-up\/2023\/01\/VU-Hoelsterloh-1.jpg 800w\" sizes=\"auto, (max-width: 150px) 100vw, 150px\" \/><\/a><a title=\"Brilon\" href=\"http:\/\/www.feuerwehr-brilon.de\/?page_id=7\" target=\"_blank\" rel=\"noopener\">Brilon. <\/a>Die Feuerwehr Brilon wurde am Samstagabend (28.01.2023) zu einem Verkehrsunfall auf der Hoppecker Stra\u00dfe oberhalb des Krankenhauses alarmiert. Im Bereich der Kurven am H\u00f6lsterloh war gegen 22:30 Uhr ein PKW von der Fahrbahn abgekommen und mit der Leitplanke und einem Baum kollidiert.<!--more--><\/p>\n<p>In der Erstmeldung wurde eine eingeklemmte Person gemeldet. Der 18-j\u00e4hrige Fahrer des PKW wurde bereits vor Eintreffen der Feuerwehr befreit und vom Rettungsdienst schwer verletzt ins Krankenhaus eingeliefert. <\/p>\n<p>Die Feuerwehr leuchtete die Unfallstelle zur Unfallaufnahme aus und r\u00e4umte Tr\u00fcmmerteile von der Fahrbahn. Daneben wurden auslaufende Betriebsmittel aufgenommen. 19 Feuerwehrleute waren 1 \u00bd Stunden im Einsatz. Zur H\u00f6he des Sachschadens liegen der Feuerwehr keine Angaben vor. Die Hoppecker Stra\u00dfe war bis 0:00 Uhr voll gesperrt.  <\/p>\n<p><br class=\u201dclear\u201d \/><br \/>\nPolizeibericht >>> <a href=\"https:\/\/www.presseportal.de\/blaulicht\/pm\/65847\/5427927\" rel=\"noopener\" target=\"_blank\">Presseportal  &#8211; Kreispolizeibeh\u00f6rde Hochsauerlandkreis<\/a><\/p>\n<p><br class=\u201dclear\u201d \/><\/p>\n<p style=\"padding: 4px; border: 2px solid #696969;\"><strong>Eingesetzte Einheiten:<\/strong><br \/>\n<a href=\"http:\/\/www.feuerwehr-brilon.de\/?page_id=7\"><img loading=\"lazy\" decoding=\"async\" class=\"alignnone\" title=\"lz brilon\" src=\"http:\/\/www.feuerwehr-brilon.de\/images\/einsatz_details\/lz_brilon.jpg\" alt=\"\" width=\"110\" height=\"31\"><\/a><\/p>\n<p style=\"padding: 4px; border: 2px solid #696969;\"><strong>Eingesetzte Fahrzeuge:<\/strong><br \/>\n<a href=\"http:\/\/www.feuerwehr-brilon.de\/?page_id=749\"><img loading=\"lazy\" decoding=\"async\" class=\"alignnone\" src=\"http:\/\/www.feuerwehr-brilon.de\/images\/einsatz_details\/051101.jpg\" alt=\"\" width=\"110\" height=\"31\" \/><\/a><a href=\"http:\/\/www.feuerwehr-brilon.de\/?page_id=23597\"><img loading=\"lazy\" decoding=\"async\" class=\"alignnone\" src=\"http:\/\/www.feuerwehr-brilon.de\/images\/einsatz_details\/054401.jpg\" alt=\"\" width=\"110\" height=\"31\"><\/a><a href=\"http:\/\/www.feuerwehr-brilon.de\/?page_id=11756\"><img loading=\"lazy\" decoding=\"async\" class=\"alignnone\" src=\"http:\/\/www.feuerwehr-brilon.de\/images\/einsatz_details\/gwl2.jpg\" alt=\"\" width=\"110\" height=\"31\" \/><\/a><\/p>\n<p><strong>Bilder:<\/strong><br \/>\n<a rel=\"lightbox\" href=\"https:\/\/www.feuerwehr-brilon.de\/wp-up\/2023\/01\/VU-Hoelsterloh-1.jpg\"><img loading=\"lazy\" decoding=\"async\" class=\"alignnone size-thumbnail wp-image-30668\" src=\"https:\/\/www.feuerwehr-brilon.de\/wp-up\/2023\/01\/VU-Hoelsterloh-1-150x113.jpg\" alt=\"\" width=\"150\" height=\"113\" srcset=\"https:\/\/www.feuerwehr-brilon.de\/wp-up\/2023\/01\/VU-Hoelsterloh-1-150x113.jpg 150w, https:\/\/www.feuerwehr-brilon.de\/wp-up\/2023\/01\/VU-Hoelsterloh-1-500x375.jpg 500w, https:\/\/www.feuerwehr-brilon.de\/wp-up\/2023\/01\/VU-Hoelsterloh-1.jpg 800w\" sizes=\"auto, (max-width: 150px) 100vw, 150px\" \/><\/a><a rel=\"lightbox\" href=\"https:\/\/www.feuerwehr-brilon.de\/wp-up\/2023\/01\/VU-Hoelsterloh-2.jpg\"><img loading=\"lazy\" decoding=\"async\" class=\"alignnone size-thumbnail wp-image-30669\" src=\"https:\/\/www.feuerwehr-brilon.de\/wp-up\/2023\/01\/VU-Hoelsterloh-2-150x113.jpg\" alt=\"\" width=\"150\" height=\"113\" srcset=\"https:\/\/www.feuerwehr-brilon.de\/wp-up\/2023\/01\/VU-Hoelsterloh-2-150x113.jpg 150w, https:\/\/www.feuerwehr-brilon.de\/wp-up\/2023\/01\/VU-Hoelsterloh-2-500x375.jpg 500w, https:\/\/www.feuerwehr-brilon.de\/wp-up\/2023\/01\/VU-Hoelsterloh-2.jpg 800w\" sizes=\"auto, (max-width: 150px) 100vw, 150px\" \/><\/a><a rel=\"lightbox\" href=\"https:\/\/www.feuerwehr-brilon.de\/wp-up\/2023\/01\/VU-Hoelsterloh-3.jpg\"><img loading=\"lazy\" decoding=\"async\" class=\"alignnone size-thumbnail wp-image-30670\" src=\"https:\/\/www.feuerwehr-brilon.de\/wp-up\/2023\/01\/VU-Hoelsterloh-3-150x113.jpg\" alt=\"\" width=\"150\" height=\"113\" srcset=\"https:\/\/www.feuerwehr-brilon.de\/wp-up\/2023\/01\/VU-Hoelsterloh-3-150x113.jpg 150w, https:\/\/www.feuerwehr-brilon.de\/wp-up\/2023\/01\/VU-Hoelsterloh-3-500x375.jpg 500w, https:\/\/www.feuerwehr-brilon.de\/wp-up\/2023\/01\/VU-Hoelsterloh-3.jpg 800w\" sizes=\"auto, (max-width: 150px) 100vw, 150px\" \/><\/a><a rel=\"lightbox\" href=\"https:\/\/www.feuerwehr-brilon.de\/wp-up\/2023\/01\/VU-Hoelsterloh-4.jpg\"><img loading=\"lazy\" decoding=\"async\" class=\"alignnone size-thumbnail wp-image-30671\" src=\"https:\/\/www.feuerwehr-brilon.de\/wp-up\/2023\/01\/VU-Hoelsterloh-4-150x113.jpg\" alt=\"\" width=\"150\" height=\"113\" srcset=\"https:\/\/www.feuerwehr-brilon.de\/wp-up\/2023\/01\/VU-Hoelsterloh-4-150x113.jpg 150w, https:\/\/www.feuerwehr-brilon.de\/wp-up\/2023\/01\/VU-Hoelsterloh-4-500x375.jpg 500w, https:\/\/www.feuerwehr-brilon.de\/wp-up\/2023\/01\/VU-Hoelsterloh-4.jpg 800w\" sizes=\"auto, (max-width: 150px) 100vw, 150px\" \/><\/a><\/p>\n","protected":false},"excerpt":{"rendered":"<p>Brilon. Die Feuerwehr Brilon wurde am Samstagabend (28.01.2023) zu einem Verkehrsunfall auf der Hoppecker Stra\u00dfe oberhalb des Krankenhauses alarmiert. Im Bereich der Kurven am H\u00f6lsterloh war gegen 22:30 Uhr ein PKW von der Fahrbahn abgekommen und mit der Leitplanke und einem Baum kollidiert.<\/p>\n","protected":false},"author":5,"featured_media":30671,"comment_status":"closed","ping_status":"closed","sticky":false,"template":"","format":"standard","meta":{"_exactmetrics_skip_tracking":false,"_exactmetrics_sitenote_active":false,"_exactmetrics_sitenote_note":"","_exactmetrics_sitenote_category":0,"jetpack_post_was_ever_published":false,"_jetpack_newsletter_access":"","_jetpack_dont_email_post_to_subs":false,"_jetpack_newsletter_tier_id":0,"_jetpack_memberships_contains_paywalled_content":false,"_jetpack_memberships_contains_paid_content":false,"footnotes":""},"categories":[335],"tags":[37,52,231,239,170,199],"class_list":["post-30664","post","type-post","status-publish","format-standard","has-post-thumbnail","hentry","category-einsatze-2023","tag-brilon","tag-elw","tag-gw-l-2","tag-hlf-20","tag-technische-hilfe","tag-verkehrsunfall"],"jetpack_featured_media_url":"https:\/\/www.feuerwehr-brilon.de\/wp-up\/2023\/01\/VU-Hoelsterloh-4.jpg","jetpack_shortlink":"https:\/\/wp.me\/pCIJa-7YA","jetpack_sharing_enabled":true,"jetpack-related-posts":[{"id":16269,"url":"https:\/\/www.feuerwehr-brilon.de\/?p=16269","url_meta":{"origin":30664,"position":0},"title":"Verkehrsunfall auf der Kreuzung B 251 &#8211; Hoppecker Stra\u00dfe","author":"Marcus Bange","date":"15. August 2018","format":false,"excerpt":"Brilon. Die Feuerwehr Brilon wurde am 14.08.2018 um 15:47 Uhr zu einem Verkehrsunfall mit mehreren Verletzten alarmiert. Auf der Kreuzung B251\/L870 waren zwei PKW zusammengesto\u00dfen. Entgegen der ersten Meldung war keine Person im Fahrzeug eingeklemmt. Insgesamt wurden zwei Frauen schwer und ein Mann leicht verletzt. Der L\u00f6schzug Brilon \u00fcbernahm den\u2026","rel":"","context":"In &quot;Eins\u00e4tze 2018&quot;","block_context":{"text":"Eins\u00e4tze 2018","link":"https:\/\/www.feuerwehr-brilon.de\/?cat=208"},"img":{"alt_text":"","src":"https:\/\/i0.wp.com\/www.feuerwehr-brilon.de\/wp-up\/2018\/08\/VU-B-251-1-150x113.jpg?resize=350%2C200&ssl=1","width":350,"height":200},"classes":[]},{"id":14594,"url":"https:\/\/www.feuerwehr-brilon.de\/?p=14594","url_meta":{"origin":30664,"position":1},"title":"Verkehrsunfall auf der Hoppecker Stra\u00dfe","author":"Marcus Bange","date":"12. M\u00e4rz 2017","format":false,"excerpt":"Brilon. Die Feuerwehr Brilon hat am Freitag Abend Erste Hilfe Ma\u00dfnahmen bei einem Verkehrsunfall auf der Hoppecker Stra\u00dfe geleistet. Gegen 20.50 Uhr wurde kurz hinter der Einm\u00fcndung Campingplatz ein Fu\u00dfg\u00e4nger von einem PKW erfasst und schwer verletzt. Der L\u00f6schzug Brilon befand sich auf einer Ausbildungsfahrt und kam unmittelbar nach dem\u2026","rel":"","context":"In &quot;Allgemein&quot;","block_context":{"text":"Allgemein","link":"https:\/\/www.feuerwehr-brilon.de\/?cat=1"},"img":{"alt_text":"","src":"https:\/\/i0.wp.com\/www.feuerwehr-brilon.de\/wp-up\/2017\/03\/VU-Hoppecker-Stra%C3%9Fe-1-150x103.jpg?resize=350%2C200","width":350,"height":200},"classes":[]},{"id":16216,"url":"https:\/\/www.feuerwehr-brilon.de\/?p=16216","url_meta":{"origin":30664,"position":2},"title":"Verkehrsunfall auf der Keffelker Stra\u00dfe","author":"Marcus Bange","date":"3. August 2018","format":false,"excerpt":"Brilon. Die Feuerwehr Brilon war am Donnerstagnachmittag bei einem Verkehrsunfall auf der Keffelker Stra\u00dfe im Einsatz. Dort war ein PKW vor einen Baum geprallt. Der 57-j\u00e4hrige Fahrer des PKW wurde schwer verletzt ins Krankenhaus eingeliefert. Die Feuerwehr sicherte die Unfallstelle und r\u00e4umte Fahrzeugtr\u00fcmmer von der Fahrbahn. Daneben wurde auslaufende Betriebstoffe\u2026","rel":"","context":"In &quot;Eins\u00e4tze 2018&quot;","block_context":{"text":"Eins\u00e4tze 2018","link":"https:\/\/www.feuerwehr-brilon.de\/?cat=208"},"img":{"alt_text":"","src":"https:\/\/i0.wp.com\/www.feuerwehr-brilon.de\/wp-up\/2018\/08\/VU-Keffelker-Stra%C3%9Fe-1-150x113.jpg?resize=350%2C200&ssl=1","width":350,"height":200},"classes":[]},{"id":32026,"url":"https:\/\/www.feuerwehr-brilon.de\/?p=32026","url_meta":{"origin":30664,"position":3},"title":"Verkehrsunfall auf der Keffelker Stra\u00dfe in Brilon","author":"Marcus Bange","date":"26. Januar 2024","format":false,"excerpt":"Brilon. Die Briloner Feuerwehr wurde am Freitag (26.01.2024, 11:30 Uhr) zu einem Verkehrsunfall mit eingeklemmter Person auf der Keffelker Stra\u00dfe alarmiert. In H\u00f6he des Bauhofs der Stadt Brilon war eine Pkw-Fahrerin in Fahrtrichtung B 251 nach rechts von der Fahrbahn abgekommen. Sie streifte dabei einen Baum und rutschte \u00fcber die\u2026","rel":"","context":"In &quot;Eins\u00e4tze 2024&quot;","block_context":{"text":"Eins\u00e4tze 2024","link":"https:\/\/www.feuerwehr-brilon.de\/?cat=360"},"img":{"alt_text":"","src":"https:\/\/i0.wp.com\/www.feuerwehr-brilon.de\/wp-up\/2024\/01\/VU-Keffelker-Strasse-1.jpg?resize=350%2C200&ssl=1","width":350,"height":200,"srcset":"https:\/\/i0.wp.com\/www.feuerwehr-brilon.de\/wp-up\/2024\/01\/VU-Keffelker-Strasse-1.jpg?resize=350%2C200&ssl=1 1x, https:\/\/i0.wp.com\/www.feuerwehr-brilon.de\/wp-up\/2024\/01\/VU-Keffelker-Strasse-1.jpg?resize=525%2C300&ssl=1 1.5x, https:\/\/i0.wp.com\/www.feuerwehr-brilon.de\/wp-up\/2024\/01\/VU-Keffelker-Strasse-1.jpg?resize=700%2C400&ssl=1 2x"},"classes":[]},{"id":13382,"url":"https:\/\/www.feuerwehr-brilon.de\/?p=13382","url_meta":{"origin":30664,"position":4},"title":"Verkehrsunfall auf der Hoppecker Stra\u00dfe","author":"Marcus Bange","date":"2. Mai 2016","format":false,"excerpt":"Brilon. Die Feuerwehr Brilon hat am 1. Mai einen eingeklemmten 38-j\u00e4hrigen PKW Fahrer aus seinem Fahrzeug befreit. Der PKW war gegen 18.30 Uhr auf der Hoppecker Stra\u00dfe in Richtung Hoppecke hinter der Einm\u00fcndung Krankenhaus frontal gegen einen Baum gefahren. Das Fahrzeug st\u00fcrzte dabei auf die Seite. Zur Rettung des Fahrers\u2026","rel":"","context":"In &quot;Eins\u00e4tze 2016&quot;","block_context":{"text":"Eins\u00e4tze 2016","link":"https:\/\/www.feuerwehr-brilon.de\/?cat=201"},"img":{"alt_text":"VU Hoppecker Stra\u00dfe Bild 1 neu","src":"https:\/\/i0.wp.com\/www.feuerwehr-brilon.de\/wp-up\/2016\/05\/VU-Hoppecker-Stra%C3%9Fe-Bild-1-neu.jpg?resize=350%2C200","width":350,"height":200},"classes":[]},{"id":16337,"url":"https:\/\/www.feuerwehr-brilon.de\/?p=16337","url_meta":{"origin":30664,"position":5},"title":"Verkehrsunfall Lange Wenden","author":"Marcus Bange","date":"20. August 2018","format":false,"excerpt":"Brilon. Die Feuerwehr Brilon hat am Samstag Abend eine 15-j\u00e4hrige Frau aus einem PKW befreit. Gegen 21.00 war auf der Stra\u00dfe Lange Wenden ein 18-j\u00e4hriger Mann mit seinem PKW von der Fahrbahn abgekommen und gegen eine Strassenlaterne geprallt. Nach dem Zusammenprall blieb das Fahrzeug auf der Seite liegen. Der Fahrer\u2026","rel":"","context":"In &quot;Eins\u00e4tze 2018&quot;","block_context":{"text":"Eins\u00e4tze 2018","link":"https:\/\/www.feuerwehr-brilon.de\/?cat=208"},"img":{"alt_text":"","src":"https:\/\/i0.wp.com\/www.feuerwehr-brilon.de\/wp-up\/2018\/08\/20180818_213305-1-150x113.jpg?resize=350%2C200&ssl=1","width":350,"height":200},"classes":[]}],"_links":{"self":[{"href":"https:\/\/www.feuerwehr-brilon.de\/index.php?rest_route=\/wp\/v2\/posts\/30664","targetHints":{"allow":["GET"]}}],"collection":[{"href":"https:\/\/www.feuerwehr-brilon.de\/index.php?rest_route=\/wp\/v2\/posts"}],"about":[{"href":"https:\/\/www.feuerwehr-brilon.de\/index.php?rest_route=\/wp\/v2\/types\/post"}],"author":[{"embeddable":true,"href":"https:\/\/www.feuerwehr-brilon.de\/index.php?rest_route=\/wp\/v2\/users\/5"}],"replies":[{"embeddable":true,"href":"https:\/\/www.feuerwehr-brilon.de\/index.php?rest_route=%2Fwp%2Fv2%2Fcomments&post=30664"}],"version-history":[{"count":3,"href":"https:\/\/www.feuerwehr-brilon.de\/index.php?rest_route=\/wp\/v2\/posts\/30664\/revisions"}],"predecessor-version":[{"id":30674,"href":"https:\/\/www.feuerwehr-brilon.de\/index.php?rest_route=\/wp\/v2\/posts\/30664\/revisions\/30674"}],"wp:featuredmedia":[{"embeddable":true,"href":"https:\/\/www.feuerwehr-brilon.de\/index.php?rest_route=\/wp\/v2\/media\/30671"}],"wp:attachment":[{"href":"https:\/\/www.feuerwehr-brilon.de\/index.php?rest_route=%2Fwp%2Fv2%2Fmedia&parent=30664"}],"wp:term":[{"taxonomy":"category","embeddable":true,"href":"https:\/\/www.feuerwehr-brilon.de\/index.php?rest_route=%2Fwp%2Fv2%2Fcategories&post=30664"},{"taxonomy":"post_tag","embeddable":true,"href":"https:\/\/www.feuerwehr-brilon.de\/index.php?rest_route=%2Fwp%2Fv2%2Ftags&post=30664"}],"curies":[{"name":"wp","href":"https:\/\/api.w.org\/{rel}","templated":true}]}}