{"id":30706,"date":"2023-02-06T22:06:14","date_gmt":"2023-02-06T21:06:14","guid":{"rendered":"https:\/\/www.feuerwehr-brilon.de\/?p=30706"},"modified":"2023-02-06T22:06:14","modified_gmt":"2023-02-06T21:06:14","slug":"einsatz-706","status":"publish","type":"post","link":"https:\/\/www.feuerwehr-brilon.de\/?p=30706","title":{"rendered":"+++ Einsatz +++"},"content":{"rendered":"<p>06.02. 18:51Uhr, Hilfeleistung, H0 Sonstige, Brilon, Altenb\u00fcrener Str., Einsatzstelle ausleuchten<\/p>\n","protected":false},"excerpt":{"rendered":"<p>06.02. 18:51Uhr, Hilfeleistung, H0 Sonstige, Brilon, Altenb\u00fcrener Str., Einsatzstelle ausleuchten<\/p>\n","protected":false},"author":8,"featured_media":30705,"comment_status":"closed","ping_status":"closed","sticky":false,"template":"","format":"standard","meta":{"_exactmetrics_skip_tracking":false,"_exactmetrics_sitenote_active":false,"_exactmetrics_sitenote_note":"","_exactmetrics_sitenote_category":0,"jetpack_post_was_ever_published":false,"_jetpack_newsletter_access":"","_jetpack_dont_email_post_to_subs":false,"_jetpack_newsletter_tier_id":0,"_jetpack_memberships_contains_paywalled_content":false,"_jetpack_memberships_contains_paid_content":false,"footnotes":""},"categories":[102],"tags":[],"class_list":["post-30706","post","type-post","status-publish","format-standard","has-post-thumbnail","hentry","category-alarmierungen"],"jetpack_featured_media_url":"https:\/\/www.feuerwehr-brilon.de\/wp-up\/2023\/02\/ezy-watermark_06-02-2023_10-00-57pm.jpg","jetpack_shortlink":"https:\/\/wp.me\/pCIJa-7Zg","jetpack_sharing_enabled":true,"jetpack-related-posts":[{"id":31506,"url":"https:\/\/www.feuerwehr-brilon.de\/?p=31506","url_meta":{"origin":30706,"position":0},"title":"+++ Einsatz +++","author":"Andreas Becker","date":"11. September 2023","format":false,"excerpt":"10.09. 20:41Uhr, Hilfeleistung, H0 Sonstige, Brilon-Wald, B251, Einsatzstelle ausleuchten","rel":"","context":"In &quot;Alarmierungen&quot;","block_context":{"text":"Alarmierungen","link":"https:\/\/www.feuerwehr-brilon.de\/?cat=102"},"img":{"alt_text":"","src":"https:\/\/i0.wp.com\/www.feuerwehr-brilon.de\/wp-up\/2023\/03\/sym_HLF-3.jpg?resize=350%2C200&ssl=1","width":350,"height":200,"srcset":"https:\/\/i0.wp.com\/www.feuerwehr-brilon.de\/wp-up\/2023\/03\/sym_HLF-3.jpg?resize=350%2C200&ssl=1 1x, https:\/\/i0.wp.com\/www.feuerwehr-brilon.de\/wp-up\/2023\/03\/sym_HLF-3.jpg?resize=525%2C300&ssl=1 1.5x, https:\/\/i0.wp.com\/www.feuerwehr-brilon.de\/wp-up\/2023\/03\/sym_HLF-3.jpg?resize=700%2C400&ssl=1 2x"},"classes":[]},{"id":22552,"url":"https:\/\/www.feuerwehr-brilon.de\/?p=22552","url_meta":{"origin":30706,"position":1},"title":"+++ Einsatz +++","author":"Andreas Becker","date":"19. Juni 2020","format":false,"excerpt":"19.06. 00:39Uhr, Hilfeleistung, H0 Sonstige, Hoppecke, L913, Einsatzstelle ausleuchten","rel":"","context":"In &quot;Alarmierungen&quot;","block_context":{"text":"Alarmierungen","link":"https:\/\/www.feuerwehr-brilon.de\/?cat=102"},"img":{"alt_text":"","src":"","width":0,"height":0},"classes":[]},{"id":33312,"url":"https:\/\/www.feuerwehr-brilon.de\/?p=33312","url_meta":{"origin":30706,"position":2},"title":"+++ Einsatz +++","author":"Andreas Becker","date":"22. M\u00e4rz 2025","format":false,"excerpt":"21.03. 21:57Uhr, Hilfeleistung, H0 T\u00fcr, Brilon, Altenb\u00fcrener Str., T\u00fcr\u00f6ffnung","rel":"","context":"In &quot;Alarmierungen&quot;","block_context":{"text":"Alarmierungen","link":"https:\/\/www.feuerwehr-brilon.de\/?cat=102"},"img":{"alt_text":"","src":"","width":0,"height":0},"classes":[]},{"id":33314,"url":"https:\/\/www.feuerwehr-brilon.de\/?p=33314","url_meta":{"origin":30706,"position":3},"title":"+++ Einsatz +++","author":"Andreas Becker","date":"22. M\u00e4rz 2025","format":false,"excerpt":"22.03. 03:27Uhr, Hilfeleistung, H0 T\u00fcr, Brilon, Altenb\u00fcrener Str., T\u00fcr\u00f6ffnung","rel":"","context":"In &quot;Alarmierungen&quot;","block_context":{"text":"Alarmierungen","link":"https:\/\/www.feuerwehr-brilon.de\/?cat=102"},"img":{"alt_text":"","src":"","width":0,"height":0},"classes":[]},{"id":33036,"url":"https:\/\/www.feuerwehr-brilon.de\/?p=33036","url_meta":{"origin":30706,"position":4},"title":"+++ Einsatz +++","author":"Andreas Becker","date":"16. Dezember 2024","format":false,"excerpt":"16.12. 16:41Uhr, Hilfeleistung, H0 \u00d6lspur, Brilon, Altenb\u00fcrener Str., \u00d6lspur","rel":"","context":"In &quot;Alarmierungen&quot;","block_context":{"text":"Alarmierungen","link":"https:\/\/www.feuerwehr-brilon.de\/?cat=102"},"img":{"alt_text":"","src":"","width":0,"height":0},"classes":[]},{"id":34191,"url":"https:\/\/www.feuerwehr-brilon.de\/?p=34191","url_meta":{"origin":30706,"position":5},"title":"+++ Einsatz +++","author":"Erwin Mungenast","date":"30. Dezember 2025","format":false,"excerpt":"29.12. 08:51Uhr, Hilfeleistung, H0 T\u00fcr, Brilon-Wald, Korbacher Str., Aufzugsnotbefreiung","rel":"","context":"In &quot;Alarmierungen&quot;","block_context":{"text":"Alarmierungen","link":"https:\/\/www.feuerwehr-brilon.de\/?cat=102"},"img":{"alt_text":"","src":"","width":0,"height":0},"classes":[]}],"_links":{"self":[{"href":"https:\/\/www.feuerwehr-brilon.de\/index.php?rest_route=\/wp\/v2\/posts\/30706","targetHints":{"allow":["GET"]}}],"collection":[{"href":"https:\/\/www.feuerwehr-brilon.de\/index.php?rest_route=\/wp\/v2\/posts"}],"about":[{"href":"https:\/\/www.feuerwehr-brilon.de\/index.php?rest_route=\/wp\/v2\/types\/post"}],"author":[{"embeddable":true,"href":"https:\/\/www.feuerwehr-brilon.de\/index.php?rest_route=\/wp\/v2\/users\/8"}],"replies":[{"embeddable":true,"href":"https:\/\/www.feuerwehr-brilon.de\/index.php?rest_route=%2Fwp%2Fv2%2Fcomments&post=30706"}],"version-history":[{"count":0,"href":"https:\/\/www.feuerwehr-brilon.de\/index.php?rest_route=\/wp\/v2\/posts\/30706\/revisions"}],"wp:featuredmedia":[{"embeddable":true,"href":"https:\/\/www.feuerwehr-brilon.de\/index.php?rest_route=\/wp\/v2\/media\/30705"}],"wp:attachment":[{"href":"https:\/\/www.feuerwehr-brilon.de\/index.php?rest_route=%2Fwp%2Fv2%2Fmedia&parent=30706"}],"wp:term":[{"taxonomy":"category","embeddable":true,"href":"https:\/\/www.feuerwehr-brilon.de\/index.php?rest_route=%2Fwp%2Fv2%2Fcategories&post=30706"},{"taxonomy":"post_tag","embeddable":true,"href":"https:\/\/www.feuerwehr-brilon.de\/index.php?rest_route=%2Fwp%2Fv2%2Ftags&post=30706"}],"curies":[{"name":"wp","href":"https:\/\/api.w.org\/{rel}","templated":true}]}}