{"id":30721,"date":"2023-02-09T15:32:58","date_gmt":"2023-02-09T14:32:58","guid":{"rendered":"https:\/\/www.feuerwehr-brilon.de\/?p=30721"},"modified":"2023-02-09T15:32:03","modified_gmt":"2023-02-09T14:32:03","slug":"feuerwehr-brilon-unterstuetzt-in-marsberg-bei-feuer-und-stromausfall","status":"publish","type":"post","link":"https:\/\/www.feuerwehr-brilon.de\/?p=30721","title":{"rendered":"Feuerwehr Brilon unterst\u00fctzt in Marsberg bei Feuer und Stromausfall"},"content":{"rendered":"<p><a href=\"https:\/\/www.feuerwehr-brilon.de\/?p=30721\"><img loading=\"lazy\" decoding=\"async\" src=\"https:\/\/www.feuerwehr-brilon.de\/wp-up\/2023\/02\/ezy-watermark_09-02-2023_11-07-59am-150x75.jpg\" alt=\"\" width=\"150\" height=\"75\" class=\"alignleft size-thumbnail wp-image-30723\" srcset=\"https:\/\/www.feuerwehr-brilon.de\/wp-up\/2023\/02\/ezy-watermark_09-02-2023_11-07-59am-150x75.jpg 150w, https:\/\/www.feuerwehr-brilon.de\/wp-up\/2023\/02\/ezy-watermark_09-02-2023_11-07-59am-500x250.jpg 500w, https:\/\/www.feuerwehr-brilon.de\/wp-up\/2023\/02\/ezy-watermark_09-02-2023_11-07-59am.jpg 960w\" sizes=\"auto, (max-width: 150px) 100vw, 150px\" \/><\/a><a title=\"Marsberg\" href=\"https:\/\/www.fw-marsberg.de\/einheiten\/bezirk-mitte\/lz-mbg\/\" target=\"_blank\" rel=\"noopener\">Marsberg. <\/a>In der Nacht auf Donnerstag (9.2.) kam es gegen 1:00 Uhr im Marsberger Stadtgebiet zu einem fl\u00e4chendeckenden Stromausfall. Urs\u00e4chlich daf\u00fcr war vermutlich ein Trafobrand in einem Umspannwerk. Gleichzeitig kam es zu einem Vorfall in einem Industriebetrieb im Marsberger Ortsteil Essentho. Hier war Fl\u00fcssigglas aus einem Ofen ausgelaufen.<!--more--><\/p>\n<p>Die Feuerwehr Brilon wurde um 1.18 Uhr zur Unterst\u00fctzung zum Trafobrand \u201eUnterm Ohmberg\u201c in Marsberg alarmiert. Der Einsatzleitwagen und die Drehleiter r\u00fcckten umgehend aus. Kurze Zeit sp\u00e4ter wurde durch die Einsatzleitung das Tankl\u00f6schfahrzeug nachgefordert. Fahrzeug und Hitzeschutzanz\u00fcge wurden an der Einsatzstelle in Essentho ben\u00f6tigt.<\/p>\n<p>Der Ger\u00e4tewagen-Logistik stand mit einem Strom-Aggregat am Marsberger Rathaus in Bereitstellung. Ein weiterer Stromerzeuger wurde als Reserve am Feuerwehrhaus Marsberg stationiert. Im weiteren Einsatzverlauf wurden Versorgungsfahrten, wie zum Beispiel der Transport einer mobilen Heizung zur Einrichtung einer W\u00e4rmeinsel, durchgef\u00fchrt.<\/p>\n<p>Ein Teil der Briloner Einsatzkr\u00e4fte unterst\u00fctzte die Einsatzleitung und den \u201eStab f\u00fcr au\u00dfergew\u00f6hnliche Ereignisse\u201c (SAE) bei der Abarbeitung der Schadenslage.<\/p>\n<p>Insgesamt waren 13 Einsatzkr\u00e4fte mit vier Fahrzeugen im Einsatz. Gegen 11 Uhr am Donnerstagmorgen war der Einsatz f\u00fcr die letzten Briloner Einsatzkr\u00e4fte beendet.<\/p>\n<p style=\"border-color: #696969; border-width: 2px; border-style: solid; padding: 4px;\"><strong>Eingesetzte Einheiten:<\/strong><br \/>\n<a href=\"http:\/\/www.feuerwehr-brilon.de\/?page_id=7\"><img loading=\"lazy\" decoding=\"async\" class=\"alignnone\" title=\"lz brilon\" src=\"http:\/\/www.feuerwehr-brilon.de\/images\/einsatz_details\/lz_brilon.jpg\" alt=\"\" width=\"110\" height=\"31\" \/><\/a><\/p>\n<p style=\"border-color: #696969; border-width: 2px; border-style: solid; padding: 4px;\"><strong>Eingesetzte Fahrzeuge:<\/strong><br \/>\n<a href=\"http:\/\/www.feuerwehr-brilon.de\/?page_id=749\"><img loading=\"lazy\" decoding=\"async\" class=\"alignnone\" src=\"http:\/\/www.feuerwehr-brilon.de\/images\/einsatz_details\/051101.jpg\" alt=\"\" width=\"110\" height=\"31\" \/><\/a><a href=\"http:\/\/www.feuerwehr-brilon.de\/?page_id=8508\"><img loading=\"lazy\" decoding=\"async\" class=\"alignnone\" src=\"http:\/\/www.feuerwehr-brilon.de\/images\/einsatz_details\/052401.jpg\" alt=\"\" width=\"110\" height=\"31\" \/><\/a><a href=\"http:\/\/www.feuerwehr-brilon.de\/?page_id=803\"><img loading=\"lazy\" decoding=\"async\" class=\"alignnone\" src=\"http:\/\/www.feuerwehr-brilon.de\/images\/einsatz_details\/053301.jpg\" alt=\"\" width=\"110\" height=\"31\" \/><\/a><a href=\"http:\/\/www.feuerwehr-brilon.de\/?page_id=11756\"><img loading=\"lazy\" decoding=\"async\" class=\"alignnone\" src=\"http:\/\/www.feuerwehr-brilon.de\/images\/einsatz_details\/gwl2.jpg\" alt=\"\" width=\"110\" height=\"31\" \/><\/a><\/p>\n<p><strong>Bilder:<\/strong><br \/>\n<a rel=\"lightbox\" href=\"https:\/\/www.feuerwehr-brilon.de\/wp-up\/2023\/02\/20230209_8773_Marsberg.jpg\"><img loading=\"lazy\" decoding=\"async\" src=\"https:\/\/www.feuerwehr-brilon.de\/wp-up\/2023\/02\/20230209_8773_Marsberg-150x113.jpg\" alt=\"\" width=\"150\" height=\"113\" class=\"alignnone size-thumbnail wp-image-30726\" srcset=\"https:\/\/www.feuerwehr-brilon.de\/wp-up\/2023\/02\/20230209_8773_Marsberg-150x113.jpg 150w, https:\/\/www.feuerwehr-brilon.de\/wp-up\/2023\/02\/20230209_8773_Marsberg-500x375.jpg 500w, https:\/\/www.feuerwehr-brilon.de\/wp-up\/2023\/02\/20230209_8773_Marsberg.jpg 800w\" sizes=\"auto, (max-width: 150px) 100vw, 150px\" \/><\/a><a rel=\"lightbox\" href=\"https:\/\/www.feuerwehr-brilon.de\/wp-up\/2023\/02\/20230209_8807_Marsberg.jpg\"><img loading=\"lazy\" decoding=\"async\" src=\"https:\/\/www.feuerwehr-brilon.de\/wp-up\/2023\/02\/20230209_8807_Marsberg-150x113.jpg\" alt=\"\" width=\"150\" height=\"113\" class=\"alignnone size-thumbnail wp-image-30727\" srcset=\"https:\/\/www.feuerwehr-brilon.de\/wp-up\/2023\/02\/20230209_8807_Marsberg-150x113.jpg 150w, https:\/\/www.feuerwehr-brilon.de\/wp-up\/2023\/02\/20230209_8807_Marsberg-500x375.jpg 500w, https:\/\/www.feuerwehr-brilon.de\/wp-up\/2023\/02\/20230209_8807_Marsberg.jpg 800w\" sizes=\"auto, (max-width: 150px) 100vw, 150px\" \/><\/a><a rel=\"lightbox\" href=\"https:\/\/www.feuerwehr-brilon.de\/wp-up\/2023\/02\/20230209_8806_Marsberg.jpg\"><img loading=\"lazy\" decoding=\"async\" src=\"https:\/\/www.feuerwehr-brilon.de\/wp-up\/2023\/02\/20230209_8806_Marsberg-150x113.jpg\" alt=\"\" width=\"150\" height=\"113\" class=\"alignnone size-thumbnail wp-image-30728\" srcset=\"https:\/\/www.feuerwehr-brilon.de\/wp-up\/2023\/02\/20230209_8806_Marsberg-150x113.jpg 150w, https:\/\/www.feuerwehr-brilon.de\/wp-up\/2023\/02\/20230209_8806_Marsberg-500x375.jpg 500w, https:\/\/www.feuerwehr-brilon.de\/wp-up\/2023\/02\/20230209_8806_Marsberg.jpg 800w\" sizes=\"auto, (max-width: 150px) 100vw, 150px\" \/><\/a><a rel=\"lightbox\" href=\"https:\/\/www.feuerwehr-brilon.de\/wp-up\/2023\/02\/20230209_8805_Marsberg.jpg\"><img loading=\"lazy\" decoding=\"async\" src=\"https:\/\/www.feuerwehr-brilon.de\/wp-up\/2023\/02\/20230209_8805_Marsberg-150x113.jpg\" alt=\"\" width=\"150\" height=\"113\" class=\"alignnone size-thumbnail wp-image-30729\" srcset=\"https:\/\/www.feuerwehr-brilon.de\/wp-up\/2023\/02\/20230209_8805_Marsberg-150x113.jpg 150w, https:\/\/www.feuerwehr-brilon.de\/wp-up\/2023\/02\/20230209_8805_Marsberg-500x375.jpg 500w, https:\/\/www.feuerwehr-brilon.de\/wp-up\/2023\/02\/20230209_8805_Marsberg.jpg 800w\" sizes=\"auto, (max-width: 150px) 100vw, 150px\" \/><\/a><a rel=\"lightbox\" href=\"https:\/\/www.feuerwehr-brilon.de\/wp-up\/2023\/02\/20230209_8804_Marsberg.jpg\"><img loading=\"lazy\" decoding=\"async\" src=\"https:\/\/www.feuerwehr-brilon.de\/wp-up\/2023\/02\/20230209_8804_Marsberg-150x113.jpg\" alt=\"\" width=\"150\" height=\"113\" class=\"alignnone size-thumbnail wp-image-30730\" srcset=\"https:\/\/www.feuerwehr-brilon.de\/wp-up\/2023\/02\/20230209_8804_Marsberg-150x113.jpg 150w, https:\/\/www.feuerwehr-brilon.de\/wp-up\/2023\/02\/20230209_8804_Marsberg-500x375.jpg 500w, https:\/\/www.feuerwehr-brilon.de\/wp-up\/2023\/02\/20230209_8804_Marsberg.jpg 800w\" sizes=\"auto, (max-width: 150px) 100vw, 150px\" \/><\/a><a rel=\"lightbox\" href=\"https:\/\/www.feuerwehr-brilon.de\/wp-up\/2023\/02\/20230209_8803_Marsberg.jpg\"><img loading=\"lazy\" decoding=\"async\" src=\"https:\/\/www.feuerwehr-brilon.de\/wp-up\/2023\/02\/20230209_8803_Marsberg-150x113.jpg\" alt=\"\" width=\"150\" height=\"113\" class=\"alignnone size-thumbnail wp-image-30731\" srcset=\"https:\/\/www.feuerwehr-brilon.de\/wp-up\/2023\/02\/20230209_8803_Marsberg-150x113.jpg 150w, https:\/\/www.feuerwehr-brilon.de\/wp-up\/2023\/02\/20230209_8803_Marsberg-500x375.jpg 500w, https:\/\/www.feuerwehr-brilon.de\/wp-up\/2023\/02\/20230209_8803_Marsberg.jpg 800w\" sizes=\"auto, (max-width: 150px) 100vw, 150px\" \/><\/a><a rel=\"lightbox\" href=\"https:\/\/www.feuerwehr-brilon.de\/wp-up\/2023\/02\/20230209_8800_Marsberg.jpg\"><img loading=\"lazy\" decoding=\"async\" src=\"https:\/\/www.feuerwehr-brilon.de\/wp-up\/2023\/02\/20230209_8800_Marsberg-150x113.jpg\" alt=\"\" width=\"150\" height=\"113\" class=\"alignnone size-thumbnail wp-image-30732\" srcset=\"https:\/\/www.feuerwehr-brilon.de\/wp-up\/2023\/02\/20230209_8800_Marsberg-150x113.jpg 150w, https:\/\/www.feuerwehr-brilon.de\/wp-up\/2023\/02\/20230209_8800_Marsberg-500x375.jpg 500w, https:\/\/www.feuerwehr-brilon.de\/wp-up\/2023\/02\/20230209_8800_Marsberg.jpg 800w\" sizes=\"auto, (max-width: 150px) 100vw, 150px\" \/><\/a><\/p>\n","protected":false},"excerpt":{"rendered":"<p>Marsberg. In der Nacht auf Donnerstag (9.2.) kam es gegen 1:00 Uhr im Marsberger Stadtgebiet zu einem fl\u00e4chendeckenden Stromausfall. Urs\u00e4chlich daf\u00fcr war vermutlich ein Trafobrand in einem Umspannwerk. Gleichzeitig kam es zu einem Vorfall in einem Industriebetrieb im Marsberger Ortsteil Essentho. Hier war Fl\u00fcssigglas aus einem Ofen ausgelaufen.<\/p>\n","protected":false},"author":8,"featured_media":30723,"comment_status":"closed","ping_status":"closed","sticky":false,"template":"","format":"standard","meta":{"_exactmetrics_skip_tracking":false,"_exactmetrics_sitenote_active":false,"_exactmetrics_sitenote_note":"","_exactmetrics_sitenote_category":0,"jetpack_post_was_ever_published":false,"_jetpack_newsletter_access":"","_jetpack_dont_email_post_to_subs":false,"_jetpack_newsletter_tier_id":0,"_jetpack_memberships_contains_paywalled_content":false,"_jetpack_memberships_contains_paid_content":false,"footnotes":""},"categories":[1,335],"tags":[197,37,44,52,36,231,178],"class_list":["post-30721","post","type-post","status-publish","format-standard","has-post-thumbnail","hentry","category-allgemein","category-einsatze-2023","tag-brand","tag-brilon","tag-dl-2312-gl","tag-elw","tag-geratewagen","tag-gw-l-2","tag-tlf-4000"],"jetpack_featured_media_url":"https:\/\/www.feuerwehr-brilon.de\/wp-up\/2023\/02\/ezy-watermark_09-02-2023_11-07-59am.jpg","jetpack_shortlink":"https:\/\/wp.me\/pCIJa-7Zv","jetpack_sharing_enabled":true,"jetpack-related-posts":[{"id":23466,"url":"https:\/\/www.feuerwehr-brilon.de\/?p=23466","url_meta":{"origin":30721,"position":0},"title":"Waldbrand &#8211; \u00dcber\u00f6rtliche Hilfe in Marsberg","author":"Marcus Bange","date":"10. Mai 2021","format":false,"excerpt":"Marsberg. Die Feuerwehr Brilon hat im Rahmen der \u00fcber\u00f6rtlichen Hilfe am Sonntagabend die Feuerwehr Marsberg bei einem gro\u00dfen Waldbrand unterst\u00fctzt. Zwischen Marsberg und Essentho standen rund 3.500 qm Wald in Flammen. Nachdem gegen 20.15 Uhr zun\u00e4chst das Tankl\u00f6schfahrzeug TLF 4.000 mit 5.000 Litern L\u00f6schwasservorrat zu Unterst\u00fctzung angefordert wurde, erfolgte um\u2026","rel":"","context":"In &quot;Eins\u00e4tze 2021&quot;","block_context":{"text":"Eins\u00e4tze 2021","link":"https:\/\/www.feuerwehr-brilon.de\/?cat=265"},"img":{"alt_text":"","src":"https:\/\/i0.wp.com\/www.feuerwehr-brilon.de\/wp-up\/2021\/05\/Waldbrand-Marsberg-1.jpg?resize=350%2C200&ssl=1","width":350,"height":200,"srcset":"https:\/\/i0.wp.com\/www.feuerwehr-brilon.de\/wp-up\/2021\/05\/Waldbrand-Marsberg-1.jpg?resize=350%2C200&ssl=1 1x, https:\/\/i0.wp.com\/www.feuerwehr-brilon.de\/wp-up\/2021\/05\/Waldbrand-Marsberg-1.jpg?resize=525%2C300&ssl=1 1.5x, https:\/\/i0.wp.com\/www.feuerwehr-brilon.de\/wp-up\/2021\/05\/Waldbrand-Marsberg-1.jpg?resize=700%2C400&ssl=1 2x"},"classes":[]},{"id":22806,"url":"https:\/\/www.feuerwehr-brilon.de\/?p=22806","url_meta":{"origin":30721,"position":1},"title":"\u00dcber\u00f6rtliche Hilfe bei Waldbrand in Marsberg","author":"Marcus Bange","date":"23. September 2020","format":false,"excerpt":"Marsberg. Die Feuerwehr Brilon hat im Rahmen der \u00fcber\u00f6rtlichen Hilfe am Sonntagnachmittag die Feuerwehr Marsberg bei einem gro\u00dfen Waldbrand in Essentho unterst\u00fctzt. Ein L\u00f6schzug bestehend aus dem TSF Nehden, dem TSF-W Messinghausen sowie MTF, LF20 KatS und GW-L Brilon war dort mit 27 Kr\u00e4ften im Einsatz. Zur H\u00f6he des Sachschadens\u2026","rel":"","context":"In &quot;Allgemein&quot;","block_context":{"text":"Allgemein","link":"https:\/\/www.feuerwehr-brilon.de\/?cat=1"},"img":{"alt_text":"","src":"https:\/\/i0.wp.com\/www.feuerwehr-brilon.de\/wp-up\/2020\/09\/Waldbrand-Essentho-2.jpg?resize=350%2C200&ssl=1","width":350,"height":200,"srcset":"https:\/\/i0.wp.com\/www.feuerwehr-brilon.de\/wp-up\/2020\/09\/Waldbrand-Essentho-2.jpg?resize=350%2C200&ssl=1 1x, https:\/\/i0.wp.com\/www.feuerwehr-brilon.de\/wp-up\/2020\/09\/Waldbrand-Essentho-2.jpg?resize=525%2C300&ssl=1 1.5x, https:\/\/i0.wp.com\/www.feuerwehr-brilon.de\/wp-up\/2020\/09\/Waldbrand-Essentho-2.jpg?resize=700%2C400&ssl=1 2x"},"classes":[]},{"id":5507,"url":"https:\/\/www.feuerwehr-brilon.de\/?p=5507","url_meta":{"origin":30721,"position":2},"title":"L\u00f6schzug Brilon nimmt an Typisierungsaktion teil (Update)","author":"Andreas Becker","date":"23. September 2011","format":false,"excerpt":"Die L\u00f6schgruppe Essentho rief auf ihrer Homepage zu einer gro\u00dfen DKMS Typisierungsaktion f\u00fcr die an Leuk\u00e4mie erkrankte Miriam auf. Auch eine Abordnung des L\u00f6schzug Brilon machte sich am Samstag auf den Weg, um in der Sch\u00fctzenhalle Essentho an der Typisierungsaktion f\u00fcr Miriam und andere teilzunehmen. Dort hatten sich viele spendewillige\u2026","rel":"","context":"In &quot;Allgemein&quot;","block_context":{"text":"Allgemein","link":"https:\/\/www.feuerwehr-brilon.de\/?cat=1"},"img":{"alt_text":"","src":"https:\/\/i0.wp.com\/www.feuerwehr-brilon.de\/wp-up\/2011\/09\/P1170822-150x100.jpg?resize=350%2C200","width":350,"height":200},"classes":[]},{"id":30126,"url":"https:\/\/www.feuerwehr-brilon.de\/?p=30126","url_meta":{"origin":30721,"position":3},"title":"Unterst\u00fctzung der Feuerwehr Marsberg bei Waldbrand","author":"Andreas Becker","date":"15. August 2022","format":false,"excerpt":"Marsberg. Die Feuerwehr Marsberg ist am Sonntagabend (14.8.) zu einem Waldbrand alarmiert worden. Laut erster Meldung sollten ca. sechs Quadratmeter Unterholz brennen. Bei Eintreffen der ersten Einheiten hatte sich das Feuer aber schon ausgebreitet und drohte auf eine Tannenschonung \u00fcberzugreifen. Daher wurden weitere Kr\u00e4fte und Technik um 23.34 Uhr nachalarmiert.\u2026","rel":"","context":"In &quot;Eins\u00e4tze 2022&quot;","block_context":{"text":"Eins\u00e4tze 2022","link":"https:\/\/www.feuerwehr-brilon.de\/?cat=288"},"img":{"alt_text":"","src":"https:\/\/i0.wp.com\/www.feuerwehr-brilon.de\/wp-up\/2022\/08\/220815_20220815_012400_.jpg?resize=350%2C200&ssl=1","width":350,"height":200,"srcset":"https:\/\/i0.wp.com\/www.feuerwehr-brilon.de\/wp-up\/2022\/08\/220815_20220815_012400_.jpg?resize=350%2C200&ssl=1 1x, https:\/\/i0.wp.com\/www.feuerwehr-brilon.de\/wp-up\/2022\/08\/220815_20220815_012400_.jpg?resize=525%2C300&ssl=1 1.5x, https:\/\/i0.wp.com\/www.feuerwehr-brilon.de\/wp-up\/2022\/08\/220815_20220815_012400_.jpg?resize=700%2C400&ssl=1 2x"},"classes":[]},{"id":2241,"url":"https:\/\/www.feuerwehr-brilon.de\/?p=2241","url_meta":{"origin":30721,"position":4},"title":"Einsatz f\u00fcr die W\u00e4rmebildkamera","author":"Andreas Becker","date":"22. Februar 2010","format":false,"excerpt":"Am 21.2.2010 gegen 22:40 Uhr wurde der L\u00f6schzug Brilon, speziell die W\u00e4rmebildkamera durch den L\u00f6schzug Marsberg angefordert. Der L\u00f6schzug Marsberg war zu einem Kellerbrand alarmiert worden. Um noch versteckte Glutnester in der Zwischendecke auffinden zu k\u00f6nnen, wurde die W\u00e4rmebildkamera ben\u00f6tigt. Nach dem Eintreffen am Einsatzort wurden mit Hilfe der W\u00e4rmebildkamera\u2026","rel":"","context":"In &quot;Eins\u00e4tze 2010&quot;","block_context":{"text":"Eins\u00e4tze 2010","link":"https:\/\/www.feuerwehr-brilon.de\/?cat=33"},"img":{"alt_text":"","src":"https:\/\/i0.wp.com\/www.feuerwehr-brilon.de\/wp-up\/2009\/08\/055901-2.jpg?resize=350%2C200","width":350,"height":200},"classes":[]},{"id":29936,"url":"https:\/\/www.feuerwehr-brilon.de\/?p=29936","url_meta":{"origin":30721,"position":5},"title":"Verleihung der Fluthelfermedaille des Landes NRW","author":"Marcus Bange","date":"14. Juli 2022","format":false,"excerpt":"Brilon. Einsatzkr\u00e4fte der Freiwilligen Feuerwehr und des Ortsverbandes des Deutschen Roten Kreuzes in Brilon werden geehrt.... B\u00fcrgermeister Dr. Christof Bartsch hat im Rahmen einer Feierstunde die Fluthelfermedaille des Landes NRW an 43 Feuerwehrangeh\u00f6rige und 10 Mitglieder des Deutschen Roten Kreuzes verliehen. Die Medaille wurde vom Innenministerium an diejenigen Helferinnen und\u2026","rel":"","context":"In &quot;Allgemein&quot;","block_context":{"text":"Allgemein","link":"https:\/\/www.feuerwehr-brilon.de\/?cat=1"},"img":{"alt_text":"","src":"https:\/\/i0.wp.com\/www.feuerwehr-brilon.de\/wp-up\/2022\/07\/Fluthelfer-neu.jpg?resize=350%2C200&ssl=1","width":350,"height":200,"srcset":"https:\/\/i0.wp.com\/www.feuerwehr-brilon.de\/wp-up\/2022\/07\/Fluthelfer-neu.jpg?resize=350%2C200&ssl=1 1x, https:\/\/i0.wp.com\/www.feuerwehr-brilon.de\/wp-up\/2022\/07\/Fluthelfer-neu.jpg?resize=525%2C300&ssl=1 1.5x, https:\/\/i0.wp.com\/www.feuerwehr-brilon.de\/wp-up\/2022\/07\/Fluthelfer-neu.jpg?resize=700%2C400&ssl=1 2x, https:\/\/i0.wp.com\/www.feuerwehr-brilon.de\/wp-up\/2022\/07\/Fluthelfer-neu.jpg?resize=1050%2C600&ssl=1 3x"},"classes":[]}],"_links":{"self":[{"href":"https:\/\/www.feuerwehr-brilon.de\/index.php?rest_route=\/wp\/v2\/posts\/30721","targetHints":{"allow":["GET"]}}],"collection":[{"href":"https:\/\/www.feuerwehr-brilon.de\/index.php?rest_route=\/wp\/v2\/posts"}],"about":[{"href":"https:\/\/www.feuerwehr-brilon.de\/index.php?rest_route=\/wp\/v2\/types\/post"}],"author":[{"embeddable":true,"href":"https:\/\/www.feuerwehr-brilon.de\/index.php?rest_route=\/wp\/v2\/users\/8"}],"replies":[{"embeddable":true,"href":"https:\/\/www.feuerwehr-brilon.de\/index.php?rest_route=%2Fwp%2Fv2%2Fcomments&post=30721"}],"version-history":[{"count":3,"href":"https:\/\/www.feuerwehr-brilon.de\/index.php?rest_route=\/wp\/v2\/posts\/30721\/revisions"}],"predecessor-version":[{"id":30741,"href":"https:\/\/www.feuerwehr-brilon.de\/index.php?rest_route=\/wp\/v2\/posts\/30721\/revisions\/30741"}],"wp:featuredmedia":[{"embeddable":true,"href":"https:\/\/www.feuerwehr-brilon.de\/index.php?rest_route=\/wp\/v2\/media\/30723"}],"wp:attachment":[{"href":"https:\/\/www.feuerwehr-brilon.de\/index.php?rest_route=%2Fwp%2Fv2%2Fmedia&parent=30721"}],"wp:term":[{"taxonomy":"category","embeddable":true,"href":"https:\/\/www.feuerwehr-brilon.de\/index.php?rest_route=%2Fwp%2Fv2%2Fcategories&post=30721"},{"taxonomy":"post_tag","embeddable":true,"href":"https:\/\/www.feuerwehr-brilon.de\/index.php?rest_route=%2Fwp%2Fv2%2Ftags&post=30721"}],"curies":[{"name":"wp","href":"https:\/\/api.w.org\/{rel}","templated":true}]}}