{"id":30747,"date":"2023-02-19T21:05:40","date_gmt":"2023-02-19T20:05:40","guid":{"rendered":"https:\/\/www.feuerwehr-brilon.de\/?p=30747"},"modified":"2023-02-19T21:05:40","modified_gmt":"2023-02-19T20:05:40","slug":"generalversammlung-der-loeschgruppe-messinghausen-4","status":"publish","type":"post","link":"https:\/\/www.feuerwehr-brilon.de\/?p=30747","title":{"rendered":"Generalversammlung der L\u00f6schgruppe Messinghausen"},"content":{"rendered":"<p><a href=\"https:\/\/www.feuerwehr-brilon.de\/?p=30747\"><img loading=\"lazy\" decoding=\"async\" src=\"https:\/\/www.feuerwehr-brilon.de\/wp-up\/2023\/02\/230204_GV-Mes_-150x112.jpg\" alt=\"\" width=\"150\" height=\"112\" class=\"alignleft size-thumbnail wp-image-30748\" srcset=\"https:\/\/www.feuerwehr-brilon.de\/wp-up\/2023\/02\/230204_GV-Mes_-150x112.jpg 150w, https:\/\/www.feuerwehr-brilon.de\/wp-up\/2023\/02\/230204_GV-Mes_-500x375.jpg 500w, https:\/\/www.feuerwehr-brilon.de\/wp-up\/2023\/02\/230204_GV-Mes_.jpg 746w\" sizes=\"auto, (max-width: 150px) 100vw, 150px\" \/><\/a><a title=\"Messinghausen\" href=\"http:\/\/www.feuerwehr-brilon.de\/?page_id=8\" target=\"_blank\" rel=\"noopener\">Messinghausen. <\/a>Am Samstag, den 04.02.2023 er\u00f6ffnete L\u00f6schgruppenf\u00fchrer Hans-Joachim Hillebrand die diesj\u00e4hrige Hauptversammlung der L\u00f6schgruppe Messinghausen mit der Begr\u00fc\u00dfung von Wehrf\u00fchrer Thomas Bauerfeind, B\u00fcrgermeister Dr. Christof Bartsch und Ortsvorsteher Andreas Sanow.<!--more--><\/p>\n<p>Im Anschluss folgten das Totengedenken und der T\u00e4tigkeitsbericht f\u00fcr das Jahr 2022. Die L\u00f6schgruppe Messinghausen wurde im vergangenen Jahr zu sieben Eins\u00e4tzen gerufen und leistete insgesamt 1.642 \u00dcbungs- und Lehrgangsstunden.<\/p>\n<p>Die Jugendfeuerwehr besteht aktuell aus 14 Jugendlichen. Im Vordergrund stand der Stadtjugendfeuerwehrtag in Verbindung mit dem 50-j\u00e4hrigen Bestehen der Jugendfeuerwehr. Dieser wurde mit einem \u201eSpiele ohne Grenzen\u201c im Dorf gefeiert.<\/p>\n<p>Thomas Bauerfeind konnte die Kameraden Nico Kemmerling zum Hauptfeuerwehrmann, Benjamin Kleff zum Unterbrandmeister und Janis Schlechter zum Brandmeister bef\u00f6rdern.<\/p>\n<p>B\u00fcrgermeister Dr. Christof Bartsch gab einen Einblick in den Haushalt der Stadt Brilon.<\/p>\n<p>Abschlie\u00dfend bedankte sich Hans-Joachim Hillebrand f\u00fcr die gute Zusammenarbeit mit der Wehrf\u00fchrung und der Unterst\u00fctzung durch Stadt und Verwaltung.<\/p>\n<p><strong>Bilder:<\/strong><br \/>\n<a rel=\"lightbox\" href=\"https:\/\/www.feuerwehr-brilon.de\/wp-up\/2023\/02\/230204_GV-Mes_.jpg\"><img loading=\"lazy\" decoding=\"async\" src=\"https:\/\/www.feuerwehr-brilon.de\/wp-up\/2023\/02\/230204_GV-Mes_-150x112.jpg\" alt=\"\" width=\"150\" height=\"112\" class=\"alignnone size-thumbnail wp-image-30748\" srcset=\"https:\/\/www.feuerwehr-brilon.de\/wp-up\/2023\/02\/230204_GV-Mes_-150x112.jpg 150w, https:\/\/www.feuerwehr-brilon.de\/wp-up\/2023\/02\/230204_GV-Mes_-500x375.jpg 500w, https:\/\/www.feuerwehr-brilon.de\/wp-up\/2023\/02\/230204_GV-Mes_.jpg 746w\" sizes=\"auto, (max-width: 150px) 100vw, 150px\" \/><\/a><\/p>\n","protected":false},"excerpt":{"rendered":"<p>Messinghausen. Am Samstag, den 04.02.2023 er\u00f6ffnete L\u00f6schgruppenf\u00fchrer Hans-Joachim Hillebrand die diesj\u00e4hrige Hauptversammlung der L\u00f6schgruppe Messinghausen mit der Begr\u00fc\u00dfung von Wehrf\u00fchrer Thomas Bauerfeind, B\u00fcrgermeister Dr. Christof Bartsch und Ortsvorsteher Andreas Sanow.<\/p>\n","protected":false},"author":8,"featured_media":30748,"comment_status":"closed","ping_status":"closed","sticky":false,"template":"","format":"standard","meta":{"_exactmetrics_skip_tracking":false,"_exactmetrics_sitenote_active":false,"_exactmetrics_sitenote_note":"","_exactmetrics_sitenote_category":0,"jetpack_post_was_ever_published":false,"_jetpack_newsletter_access":"","_jetpack_dont_email_post_to_subs":false,"_jetpack_newsletter_tier_id":0,"_jetpack_memberships_contains_paywalled_content":false,"_jetpack_memberships_contains_paid_content":false,"footnotes":""},"categories":[336],"tags":[329,47,60],"class_list":["post-30747","post","type-post","status-publish","format-standard","has-post-thumbnail","hentry","category-meldungen-2023","tag-generalversammlung","tag-messinghausen","tag-personen"],"jetpack_featured_media_url":"https:\/\/www.feuerwehr-brilon.de\/wp-up\/2023\/02\/230204_GV-Mes_.jpg","jetpack_shortlink":"https:\/\/wp.me\/pCIJa-7ZV","jetpack_sharing_enabled":true,"jetpack-related-posts":[{"id":4738,"url":"https:\/\/www.feuerwehr-brilon.de\/?p=4738","url_meta":{"origin":30747,"position":0},"title":"Versammlung der L\u00f6schgruppe Messinghausen","author":"Marc Heines","date":"5. April 2011","format":false,"excerpt":"Die L\u00f6schgruppe Messinghausen hielt am 05.02.2011 ihre diesj\u00e4hrige Generalversammlung ab. Fast f\u00fcnfzig aktive und f\u00f6rderaktive Kameraden waren der Einladung zur Generalversammlung gefolgt. L\u00f6schgruppenf\u00fchrer Thomas Kemmerling blickte auf ein Jahr mit 1808 ehrenamtlich geleisteten Stunden zur\u00fcck. Jugendfeuerwehrwart Hans-Joachim Hillebrand berichtete von der Ausbildung und den Aktivit\u00e4ten der Jugendfeuerwehr. Ortsvorsteherin Hildegard Hillebrand\u2026","rel":"","context":"In &quot;Meldungen 2011&quot;","block_context":{"text":"Meldungen 2011","link":"https:\/\/www.feuerwehr-brilon.de\/?cat=133"},"img":{"alt_text":"","src":"https:\/\/i0.wp.com\/www.feuerwehr-brilon.de\/wp-up\/2011\/04\/messinghausen_i-150x112.jpg?resize=350%2C200","width":350,"height":200},"classes":[]},{"id":32266,"url":"https:\/\/www.feuerwehr-brilon.de\/?p=32266","url_meta":{"origin":30747,"position":1},"title":"Generalversammlung L\u00f6schgruppe Messinghausen","author":"Andreas Becker","date":"13. April 2024","format":false,"excerpt":"Messinghausen. L\u00f6schgruppenf\u00fchrer Hans-Joachim Hillebrand er\u00f6ffnete die diesj\u00e4hrige Hauptversammlung der L\u00f6schgruppe Messinghausen mit der Begr\u00fc\u00dfung von Wehrf\u00fchrer Thomas Bauerfeind mit seinen beiden Stellvertretern Andreas Becker und Manuel Henke, B\u00fcrgermeister Dr. Christof Bartsch und Fachbereichsleiterin Karin Wigge sowie Ortsvorsteher Andreas Sanow. Im Anschluss folgten das Totengedenken und der T\u00e4tigkeitsbericht f\u00fcr das Jahr\u2026","rel":"","context":"In &quot;Meldungen 2024&quot;","block_context":{"text":"Meldungen 2024","link":"https:\/\/www.feuerwehr-brilon.de\/?cat=359"},"img":{"alt_text":"","src":"https:\/\/i0.wp.com\/www.feuerwehr-brilon.de\/wp-up\/2024\/04\/LGM-2024_FB.jpg?resize=350%2C200&ssl=1","width":350,"height":200,"srcset":"https:\/\/i0.wp.com\/www.feuerwehr-brilon.de\/wp-up\/2024\/04\/LGM-2024_FB.jpg?resize=350%2C200&ssl=1 1x, https:\/\/i0.wp.com\/www.feuerwehr-brilon.de\/wp-up\/2024\/04\/LGM-2024_FB.jpg?resize=525%2C300&ssl=1 1.5x, https:\/\/i0.wp.com\/www.feuerwehr-brilon.de\/wp-up\/2024\/04\/LGM-2024_FB.jpg?resize=700%2C400&ssl=1 2x"},"classes":[]},{"id":33298,"url":"https:\/\/www.feuerwehr-brilon.de\/?p=33298","url_meta":{"origin":30747,"position":2},"title":"Jahreshauptversammlung der L\u00f6schgruppe Messinghausen","author":"Andreas Becker","date":"16. M\u00e4rz 2025","format":false,"excerpt":"Messinghausen. Im Februar fand die j\u00e4hrliche Generalversammlung der L\u00f6schgruppe Messinghausen statt. Der L\u00f6schgruppenf\u00fchrer Ha.-Jo. Hillebrand begr\u00fc\u00dfte 46 aktive und passive Mitglieder sowie G\u00e4ste wie B\u00fcrgermeister Dr. Christoph Bartsch, den stellvertretenden Wehrleiter Manuel Henke, Ortsvorsteher Andreas Sanow und ein Mitglied der Ehrenabteilung. Schriftf\u00fchrer Philipp Kappe verlas das Protokoll der letzten Generalversammlung\u2026","rel":"","context":"In &quot;Meldungen 2025&quot;","block_context":{"text":"Meldungen 2025","link":"https:\/\/www.feuerwehr-brilon.de\/?cat=366"},"img":{"alt_text":"","src":"https:\/\/i0.wp.com\/www.feuerwehr-brilon.de\/wp-up\/2025\/03\/IMG_2025-03-16-220913-150x113.jpeg?resize=350%2C200&ssl=1","width":350,"height":200},"classes":[]},{"id":734,"url":"https:\/\/www.feuerwehr-brilon.de\/?p=734","url_meta":{"origin":30747,"position":3},"title":"Jahreshauptversammlung der LG Messinghausen","author":"Marc Heines","date":"7. Februar 2009","format":false,"excerpt":"Die L\u00f6schgruppe Messinghausen hielt am 07.02.2009 ihre diesj\u00e4hrige Generalversammlung ab. L\u00f6schgruppenf\u00fchrer Wilfried G\u00f6bel blickte auf ein\u00a0 Jahr mit 1349 ehrenamtlich geleisteten Stunden zur\u00fcck. Neben der aktiven Wehr geh\u00f6ren zur L\u00f6schgruppe noch 27 Jugendfeuerwehrm\u00e4nner. Messinghausen stellt damit die gr\u00f6\u00dfte Jugendfeuerwehr im Stadtgebiet. Wehrf\u00fchrer Piasecki bef\u00f6rderte insgesamt 5 Kameraden. Sebastian Kleff wurde\u2026","rel":"","context":"In &quot;Meldungen 2009&quot;","block_context":{"text":"Meldungen 2009","link":"https:\/\/www.feuerwehr-brilon.de\/?cat=11"},"img":{"alt_text":"","src":"https:\/\/i0.wp.com\/www.feuerwehr-brilon.de\/wp-up\/2009\/02\/messinghausen_bef_i-500x262.jpg?resize=350%2C200","width":350,"height":200},"classes":[]},{"id":15823,"url":"https:\/\/www.feuerwehr-brilon.de\/?p=15823","url_meta":{"origin":30747,"position":4},"title":"Generalversammlung der L\u00f6schgruppe Messinghausen","author":"Marc Heines","date":"16. M\u00e4rz 2018","format":false,"excerpt":"Am Samstag den 17.02.2018 er\u00f6ffnete L\u00f6schgruppenf\u00fchrer Thomas Kemmerling die diesj\u00e4hrige Hauptversammlung der L\u00f6schgruppe Messinghausen. Begr\u00fc\u00dfen konnte er den stv. Wehrf\u00fchrer Wilfried G\u00f6bel, B\u00fcrgermeister Dr. Christoph Bartsch, Ortsvorsteher Andreas Sanow und Ratsmitglied Hildegard Hillebrand. Jugendfeuerwehrwart Markus Kleff stellte den Bericht der Jugendfeuerwehr vor. Aktuell besteht die Jugendfeuerwehr aus zwei Gruppen. Die\u2026","rel":"","context":"In &quot;Meldungen 2018&quot;","block_context":{"text":"Meldungen 2018","link":"https:\/\/www.feuerwehr-brilon.de\/?cat=209"},"img":{"alt_text":"","src":"https:\/\/i0.wp.com\/www.feuerwehr-brilon.de\/wp-up\/2018\/03\/pmi-150x101.jpg?resize=350%2C200&ssl=1","width":350,"height":200},"classes":[]},{"id":11795,"url":"https:\/\/www.feuerwehr-brilon.de\/?p=11795","url_meta":{"origin":30747,"position":5},"title":"Generalversammlung der L\u00f6schgruppe Messinghausen","author":"Marc Heines","date":"7. April 2015","format":false,"excerpt":"Der stellvertretende L\u00f6schgruppenf\u00fchrer Hans-Joachim Hillebrand er\u00f6ffnete nach dem gemeinsamen Besuch der Abendmesse die diesj\u00e4hrige Hauptversammlung der L\u00f6schgruppe Messinghausen. Hillebrand konnte den stellv. Wehrf\u00fchrer Wilfried G\u00f6bel, den ersten Beigeordneten der Stadt Brilon Reinhold Huxoll, Ortsvorsteher Andreas Sanow und Ratsmitglied Hildegard Hillebrand zur Versammlung begr\u00fc\u00dfen. Zu Beginn nahm er einen R\u00fcckblick auf\u2026","rel":"","context":"In &quot;Meldungen 2015&quot;","block_context":{"text":"Meldungen 2015","link":"https:\/\/www.feuerwehr-brilon.de\/?cat=192"},"img":{"alt_text":"Gruppei","src":"https:\/\/i0.wp.com\/www.feuerwehr-brilon.de\/wp-up\/2015\/04\/Gruppei-150x90.jpg?resize=350%2C200","width":350,"height":200},"classes":[]}],"_links":{"self":[{"href":"https:\/\/www.feuerwehr-brilon.de\/index.php?rest_route=\/wp\/v2\/posts\/30747","targetHints":{"allow":["GET"]}}],"collection":[{"href":"https:\/\/www.feuerwehr-brilon.de\/index.php?rest_route=\/wp\/v2\/posts"}],"about":[{"href":"https:\/\/www.feuerwehr-brilon.de\/index.php?rest_route=\/wp\/v2\/types\/post"}],"author":[{"embeddable":true,"href":"https:\/\/www.feuerwehr-brilon.de\/index.php?rest_route=\/wp\/v2\/users\/8"}],"replies":[{"embeddable":true,"href":"https:\/\/www.feuerwehr-brilon.de\/index.php?rest_route=%2Fwp%2Fv2%2Fcomments&post=30747"}],"version-history":[{"count":3,"href":"https:\/\/www.feuerwehr-brilon.de\/index.php?rest_route=\/wp\/v2\/posts\/30747\/revisions"}],"predecessor-version":[{"id":30768,"href":"https:\/\/www.feuerwehr-brilon.de\/index.php?rest_route=\/wp\/v2\/posts\/30747\/revisions\/30768"}],"wp:featuredmedia":[{"embeddable":true,"href":"https:\/\/www.feuerwehr-brilon.de\/index.php?rest_route=\/wp\/v2\/media\/30748"}],"wp:attachment":[{"href":"https:\/\/www.feuerwehr-brilon.de\/index.php?rest_route=%2Fwp%2Fv2%2Fmedia&parent=30747"}],"wp:term":[{"taxonomy":"category","embeddable":true,"href":"https:\/\/www.feuerwehr-brilon.de\/index.php?rest_route=%2Fwp%2Fv2%2Fcategories&post=30747"},{"taxonomy":"post_tag","embeddable":true,"href":"https:\/\/www.feuerwehr-brilon.de\/index.php?rest_route=%2Fwp%2Fv2%2Ftags&post=30747"}],"curies":[{"name":"wp","href":"https:\/\/api.w.org\/{rel}","templated":true}]}}