{"id":30752,"date":"2023-02-20T18:30:10","date_gmt":"2023-02-20T17:30:10","guid":{"rendered":"https:\/\/www.feuerwehr-brilon.de\/?p=30752"},"modified":"2023-02-20T09:51:10","modified_gmt":"2023-02-20T08:51:10","slug":"jahreshauptversammlung-des-tambourkorps-brilon","status":"publish","type":"post","link":"https:\/\/www.feuerwehr-brilon.de\/?p=30752","title":{"rendered":"Jahreshauptversammlung des Tambourkorps Brilon"},"content":{"rendered":"<p><a href=\"https:\/\/www.feuerwehr-brilon.de\/?p=30752\"><img loading=\"lazy\" decoding=\"async\" src=\"https:\/\/www.feuerwehr-brilon.de\/wp-up\/2023\/02\/230113_JHV-TK_-150x113.jpg\" alt=\"\" width=\"150\" height=\"113\" class=\"alignleft size-thumbnail wp-image-30754\" srcset=\"https:\/\/www.feuerwehr-brilon.de\/wp-up\/2023\/02\/230113_JHV-TK_-150x113.jpg 150w, https:\/\/www.feuerwehr-brilon.de\/wp-up\/2023\/02\/230113_JHV-TK_-500x375.jpg 500w, https:\/\/www.feuerwehr-brilon.de\/wp-up\/2023\/02\/230113_JHV-TK_.jpg 666w\" sizes=\"auto, (max-width: 150px) 100vw, 150px\" \/><\/a><a title=\"TambourKorps\" href=\"http:\/\/www.feuerwehr-brilon.de\/?page_id=82\" target=\"_blank\" rel=\"noopener\">Tambourkorps. <\/a>Am Freitag, den 13.01.2023 fand die diesj\u00e4hrige gemeinsame Jahreshauptversammlung des L\u00f6schzugs Brilon und des Tambourkorps Brilon statt.<\/p>\n<p>Es war uns m\u00f6glich, nach den coronabedingten Ausf\u00e4llen unserer zahlreichen Auftritte und Proben auf ein normales Jahr zur\u00fcckzublicken.<!--more--><\/p>\n<p>Aus dem Jahresbericht des Tambourkorps ging hervor, dass aktuell 47 Musikerinnen und Musiker im Tambourkorps aktiv sind. Insgesamt leistete das Tambourkorps inklusive der Jugendgruppe 3.740 Musikstunden bei 24 Auftritten, sowie 1.808 Stunden an Aus- und Fortbildung.<\/p>\n<p>Folgende Musikerinnen und Musiker konnten sich \u00fcber eine Ehrung freuen:<br \/>\nWinfried Wiegelmann \u00fcber die Verdienstmedaille in Silber f\u00fcr 15-j\u00e4hrige Vorstandst\u00e4tigkeit und die Dirigentennadel des BDMV (Bundesvereinigung Deutscher Musikverb\u00e4nde) in Silber f\u00fcr 15-j\u00e4hrige Dirigentent\u00e4tigkeit, Sabina Pape \u00fcber die Ehrennadel des BDMV in Silber mit Kranz und Jahreszahl und das Feuerwehr-Ehrenzeichen in Silber f\u00fcr 25-j\u00e4hrige T\u00e4tigkeit und Michael Padberg \u00fcber das Feuerwehr-Ehrenzeichen in Gold f\u00fcr 35-j\u00e4hrige T\u00e4tigkeit und die Verdienstmedaille in Silber f\u00fcr 15-j\u00e4hrige Vorstandsarbeit.<br \/>\nMaria Tilly, Jana Weber, Elisa Bunse und Paul Drilling konnten zur Oberfeuerwehrmusikerin bzw. zum Oberfeuerwehrmusiker bef\u00f6rdert werden.<\/p>\n<p>Wir gratulieren allen herzlich und freuen uns auf viele weitere Jahre, die wir gemeinsam aktiv Musik machen k\u00f6nnen.<\/p>\n<p><strong>Bilder:<\/strong><br \/>\n<a rel=\"lightbox\" href=\"https:\/\/www.feuerwehr-brilon.de\/wp-up\/2023\/02\/230113_JHV-TK_.jpg\"><img loading=\"lazy\" decoding=\"async\" src=\"https:\/\/www.feuerwehr-brilon.de\/wp-up\/2023\/02\/230113_JHV-TK_-150x113.jpg\" alt=\"\" width=\"150\" height=\"113\" class=\"alignnone size-thumbnail wp-image-30754\" srcset=\"https:\/\/www.feuerwehr-brilon.de\/wp-up\/2023\/02\/230113_JHV-TK_-150x113.jpg 150w, https:\/\/www.feuerwehr-brilon.de\/wp-up\/2023\/02\/230113_JHV-TK_-500x375.jpg 500w, https:\/\/www.feuerwehr-brilon.de\/wp-up\/2023\/02\/230113_JHV-TK_.jpg 666w\" sizes=\"auto, (max-width: 150px) 100vw, 150px\" \/><\/a><\/p>\n","protected":false},"excerpt":{"rendered":"<p>Tambourkorps. Am Freitag, den 13.01.2023 fand die diesj\u00e4hrige gemeinsame Jahreshauptversammlung des L\u00f6schzugs Brilon und des Tambourkorps Brilon statt. Es war uns m\u00f6glich, nach den coronabedingten Ausf\u00e4llen unserer zahlreichen Auftritte und Proben auf ein normales Jahr zur\u00fcckzublicken.<\/p>\n","protected":false},"author":8,"featured_media":30754,"comment_status":"closed","ping_status":"closed","sticky":false,"template":"","format":"standard","meta":{"_exactmetrics_skip_tracking":false,"_exactmetrics_sitenote_active":false,"_exactmetrics_sitenote_note":"","_exactmetrics_sitenote_category":0,"jetpack_post_was_ever_published":false,"_jetpack_newsletter_access":"","_jetpack_dont_email_post_to_subs":false,"_jetpack_newsletter_tier_id":0,"_jetpack_memberships_contains_paywalled_content":false,"_jetpack_memberships_contains_paid_content":false,"footnotes":""},"categories":[336],"tags":[37,329,60,87],"class_list":["post-30752","post","type-post","status-publish","format-standard","has-post-thumbnail","hentry","category-meldungen-2023","tag-brilon","tag-generalversammlung","tag-personen","tag-tambourkorps"],"jetpack_featured_media_url":"https:\/\/www.feuerwehr-brilon.de\/wp-up\/2023\/02\/230113_JHV-TK_.jpg","jetpack_shortlink":"https:\/\/wp.me\/pCIJa-800","jetpack_sharing_enabled":true,"jetpack-related-posts":[{"id":32177,"url":"https:\/\/www.feuerwehr-brilon.de\/?p=32177","url_meta":{"origin":30752,"position":0},"title":"Ehrungen und Bef\u00f6rderungen beim Tambourkorps der Feuerwehr Brilon","author":"Marcus Bange","date":"8. M\u00e4rz 2024","format":false,"excerpt":"Brilon. Das Tambourkorps der Feuerwehr Brilon und der L\u00f6schzug Brilon f\u00fchrten ihre gemeinsame Jahreshauptversammlung durch. Im Jahresbericht konnte das Tambourkorps auf zahlreiche Auftritte und Proben im vergangenen Jahr zur\u00fcckblicken. Aus dem Bericht ging hervor, dass aktuell 57 Musikerinnen und Musiker im Tambourkorps aktiv sind. Insgesamt spielte das Tambourkorps inklusive der\u2026","rel":"","context":"In &quot;Meldungen 2024&quot;","block_context":{"text":"Meldungen 2024","link":"https:\/\/www.feuerwehr-brilon.de\/?cat=359"},"img":{"alt_text":"","src":"https:\/\/i0.wp.com\/www.feuerwehr-brilon.de\/wp-up\/2024\/03\/GV-TK-2024-1.jpg?resize=350%2C200&ssl=1","width":350,"height":200,"srcset":"https:\/\/i0.wp.com\/www.feuerwehr-brilon.de\/wp-up\/2024\/03\/GV-TK-2024-1.jpg?resize=350%2C200&ssl=1 1x, https:\/\/i0.wp.com\/www.feuerwehr-brilon.de\/wp-up\/2024\/03\/GV-TK-2024-1.jpg?resize=525%2C300&ssl=1 1.5x, https:\/\/i0.wp.com\/www.feuerwehr-brilon.de\/wp-up\/2024\/03\/GV-TK-2024-1.jpg?resize=700%2C400&ssl=1 2x"},"classes":[]},{"id":13471,"url":"https:\/\/www.feuerwehr-brilon.de\/?p=13471","url_meta":{"origin":30752,"position":1},"title":"Tambourkorps der Freiwilligen Feuerwehr Brilon bereitet sich auf die kommende Saison vor","author":"Marc Heines","date":"16. Mai 2016","format":false,"excerpt":"Dass \u00dcbung den Meister macht, wissen auch die\u00a050 Musikerinnen und Musiker des Tambourkorps der Freiwilligen Feuerwehr Brilon. Sie haben sich an einem\u00a0Wochenende im Feuerwehrger\u00e4tehaus getroffen, um sich auf die kommende Saison mit einem Probewochenende vorzubereiten. Es wurden einzelne Musikst\u00fccke f\u00fcr das Spielen auf der Stra\u00dfe geprobt und B\u00fchnen- sowie Konzertst\u00fccke\u2026","rel":"","context":"In &quot;Meldungen 2016&quot;","block_context":{"text":"Meldungen 2016","link":"https:\/\/www.feuerwehr-brilon.de\/?cat=202"},"img":{"alt_text":"IMG_20160503_083436i","src":"https:\/\/i0.wp.com\/www.feuerwehr-brilon.de\/wp-up\/2016\/05\/IMG_20160503_083436i-150x113.jpg?resize=350%2C200","width":350,"height":200},"classes":[]},{"id":14702,"url":"https:\/\/www.feuerwehr-brilon.de\/?p=14702","url_meta":{"origin":30752,"position":2},"title":"Tambourkorps bereitet sich auf die neue Spielsaison vor","author":"Daniel Vogel","date":"23. April 2017","format":false,"excerpt":"Tambourkorps. Dass \u00dcbung den Meister macht, wissen auch die rund 50 Musikerinnen und Musiker des Tambourkorps der Freiwilligen Feuerwehr Brilon. So haben sie sich am vergangenen Wochenende im Feuerwehrger\u00e4tehaus getroffen, um sich auf die Spielsaison 2017 mit einem Probewochenende vorzubereiten. Zun\u00e4chst wurden diverse St\u00fccke in den einzelnen Stimmen, den Registern,\u2026","rel":"","context":"In &quot;Meldungen 2017&quot;","block_context":{"text":"Meldungen 2017","link":"https:\/\/www.feuerwehr-brilon.de\/?cat=206"},"img":{"alt_text":"","src":"https:\/\/i0.wp.com\/www.feuerwehr-brilon.de\/wp-up\/2017\/04\/TK_1-1-150x84.jpg?resize=350%2C200","width":350,"height":200},"classes":[]},{"id":14637,"url":"https:\/\/www.feuerwehr-brilon.de\/?p=14637","url_meta":{"origin":30752,"position":3},"title":"Musiker des Tambourkorps bekommen das Feuerwehrmusikabzeichen verliehen","author":"Andreas Becker","date":"8. April 2017","format":false,"excerpt":"Tambourkorps. Auf die Fort- und Weiterbildung seiner Musikerinnen und Musiker legt das Tambourkorps der Freiwilligen Feuerwehr Brilon ein besonderes Augenmerk. So nahmen auch in diesem Jahr sieben junge Kameradinnen und Kameraden am D1-Lehrgang des Verbandes der Feuerwehren in NRW teil. Hierzu reisten die Teilnehmer an f\u00fcnf Wochenenden nach Beckum im\u2026","rel":"","context":"In &quot;Meldungen 2017&quot;","block_context":{"text":"Meldungen 2017","link":"https:\/\/www.feuerwehr-brilon.de\/?cat=206"},"img":{"alt_text":"","src":"https:\/\/i0.wp.com\/www.feuerwehr-brilon.de\/wp-up\/2017\/04\/D1-Lehrgang-2017-1-150x120.jpg?resize=350%2C200","width":350,"height":200},"classes":[]},{"id":21437,"url":"https:\/\/www.feuerwehr-brilon.de\/?p=21437","url_meta":{"origin":30752,"position":4},"title":"Ehrungen und Bef\u00f6rderungen beim Tambourkorps","author":"Marc Heines","date":"13. Juni 2019","format":false,"excerpt":"Im Mai feierte das Tambourkorps der freiwilligen Feuerwehr Brilon seinen 100. Geburtstag in der Briloner Sch\u00fctzenhalle. Rund 20 Gastvereine, darunter mehrere Musikvereine und Spielmannsz\u00fcge aus dem Raum Brilon, nahmen am gro\u00dfen Festzug durch die Stadt teil. Nach der Kranzniederlegung am Ehrenmal gab es einen Massenchor, bevor der Festakt in der\u2026","rel":"","context":"In &quot;Meldungen 2019&quot;","block_context":{"text":"Meldungen 2019","link":"https:\/\/www.feuerwehr-brilon.de\/?cat=223"},"img":{"alt_text":"","src":"https:\/\/i0.wp.com\/www.feuerwehr-brilon.de\/wp-up\/2019\/06\/PM-Befoerderung-i-150x68.jpg?resize=350%2C200&ssl=1","width":350,"height":200},"classes":[]},{"id":16456,"url":"https:\/\/www.feuerwehr-brilon.de\/?p=16456","url_meta":{"origin":30752,"position":5},"title":"Tambourkorps schlie\u00dft die Spielsaison mit einer Ausflugsfahrt ab","author":"Marc Heines","date":"27. September 2018","format":false,"excerpt":"Zum Abschlu\u00df einer guten Spielsaison 2018 gingen die Musikerinnen und Musiker des Tambourkorps der Freiwilligen Feuerwehr Brilon noch einmal gemeinsam auf Fahrt. Neben einigen Besichtigungen z.B. der Innenstadt in M\u00fcnster oder einer Brennerei, lag der Fokus auf dem guten Miteinander verschiedener Generationen im Tambourkorps. Auf zahlreichen Sch\u00fctzenfesten bereichert das Tambourkorps\u2026","rel":"","context":"In &quot;Meldungen 2018&quot;","block_context":{"text":"Meldungen 2018","link":"https:\/\/www.feuerwehr-brilon.de\/?cat=209"},"img":{"alt_text":"","src":"https:\/\/i0.wp.com\/www.feuerwehr-brilon.de\/wp-up\/2018\/09\/tk-i-1-150x81.jpg?resize=350%2C200&ssl=1","width":350,"height":200},"classes":[]}],"_links":{"self":[{"href":"https:\/\/www.feuerwehr-brilon.de\/index.php?rest_route=\/wp\/v2\/posts\/30752","targetHints":{"allow":["GET"]}}],"collection":[{"href":"https:\/\/www.feuerwehr-brilon.de\/index.php?rest_route=\/wp\/v2\/posts"}],"about":[{"href":"https:\/\/www.feuerwehr-brilon.de\/index.php?rest_route=\/wp\/v2\/types\/post"}],"author":[{"embeddable":true,"href":"https:\/\/www.feuerwehr-brilon.de\/index.php?rest_route=\/wp\/v2\/users\/8"}],"replies":[{"embeddable":true,"href":"https:\/\/www.feuerwehr-brilon.de\/index.php?rest_route=%2Fwp%2Fv2%2Fcomments&post=30752"}],"version-history":[{"count":4,"href":"https:\/\/www.feuerwehr-brilon.de\/index.php?rest_route=\/wp\/v2\/posts\/30752\/revisions"}],"predecessor-version":[{"id":30771,"href":"https:\/\/www.feuerwehr-brilon.de\/index.php?rest_route=\/wp\/v2\/posts\/30752\/revisions\/30771"}],"wp:featuredmedia":[{"embeddable":true,"href":"https:\/\/www.feuerwehr-brilon.de\/index.php?rest_route=\/wp\/v2\/media\/30754"}],"wp:attachment":[{"href":"https:\/\/www.feuerwehr-brilon.de\/index.php?rest_route=%2Fwp%2Fv2%2Fmedia&parent=30752"}],"wp:term":[{"taxonomy":"category","embeddable":true,"href":"https:\/\/www.feuerwehr-brilon.de\/index.php?rest_route=%2Fwp%2Fv2%2Fcategories&post=30752"},{"taxonomy":"post_tag","embeddable":true,"href":"https:\/\/www.feuerwehr-brilon.de\/index.php?rest_route=%2Fwp%2Fv2%2Ftags&post=30752"}],"curies":[{"name":"wp","href":"https:\/\/api.w.org\/{rel}","templated":true}]}}