{"id":30774,"date":"2023-02-23T17:57:58","date_gmt":"2023-02-23T16:57:58","guid":{"rendered":"https:\/\/www.feuerwehr-brilon.de\/?p=30774"},"modified":"2023-02-23T21:27:45","modified_gmt":"2023-02-23T20:27:45","slug":"jahreshauptversammlung-des-loeschzuges-brilon-neue-loeschzugfuehrung","status":"publish","type":"post","link":"https:\/\/www.feuerwehr-brilon.de\/?p=30774","title":{"rendered":"Jahreshauptversammlung des L\u00f6schzuges Brilon &#8211; Neue L\u00f6schzugf\u00fchrung"},"content":{"rendered":"<p><a href=\"https:\/\/www.feuerwehr-brilon.de\/?p=30774\"><img loading=\"lazy\" decoding=\"async\" src=\"https:\/\/www.feuerwehr-brilon.de\/wp-up\/2023\/02\/GV-Loeschzug-Brilon-neu-150x100.jpg\" alt=\"\" width=\"150\" height=\"112\" class=\"alignleft size-thumbnail wp-image-30777\" \/><\/a><a title=\"Brilon\" href=\"http:\/\/www.feuerwehr-brilon.de\/?page_id=7\" target=\"_blank\" rel=\"noopener\">Brilon. <\/a>Im Januar begr\u00fc\u00dfte L\u00f6schzugf\u00fchrer Thomas B\u00f6ddicker 110 Feuerwehrleute zur gemeinsamen Jahreshauptversammlung des L\u00f6schzug Brilon und des Tambourkorps Brilon.<!--more--><\/p>\n<p>Neben den Feuerwehrfrauen und -m\u00e4nnern der Jugendfeuerwehr, Einsatzabteilung, Tambourkorps und Ehrenabteilung waren auch der B\u00fcrgermeister der Stadt Brilon, Dr. Christof Bartsch, der Leiter der Feuerwehr Thomas Bauerfeind sowie Vertreter der SPD- und CDU-Fraktionen im Briloner Rat anwesend. <\/p>\n<p>L\u00f6schzugf\u00fchrer B\u00f6ddicker reflektierte in seiner Begr\u00fc\u00dfung Ereignisse des vergangenen Jahres, wie die Corona-Pandemie, den Krieg in der Ukraine, den klimabedingten Wassermangel, die Sorge um Energieausf\u00e4lle, sowie die Silvesterangriffe auf Polizei, Feuerwehr und Rettungsdienst. Anhand eines Zitates von Theodor Heuss \u201eDie Sorge und Hilfe f\u00fcr andere Menschen ist das wertvollste Kapital im Haushalt der Menschheit. Und solange es noch Leute gibt, die freiwillig bereit sind, f\u00fcr andere da zu sein, ist es um diese Welt nicht allzu schlimm bestellt\u201c leitete er ab, dass durch Solidarit\u00e4t, wie diese im letzten Jahr von der Bev\u00f6lkerung, z.B. durch Spendenaktionen oder Hilfstransporte gezeigt wurden, schlimme Folgen gelindert werden konnten. Er verweist darauf, dass Solidarit\u00e4t und Zusammenhalt Probleme nicht l\u00f6sen, jedoch lindern k\u00f6nnen. Diese Aussagen bezog er insbesondere auf den Leitspruch und die Aufgaben der Freiwilligen Feuerwehr.<\/p>\n<p>In 2022 war der L\u00f6schzug bei 185 Eins\u00e4tzen 2170 Stunden unterwegs, um in Not geratenen B\u00fcrgern oder Tieren zu helfen. Die 85 aktiven Einsatzkr\u00e4fte haben f\u00fcr Einsatz, Ausbildung und alle weiter anfallenden Aufgaben 7746 Stunden geleistet.<\/p>\n<p>B\u00fcrgermeister Dr. Christof Bartsch begr\u00fc\u00dfte die Anwesenden und bringt die Wertsch\u00e4tzung und den Respekt von Rat und Verwaltung gegen\u00fcber der freiwilligen Feuerwehr zum Ausdruck. Er sichert der Feuerwehr auch zuk\u00fcnftig seine volle Unterst\u00fctzung zu. Im Anschluss ehrte B\u00fcrgermeister Bartsch Ferdinand Martini mit dem Feuerwehrehrenzeichen in Silber f\u00fcr 25 Jahre aktiven Feuerwehrdienst. Willi Nierfeld wurde f\u00fcr 40 Jahre Feuerwehrdienst mit einer Ehrennadel geehrt. <\/p>\n<p>Der Leiter der Feuerwehr, Thomas Bauerfeind, \u00fcberbrachte Gru\u00dfworte und nahm die Bef\u00f6rderungen vor. Bef\u00f6rdert wurden Leah Bartsch, Nils Ester und Benjamin Heiers zur Feuerwehrfrau bzw. -mann; Ludwig Merz und Jonathan Zinkhan zu Unterbrandmeistern; Sven Baran zum Hauptbrandmeister sowie Christopher Kemmerling, Dirk Mainzer und Ferdinand Martini zu Brandinspektoren. <\/p>\n<p>Nach Ablauf der sechsj\u00e4hrigen Amtszeit von Thomas B\u00f6ddicker stand zum Schluss noch die neue Ernennung der L\u00f6schzugf\u00fchrung an. Wehrf\u00fchrer Thomas Bauernfeind ernannte Marc Heines f\u00fcr sechs Jahre zum neuen L\u00f6schzugf\u00fchrer des L\u00f6schzug Brilon. Thomas B\u00f6ddicker und Michael Klaholz zu seinen Stellvertretern. <\/p>\n<p>B\u00fcrgermeister Dr. Christof Bartsch und LdF Thomas Bauerfeind bedankten sich im Namen aller bei Thomas B\u00f6ddicker f\u00fcr dessen engagierte 18-j\u00e4hrige Amtszeit als L\u00f6schzugf\u00fchrer und die gute und loyale Zusammenarbeit mit der Leitung der Feuerwehr, sowie Rat und Verwaltung der Stadt Brilon. Sie zollten Respekt, dass er als Stellvertreter weiter in F\u00fchrungsfunktion bleibt.<\/p>\n<p><strong>Bilder:<\/strong><br \/>\n<a rel=\"lightbox\" href=\"https:\/\/www.feuerwehr-brilon.de\/wp-up\/2023\/02\/GV-Loeschzug-Brilon-neu.jpg\"><img loading=\"lazy\" decoding=\"async\" src=\"https:\/\/www.feuerwehr-brilon.de\/wp-up\/2023\/02\/GV-Loeschzug-Brilon-neu-150x100.jpg\" alt=\"\" width=\"150\" height=\"112\" class=\"alignnone size-thumbnail wp-image-30777\" \/><\/a><\/p>\n","protected":false},"excerpt":{"rendered":"<p>Brilon. Im Januar begr\u00fc\u00dfte L\u00f6schzugf\u00fchrer Thomas B\u00f6ddicker 110 Feuerwehrleute zur gemeinsamen Jahreshauptversammlung des L\u00f6schzug Brilon und des Tambourkorps Brilon.<\/p>\n","protected":false},"author":5,"featured_media":30777,"comment_status":"closed","ping_status":"closed","sticky":false,"template":"","format":"standard","meta":{"_exactmetrics_skip_tracking":false,"_exactmetrics_sitenote_active":false,"_exactmetrics_sitenote_note":"","_exactmetrics_sitenote_category":0,"jetpack_post_was_ever_published":false,"_jetpack_newsletter_access":"","_jetpack_dont_email_post_to_subs":false,"_jetpack_newsletter_tier_id":0,"_jetpack_memberships_contains_paywalled_content":false,"_jetpack_memberships_contains_paid_content":false,"footnotes":""},"categories":[1,336],"tags":[37,340,60,313],"class_list":["post-30774","post","type-post","status-publish","format-standard","has-post-thumbnail","hentry","category-allgemein","category-meldungen-2023","tag-brilon","tag-jahreshauptversammlung","tag-personen","tag-tambourkorps-feuerwehr-brilon"],"jetpack_featured_media_url":"https:\/\/www.feuerwehr-brilon.de\/wp-up\/2023\/02\/GV-Loeschzug-Brilon-neu.jpg","jetpack_shortlink":"https:\/\/wp.me\/pCIJa-80m","jetpack_sharing_enabled":true,"jetpack-related-posts":[{"id":4191,"url":"https:\/\/www.feuerwehr-brilon.de\/?p=4191","url_meta":{"origin":30774,"position":0},"title":"Jahreshauptversammlung des L\u00f6schzug Brilon","author":"Marc Heines","date":"17. Januar 2011","format":false,"excerpt":"Am vergangenen Freitag, den 14.01.2011 hatte der L\u00f6schzug Brilon seine allj\u00e4hrliche Jahreshauptversammlung. L\u00f6schzugf\u00fchrer Thomas B\u00f6ddicker konnte dazu B\u00fcrgermeister Franz Schrewe, Fachbereichsleiterin Karin Wigge, Wehrf\u00fchrer Wolfgang Hillebrand, die Fraktionsvertreter aller Parteien und 116 Mitglieder des L\u00f6schzug Brilon begr\u00fc\u00dfen. In seiner Begr\u00fc\u00dfung ging L\u00f6schzugf\u00fchrer B\u00f6ddicker auf die Entwicklung in der Gesellschaft und\u2026","rel":"","context":"In &quot;Meldungen 2011&quot;","block_context":{"text":"Meldungen 2011","link":"https:\/\/www.feuerwehr-brilon.de\/?cat=133"},"img":{"alt_text":"","src":"https:\/\/i0.wp.com\/www.feuerwehr-brilon.de\/wp-up\/2011\/01\/jf_i-150x113.jpg?resize=350%2C200","width":350,"height":200},"classes":[]},{"id":9644,"url":"https:\/\/www.feuerwehr-brilon.de\/?p=9644","url_meta":{"origin":30774,"position":1},"title":"Hauptversammlung beim L\u00f6schzug Brilon","author":"Marc Heines","date":"15. Januar 2014","format":false,"excerpt":"Brilon. Am 10.01.2014 konnte L\u00f6schzugf\u00fchrer Thomas B\u00f6ddicker zahlreiche G\u00e4ste zur Jahreshauptversammlung des L\u00f6schzug Brilon begr\u00fc\u00dfen. Neben 106 Mitgliedern waren auch B\u00fcrgermeister Schrewe, Kreisbrandmeister Martin Rickert, Wehrf\u00fchrer Wolfgang Hillebrand und Vertreter aus dem Briloner Stadtrat gekommen. Auf ein abwechslungsreiches Jahr 2013 konnte L\u00f6schzugf\u00fchrer B\u00f6ddicker zur\u00fcckblicken. Allein 137 Eins\u00e4tze waren zu bew\u00e4ltigen.\u2026","rel":"","context":"In &quot;Meldungen 2014&quot;","block_context":{"text":"Meldungen 2014","link":"https:\/\/www.feuerwehr-brilon.de\/?cat=183"},"img":{"alt_text":"","src":"https:\/\/i0.wp.com\/www.feuerwehr-brilon.de\/wp-up\/2014\/01\/DSC00309-150x100.jpg?resize=350%2C200&ssl=1","width":350,"height":200},"classes":[]},{"id":32043,"url":"https:\/\/www.feuerwehr-brilon.de\/?p=32043","url_meta":{"origin":30774,"position":2},"title":"Jahreshauptversammlung des L\u00f6schzuges Brilon","author":"Marcus Bange","date":"1. Februar 2024","format":false,"excerpt":"Brilon. Zur Jahreshauptversammlung des L\u00f6schzuges Brilon konnte L\u00f6schzugf\u00fchrer Marc Heines 106 Feuerwehrfrauen und -m\u00e4nner des L\u00f6schzuges und des Tambourkorps im Feuerwehrhaus Brilon begr\u00fc\u00dfen. Neben den Feuerwehrfrauen und -m\u00e4nnern der Jugendfeuerwehr, der Einsatzabteilung, des Tambourkorps und der Ehrenabteilung waren auch der B\u00fcrgermeister der Stadt Brilon, Dr. Christof Bartsch, der 1. Beigeordnete\u2026","rel":"","context":"In &quot;Meldungen 2024&quot;","block_context":{"text":"Meldungen 2024","link":"https:\/\/www.feuerwehr-brilon.de\/?cat=359"},"img":{"alt_text":"","src":"https:\/\/i0.wp.com\/www.feuerwehr-brilon.de\/wp-up\/2024\/02\/Generalversammlung-LZ-Brilon-2024-1.jpg?resize=350%2C200&ssl=1","width":350,"height":200,"srcset":"https:\/\/i0.wp.com\/www.feuerwehr-brilon.de\/wp-up\/2024\/02\/Generalversammlung-LZ-Brilon-2024-1.jpg?resize=350%2C200&ssl=1 1x, https:\/\/i0.wp.com\/www.feuerwehr-brilon.de\/wp-up\/2024\/02\/Generalversammlung-LZ-Brilon-2024-1.jpg?resize=525%2C300&ssl=1 1.5x, https:\/\/i0.wp.com\/www.feuerwehr-brilon.de\/wp-up\/2024\/02\/Generalversammlung-LZ-Brilon-2024-1.jpg?resize=700%2C400&ssl=1 2x"},"classes":[]},{"id":14322,"url":"https:\/\/www.feuerwehr-brilon.de\/?p=14322","url_meta":{"origin":30774,"position":3},"title":"Hauptversammlung des L\u00f6schzug Brilon","author":"Marc Heines","date":"27. Januar 2017","format":false,"excerpt":"Zur Jahreshauptversammlung des L\u00f6schzug Brilon konnte L\u00f6schzugf\u00fchrer Thomas B\u00f6ddicker 120 Mitglieder der vier Abteilungen begr\u00fc\u00dfen. Weiterhin sind B\u00fcrgermeister Dr. Bartsch, 1. Beigeordneter Huxoll, Wehrf\u00fchrer Wolfgang Hillebrand und einige Ratsvertreter der Einladung gefolgt. Eine Jahreshauptversammlung bietet immer die Gelegenheit auf das vergangene Jahr zur\u00fcckzublicken. Die 69 aktiven Mitglieder der Einsatzabteilung wurden\u2026","rel":"","context":"In &quot;Meldungen 2017&quot;","block_context":{"text":"Meldungen 2017","link":"https:\/\/www.feuerwehr-brilon.de\/?cat=206"},"img":{"alt_text":"","src":"https:\/\/i0.wp.com\/www.feuerwehr-brilon.de\/wp-up\/2017\/01\/Befoerderungen_i-150x90.jpg?resize=350%2C200","width":350,"height":200},"classes":[]},{"id":11456,"url":"https:\/\/www.feuerwehr-brilon.de\/?p=11456","url_meta":{"origin":30774,"position":4},"title":"Jahreshauptversammlung des L\u00f6schzug Brilon","author":"Marc Heines","date":"16. Januar 2015","format":false,"excerpt":"Zur Jahreshauptversammlung des L\u00f6schzug Brilon am 09. Januar konnte L\u00f6schzugf\u00fchrer Thomas B\u00f6ddicker wieder \u00fcber hundert Mitglieder begr\u00fc\u00dfen. Als G\u00e4ste waren B\u00fcrgermeister Dr. Christoph Bartsch, Wehrf\u00fchrer Wolfgang Hillebrand und Vertreter aus dem Rat der Stadt Brilon gekommen. In seinem Gru\u00dfwort ging L\u00f6schzugf\u00fchrer B\u00f6ddicker auf den stetigen Wandel in der Feuerwehr ein.\u2026","rel":"","context":"In &quot;Meldungen 2015&quot;","block_context":{"text":"Meldungen 2015","link":"https:\/\/www.feuerwehr-brilon.de\/?cat=192"},"img":{"alt_text":"Ehrungen und Bef\u00f6rderungen 2015i","src":"https:\/\/i0.wp.com\/www.feuerwehr-brilon.de\/wp-up\/2015\/01\/Ehrungen-und-Bef%C3%B6rderungen-2015i-150x112.jpg?resize=350%2C200","width":350,"height":200},"classes":[]},{"id":673,"url":"https:\/\/www.feuerwehr-brilon.de\/?p=673","url_meta":{"origin":30774,"position":5},"title":"Jahreshauptversammlung des L\u00f6schzug Brilon","author":"Marc Heines","date":"9. Januar 2009","format":false,"excerpt":"Der L\u00f6schzug Brilon hat am 09.01. seine Jahreshauptversammlung durchgef\u00fchrt. Dazu konnte L\u00f6schzugf\u00fchrer Thomas B\u00f6ddicker den B\u00fcrgermeister Franz Schrewe, Fachbereichsleiterin Karin Wigge, Ordnungsamtleiter Marcus Bange, stv. Kreisbrandmeister Hubertus Kreft, Wehrf\u00fchrer G\u00fcnther Piasecki und 110 Feuerwehrfrauen und -m\u00e4nner begr\u00fc\u00dfen. Ebenfalls anwesend waren Vertreter der Ratsfraktionen, Herr Malinowski von der CDU, Herr Becker\u2026","rel":"","context":"In &quot;Meldungen 2009&quot;","block_context":{"text":"Meldungen 2009","link":"https:\/\/www.feuerwehr-brilon.de\/?cat=11"},"img":{"alt_text":"v.l. L\u00f6schzugf\u00fchrer Thomas B\u00f6ddicker, stv. L\u00f6schzugf\u00fchrer J\u00fcrgen Mertens, Wehrf\u00fchrer G\u00fcnter Piasecki, Marcus Bange, Hans Josef B\u00f6ddicker, Gerhard Becker, Wolfgang Schreckenberg, Reinhard Wegener, Petra Niggemeyer, Winfried Wiegelmann, Fachbereichsleiterin Karin Wigge, B\u00fcrgermeister Franz Schrewe, stv. Kreisbrandmeister Hubertus Kreft.","src":"https:\/\/i0.wp.com\/www.feuerwehr-brilon.de\/wp-up\/2009\/01\/ehrung-gv-2009i-125x125.jpg?resize=350%2C200","width":350,"height":200},"classes":[]}],"_links":{"self":[{"href":"https:\/\/www.feuerwehr-brilon.de\/index.php?rest_route=\/wp\/v2\/posts\/30774","targetHints":{"allow":["GET"]}}],"collection":[{"href":"https:\/\/www.feuerwehr-brilon.de\/index.php?rest_route=\/wp\/v2\/posts"}],"about":[{"href":"https:\/\/www.feuerwehr-brilon.de\/index.php?rest_route=\/wp\/v2\/types\/post"}],"author":[{"embeddable":true,"href":"https:\/\/www.feuerwehr-brilon.de\/index.php?rest_route=\/wp\/v2\/users\/5"}],"replies":[{"embeddable":true,"href":"https:\/\/www.feuerwehr-brilon.de\/index.php?rest_route=%2Fwp%2Fv2%2Fcomments&post=30774"}],"version-history":[{"count":3,"href":"https:\/\/www.feuerwehr-brilon.de\/index.php?rest_route=\/wp\/v2\/posts\/30774\/revisions"}],"predecessor-version":[{"id":30800,"href":"https:\/\/www.feuerwehr-brilon.de\/index.php?rest_route=\/wp\/v2\/posts\/30774\/revisions\/30800"}],"wp:featuredmedia":[{"embeddable":true,"href":"https:\/\/www.feuerwehr-brilon.de\/index.php?rest_route=\/wp\/v2\/media\/30777"}],"wp:attachment":[{"href":"https:\/\/www.feuerwehr-brilon.de\/index.php?rest_route=%2Fwp%2Fv2%2Fmedia&parent=30774"}],"wp:term":[{"taxonomy":"category","embeddable":true,"href":"https:\/\/www.feuerwehr-brilon.de\/index.php?rest_route=%2Fwp%2Fv2%2Fcategories&post=30774"},{"taxonomy":"post_tag","embeddable":true,"href":"https:\/\/www.feuerwehr-brilon.de\/index.php?rest_route=%2Fwp%2Fv2%2Ftags&post=30774"}],"curies":[{"name":"wp","href":"https:\/\/api.w.org\/{rel}","templated":true}]}}