{"id":30782,"date":"2023-02-21T16:30:40","date_gmt":"2023-02-21T15:30:40","guid":{"rendered":"https:\/\/www.feuerwehr-brilon.de\/?p=30782"},"modified":"2023-02-21T15:36:15","modified_gmt":"2023-02-21T14:36:15","slug":"zimmerbrand-in-brilon","status":"publish","type":"post","link":"https:\/\/www.feuerwehr-brilon.de\/?p=30782","title":{"rendered":"Zimmerbrand in Brilon"},"content":{"rendered":"<p><a href=\"https:\/\/www.feuerwehr-brilon.de\/?p=30782\"><img loading=\"lazy\" decoding=\"async\" src=\"https:\/\/www.feuerwehr-brilon.de\/wp-up\/2023\/02\/20230220-Brilon_KreuzigerMauer-02-150x113.jpg\" alt=\"\" width=\"150\" height=\"113\" class=\"alignleft size-thumbnail wp-image-30787\" srcset=\"https:\/\/www.feuerwehr-brilon.de\/wp-up\/2023\/02\/20230220-Brilon_KreuzigerMauer-02-150x113.jpg 150w, https:\/\/www.feuerwehr-brilon.de\/wp-up\/2023\/02\/20230220-Brilon_KreuzigerMauer-02-500x375.jpg 500w, https:\/\/www.feuerwehr-brilon.de\/wp-up\/2023\/02\/20230220-Brilon_KreuzigerMauer-02.jpg 800w\" sizes=\"auto, (max-width: 150px) 100vw, 150px\" \/><\/a><a title=\"Brilon\" href=\"http:\/\/www.feuerwehr-brilon.de\/?page_id=7\" target=\"_blank\" rel=\"noopener\">Brilon. <\/a> In der Briloner Innenstadt kam es am Montagabend (20.2.) gegen 19.20 Uhr zu einem Zimmerbrand, bei dem zwei Personen verletzt wurden. <!--more--><\/p>\n<p>Die Polizei traf nach Alarmierung zuerst an der Einsatzstelle in der Kreuziger Mauer ein. Zu diesem Zeitpunkt drang bereits dichter Rauch aus Fenstern im Erdgeschoss.<\/p>\n<p>Rasch verschaffte sich ein Polizist \u00fcber ein Fenster Zugang zur verrauchten Wohnung. Dort fand er eine Person, die im Bereich eines brennenden Sofas lag, vor. Umgehend rettete er die Person ins Freie, wo sie dem Rettungsdienst und einer Not\u00e4rztin \u00fcbergeben werden konnte.<\/p>\n<p>F\u00fcr die Feuerwehr galt es nur noch, das Sofa abzul\u00f6schen und die Wohnung zu l\u00fcften.<\/p>\n<p>Sowohl der Bewohner als auch der Polizist mussten mit Verdacht auf eine Rauchgasvergiftung zur Kontrolle ins Krankenhaus.<\/p>\n<p>Der L\u00f6schzug Brilon war zwischenzeitlich mit 25 Einsatzkr\u00e4ften vor Ort. Nach einer knappen Stunde war der Einsatz beendet.<\/p>\n<p>Zur Brandursache und zur Schadensh\u00f6he liegen der Feuerwehr keine Angaben vor.<\/p>\n<p style=\"border-color: #696969; border-width: 2px; border-style: solid; padding: 4px;\"><strong>Eingesetzte Einheiten:<\/strong><br \/>\n<a href=\"http:\/\/www.feuerwehr-brilon.de\/?page_id=7\"><img loading=\"lazy\" decoding=\"async\" class=\"alignnone\" title=\"lz brilon\" src=\"http:\/\/www.feuerwehr-brilon.de\/images\/einsatz_details\/lz_brilon.jpg\" alt=\"\" width=\"110\" height=\"31\" \/><\/a><\/p>\n<p style=\"border-color: #696969; border-width: 2px; border-style: solid; padding: 4px;\"><strong>Eingesetzte Fahrzeuge:<\/strong><br \/>\n<a href=\"http:\/\/www.feuerwehr-brilon.de\/?page_id=749\"><img loading=\"lazy\" decoding=\"async\" class=\"alignnone\" src=\"http:\/\/www.feuerwehr-brilon.de\/images\/einsatz_details\/051101.jpg\" alt=\"\" width=\"110\" height=\"31\" \/><\/a><a href=\"http:\/\/www.feuerwehr-brilon.de\/?page_id=8508\"><img loading=\"lazy\" decoding=\"async\" class=\"alignnone\" src=\"http:\/\/www.feuerwehr-brilon.de\/images\/einsatz_details\/052401.jpg\" alt=\"\" width=\"110\" height=\"31\" \/><\/a><a href=\"http:\/\/www.feuerwehr-brilon.de\/?page_id=803\"><img loading=\"lazy\" decoding=\"async\" class=\"alignnone\" src=\"http:\/\/www.feuerwehr-brilon.de\/images\/einsatz_details\/053301.jpg\" alt=\"\" width=\"110\" height=\"31\" \/><\/a><a href=\"http:\/\/www.feuerwehr-brilon.de\/?page_id=23597\"><img loading=\"lazy\" decoding=\"async\" class=\"alignnone\" src=\"http:\/\/www.feuerwehr-brilon.de\/images\/einsatz_details\/054401.jpg\" alt=\"\" width=\"110\" height=\"31\" \/><\/a><a href=\"http:\/\/www.feuerwehr-brilon.de\/?page_id=13962\"><img loading=\"lazy\" decoding=\"async\" class=\"alignnone\" src=\"http:\/\/www.feuerwehr-brilon.de\/images\/einsatz_details\/054601.jpg\" alt=\"\" width=\"110\" height=\"31\" \/><\/a><\/p>\n<p><strong>Bilder:<\/strong><br \/>\n<a rel=\"lightbox\" href=\"https:\/\/www.feuerwehr-brilon.de\/wp-up\/2023\/02\/20230220-Brilon_KreuzigerMauer-02.jpg\"><img loading=\"lazy\" decoding=\"async\" src=\"https:\/\/www.feuerwehr-brilon.de\/wp-up\/2023\/02\/20230220-Brilon_KreuzigerMauer-02-150x113.jpg\" alt=\"\" width=\"150\" height=\"113\" class=\"alignnone size-thumbnail wp-image-30787\" srcset=\"https:\/\/www.feuerwehr-brilon.de\/wp-up\/2023\/02\/20230220-Brilon_KreuzigerMauer-02-150x113.jpg 150w, https:\/\/www.feuerwehr-brilon.de\/wp-up\/2023\/02\/20230220-Brilon_KreuzigerMauer-02-500x375.jpg 500w, https:\/\/www.feuerwehr-brilon.de\/wp-up\/2023\/02\/20230220-Brilon_KreuzigerMauer-02.jpg 800w\" sizes=\"auto, (max-width: 150px) 100vw, 150px\" \/><\/a><a rel=\"lightbox\" href=\"https:\/\/www.feuerwehr-brilon.de\/wp-up\/2023\/02\/20230220-Brilon_KreuzigerMauer-01.jpg\"><img loading=\"lazy\" decoding=\"async\" src=\"https:\/\/www.feuerwehr-brilon.de\/wp-up\/2023\/02\/20230220-Brilon_KreuzigerMauer-01-150x113.jpg\" alt=\"\" width=\"150\" height=\"113\" class=\"alignnone size-thumbnail wp-image-30788\" srcset=\"https:\/\/www.feuerwehr-brilon.de\/wp-up\/2023\/02\/20230220-Brilon_KreuzigerMauer-01-150x113.jpg 150w, https:\/\/www.feuerwehr-brilon.de\/wp-up\/2023\/02\/20230220-Brilon_KreuzigerMauer-01-500x375.jpg 500w, https:\/\/www.feuerwehr-brilon.de\/wp-up\/2023\/02\/20230220-Brilon_KreuzigerMauer-01.jpg 800w\" sizes=\"auto, (max-width: 150px) 100vw, 150px\" \/><\/a><\/p>\n","protected":false},"excerpt":{"rendered":"<p>Brilon. In der Briloner Innenstadt kam es am Montagabend (20.2.) gegen 19.20 Uhr zu einem Zimmerbrand, bei dem zwei Personen verletzt wurden.<\/p>\n","protected":false},"author":8,"featured_media":30788,"comment_status":"closed","ping_status":"closed","sticky":false,"template":"","format":"standard","meta":{"_exactmetrics_skip_tracking":false,"_exactmetrics_sitenote_active":false,"_exactmetrics_sitenote_note":"","_exactmetrics_sitenote_category":0,"jetpack_post_was_ever_published":false,"_jetpack_newsletter_access":"","_jetpack_dont_email_post_to_subs":false,"_jetpack_newsletter_tier_id":0,"_jetpack_memberships_contains_paywalled_content":false,"_jetpack_memberships_contains_paid_content":false,"footnotes":""},"categories":[335],"tags":[197,37,44,52,239,204,178],"class_list":["post-30782","post","type-post","status-publish","format-standard","has-post-thumbnail","hentry","category-einsatze-2023","tag-brand","tag-brilon","tag-dl-2312-gl","tag-elw","tag-hlf-20","tag-lf20kats","tag-tlf-4000"],"jetpack_featured_media_url":"https:\/\/www.feuerwehr-brilon.de\/wp-up\/2023\/02\/20230220-Brilon_KreuzigerMauer-01.jpg","jetpack_shortlink":"https:\/\/wp.me\/pCIJa-80u","jetpack_sharing_enabled":true,"jetpack-related-posts":[{"id":32347,"url":"https:\/\/www.feuerwehr-brilon.de\/?p=32347","url_meta":{"origin":30782,"position":0},"title":"Gemeldeter Zimmerbrand in Brilon","author":"Andreas Becker","date":"7. Mai 2024","format":false,"excerpt":"Brilon. In der Nacht auf Dienstag (7.5.) wurden Feuerwehr, Rettungsdienst und Polizei zu einem Zimmerbrand in die Springstra\u00dfe in Brilon alarmiert. Ein Nachbar der betroffenen Wohnung hatte gegen halb eins das Piepsen eines Rauchmelders geh\u00f6rt. Die alarmierten Einsatzkr\u00e4fte konnte schnell herausfinden, dass angebranntes Essen die Ursache f\u00fcr die Ausl\u00f6sung des\u2026","rel":"","context":"In &quot;Eins\u00e4tze 2024&quot;","block_context":{"text":"Eins\u00e4tze 2024","link":"https:\/\/www.feuerwehr-brilon.de\/?cat=360"},"img":{"alt_text":"","src":"https:\/\/i0.wp.com\/www.feuerwehr-brilon.de\/wp-up\/2024\/05\/IMG_7079_FB.jpg?resize=350%2C200&ssl=1","width":350,"height":200,"srcset":"https:\/\/i0.wp.com\/www.feuerwehr-brilon.de\/wp-up\/2024\/05\/IMG_7079_FB.jpg?resize=350%2C200&ssl=1 1x, https:\/\/i0.wp.com\/www.feuerwehr-brilon.de\/wp-up\/2024\/05\/IMG_7079_FB.jpg?resize=525%2C300&ssl=1 1.5x, https:\/\/i0.wp.com\/www.feuerwehr-brilon.de\/wp-up\/2024\/05\/IMG_7079_FB.jpg?resize=700%2C400&ssl=1 2x, https:\/\/i0.wp.com\/www.feuerwehr-brilon.de\/wp-up\/2024\/05\/IMG_7079_FB.jpg?resize=1050%2C600&ssl=1 3x"},"classes":[]},{"id":5105,"url":"https:\/\/www.feuerwehr-brilon.de\/?p=5105","url_meta":{"origin":30782,"position":1},"title":"Zimmerbrand im Frankenweg","author":"Andreas Becker","date":"12. Juni 2011","format":false,"excerpt":"Am Pfingstsonntag gegen 14:30 Uhr wurde der L\u00f6schzug Brilon zu einem Zimmerbrand gerufen. Da die Bewohner nicht zugegen waren, musste die Wohnungst\u00fcr gewaltsam ge\u00f6ffnet werden. Es stellte sich heraus, dass der Schwelbrand schon selbstst\u00e4ndig erloschen war. Die Wohnung wurde bel\u00fcftet und wieder ordnungsgem\u00e4\u00df verschlossen. \u00dcber Ursache und H\u00f6he des Schadens\u2026","rel":"","context":"In &quot;Eins\u00e4tze 2011&quot;","block_context":{"text":"Eins\u00e4tze 2011","link":"https:\/\/www.feuerwehr-brilon.de\/?cat=132"},"img":{"alt_text":"","src":"https:\/\/i0.wp.com\/www.feuerwehr-brilon.de\/images\/einsatz_details\/lz_brilon.jpg?resize=350%2C200","width":350,"height":200},"classes":[]},{"id":23804,"url":"https:\/\/www.feuerwehr-brilon.de\/?p=23804","url_meta":{"origin":30782,"position":2},"title":"Zimmerbrand im Sintfeldweg","author":"Andreas Becker","date":"1. Oktober 2021","format":false,"excerpt":"Brilon. Am Freitagnachmittag (1.10.) kam es in Brilon zu einem K\u00fcchenbrand. Um 14.39 Uhr wurde der L\u00f6schzug Brilon zusammen mit Rettungsdienst und Polizei in den Sintfeldweg alarmiert. Bei Eintreffen der Au\u00dfenwache, die vom Nehdener Weg eine recht kurze Anfahrt hatte, standen alle Bewohner des Hauses bereits vor dem Geb\u00e4ude. Umgehend\u2026","rel":"","context":"In &quot;Eins\u00e4tze 2021&quot;","block_context":{"text":"Eins\u00e4tze 2021","link":"https:\/\/www.feuerwehr-brilon.de\/?cat=265"},"img":{"alt_text":"","src":"https:\/\/i0.wp.com\/www.feuerwehr-brilon.de\/wp-up\/2021\/10\/211001_Kueche_Sintfeldweg_01_.jpg?resize=350%2C200&ssl=1","width":350,"height":200,"srcset":"https:\/\/i0.wp.com\/www.feuerwehr-brilon.de\/wp-up\/2021\/10\/211001_Kueche_Sintfeldweg_01_.jpg?resize=350%2C200&ssl=1 1x, https:\/\/i0.wp.com\/www.feuerwehr-brilon.de\/wp-up\/2021\/10\/211001_Kueche_Sintfeldweg_01_.jpg?resize=525%2C300&ssl=1 1.5x, https:\/\/i0.wp.com\/www.feuerwehr-brilon.de\/wp-up\/2021\/10\/211001_Kueche_Sintfeldweg_01_.jpg?resize=700%2C400&ssl=1 2x"},"classes":[]},{"id":3183,"url":"https:\/\/www.feuerwehr-brilon.de\/?p=3183","url_meta":{"origin":30782,"position":3},"title":"Zimmerbrand in der M\u00f6hnestra\u00dfe","author":"Marc Heines","date":"31. Oktober 2010","format":false,"excerpt":"Die Feuerwehr Brilon wurde am 31.10.3010 kurz nach 11:00 Uhr zu einem Zimmerbrand alarmiert. In einem Wohnhaus an der M\u00f6hnestra\u00dfe in Brilon entdeckte eine Bewohnerin, dass Rauch aus dem Wohnzimmerschrank kam. Beim \u00f6ffnen der Schrankt\u00fcr schlugen der Mutter schon Flammen entgegen. Eigene L\u00f6schversuche schlugen fehl. Sie schloss die Schrankt\u00fcr und\u2026","rel":"","context":"In &quot;Eins\u00e4tze 2010&quot;","block_context":{"text":"Eins\u00e4tze 2010","link":"https:\/\/www.feuerwehr-brilon.de\/?cat=33"},"img":{"alt_text":"","src":"https:\/\/i0.wp.com\/www.feuerwehr-brilon.de\/wp-up\/2010\/10\/Brandeinsatz_moehnestr0031-150x112.jpg?resize=350%2C200&ssl=1","width":350,"height":200},"classes":[]},{"id":24315,"url":"https:\/\/www.feuerwehr-brilon.de\/?p=24315","url_meta":{"origin":30782,"position":4},"title":"Brandeinsatz in der Antoniusstra\u00dfe","author":"Andreas Becker","date":"20. M\u00e4rz 2022","format":false,"excerpt":"Brilon. Am Samstag (19.3.) wurde die Feuerwehr Brilon zu einem Zimmerbrand in der Antoniusstra\u00dfe alarmiert. In einem Mehrfamilienhaus war gegen 16.40 Uhr ein Feuer ausgebrochen. Da die Einsatzstelle in unmittelbarer N\u00e4he zum Feuerwehrger\u00e4tehaus lag, konnte bereits beim Ausr\u00fccken eine starke Rauchentwicklung festgestellt werden. Vor Eintreffen der Feuerwehr hatten Nachbarn bereits\u2026","rel":"","context":"In &quot;Eins\u00e4tze 2022&quot;","block_context":{"text":"Eins\u00e4tze 2022","link":"https:\/\/www.feuerwehr-brilon.de\/?cat=288"},"img":{"alt_text":"","src":"https:\/\/i0.wp.com\/www.feuerwehr-brilon.de\/wp-up\/2022\/03\/220320_Antoniusstr-b_6639_.jpg?resize=350%2C200&ssl=1","width":350,"height":200},"classes":[]},{"id":6723,"url":"https:\/\/www.feuerwehr-brilon.de\/?p=6723","url_meta":{"origin":30782,"position":5},"title":"Geb\u00e4udebrand in der Nikolaistra\u00dfe","author":"Marc Heines","date":"9. Mai 2012","format":false,"excerpt":"Die Briloner Feuerwehr hat in der Nacht zu Mittwoch um 00.12 Uhr einen Geb\u00e4udebrand in die Nikolaistra\u00dfe bek\u00e4mpft. Bei dem Brand kam eine Person ums Leben, f\u00fcnf weitere wurden mit Verdacht auf Rauchgasvergiftung ins Krankenhaus eingeliefert. In dem zweiteiligen Geb\u00e4udekomplex wurde zun\u00e4chst ein Zimmerbrand gemeldet. Bei Eintreffen der Rettungskr\u00e4fte brannte\u2026","rel":"","context":"In &quot;Eins\u00e4tze 2012&quot;","block_context":{"text":"Eins\u00e4tze 2012","link":"https:\/\/www.feuerwehr-brilon.de\/?cat=171"},"img":{"alt_text":"","src":"https:\/\/i0.wp.com\/www.feuerwehr-brilon.de\/wp-up\/2012\/05\/lage_i-129x150.jpg?resize=350%2C200&ssl=1","width":350,"height":200},"classes":[]}],"_links":{"self":[{"href":"https:\/\/www.feuerwehr-brilon.de\/index.php?rest_route=\/wp\/v2\/posts\/30782","targetHints":{"allow":["GET"]}}],"collection":[{"href":"https:\/\/www.feuerwehr-brilon.de\/index.php?rest_route=\/wp\/v2\/posts"}],"about":[{"href":"https:\/\/www.feuerwehr-brilon.de\/index.php?rest_route=\/wp\/v2\/types\/post"}],"author":[{"embeddable":true,"href":"https:\/\/www.feuerwehr-brilon.de\/index.php?rest_route=\/wp\/v2\/users\/8"}],"replies":[{"embeddable":true,"href":"https:\/\/www.feuerwehr-brilon.de\/index.php?rest_route=%2Fwp%2Fv2%2Fcomments&post=30782"}],"version-history":[{"count":4,"href":"https:\/\/www.feuerwehr-brilon.de\/index.php?rest_route=\/wp\/v2\/posts\/30782\/revisions"}],"predecessor-version":[{"id":30808,"href":"https:\/\/www.feuerwehr-brilon.de\/index.php?rest_route=\/wp\/v2\/posts\/30782\/revisions\/30808"}],"wp:featuredmedia":[{"embeddable":true,"href":"https:\/\/www.feuerwehr-brilon.de\/index.php?rest_route=\/wp\/v2\/media\/30788"}],"wp:attachment":[{"href":"https:\/\/www.feuerwehr-brilon.de\/index.php?rest_route=%2Fwp%2Fv2%2Fmedia&parent=30782"}],"wp:term":[{"taxonomy":"category","embeddable":true,"href":"https:\/\/www.feuerwehr-brilon.de\/index.php?rest_route=%2Fwp%2Fv2%2Fcategories&post=30782"},{"taxonomy":"post_tag","embeddable":true,"href":"https:\/\/www.feuerwehr-brilon.de\/index.php?rest_route=%2Fwp%2Fv2%2Ftags&post=30782"}],"curies":[{"name":"wp","href":"https:\/\/api.w.org\/{rel}","templated":true}]}}