{"id":30820,"date":"2023-03-02T19:51:33","date_gmt":"2023-03-02T18:51:33","guid":{"rendered":"https:\/\/www.feuerwehr-brilon.de\/?p=30820"},"modified":"2023-03-02T19:51:33","modified_gmt":"2023-03-02T18:51:33","slug":"einsatz-720","status":"publish","type":"post","link":"https:\/\/www.feuerwehr-brilon.de\/?p=30820","title":{"rendered":"+++ Einsatz +++"},"content":{"rendered":"<p>01.03. 05:56Uhr, Hilfeleistung, H0 T\u00fcr, Brilon, Hoppecker Str., T\u00fcr\u00f6ffnung<\/p>\n","protected":false},"excerpt":{"rendered":"<p>01.03. 05:56Uhr, Hilfeleistung, H0 T\u00fcr, Brilon, Hoppecker Str., T\u00fcr\u00f6ffnung<\/p>\n","protected":false},"author":8,"featured_media":30821,"comment_status":"closed","ping_status":"closed","sticky":false,"template":"","format":"standard","meta":{"_exactmetrics_skip_tracking":false,"_exactmetrics_sitenote_active":false,"_exactmetrics_sitenote_note":"","_exactmetrics_sitenote_category":0,"jetpack_post_was_ever_published":false,"_jetpack_newsletter_access":"","_jetpack_dont_email_post_to_subs":false,"_jetpack_newsletter_tier_id":0,"_jetpack_memberships_contains_paywalled_content":false,"_jetpack_memberships_contains_paid_content":false,"footnotes":""},"categories":[102],"tags":[],"class_list":["post-30820","post","type-post","status-publish","format-standard","has-post-thumbnail","hentry","category-alarmierungen"],"jetpack_featured_media_url":"https:\/\/www.feuerwehr-brilon.de\/wp-up\/2023\/03\/20230301-IMG_9072.jpg","jetpack_shortlink":"https:\/\/wp.me\/pCIJa-816","jetpack_sharing_enabled":true,"jetpack-related-posts":[{"id":31591,"url":"https:\/\/www.feuerwehr-brilon.de\/?p=31591","url_meta":{"origin":30820,"position":0},"title":"+++ Einsatz +++","author":"Andreas Becker","date":"19. Oktober 2023","format":false,"excerpt":"19.10. 00:57Uhr, Hilfeleistung, H0 T\u00fcr, Brilon, Hoppecker Str., T\u00fcr\u00f6ffnung","rel":"","context":"In &quot;Alarmierungen&quot;","block_context":{"text":"Alarmierungen","link":"https:\/\/www.feuerwehr-brilon.de\/?cat=102"},"img":{"alt_text":"","src":"https:\/\/i0.wp.com\/www.feuerwehr-brilon.de\/wp-up\/2022\/09\/sym_tuer.jpg?resize=350%2C200&ssl=1","width":350,"height":200,"srcset":"https:\/\/i0.wp.com\/www.feuerwehr-brilon.de\/wp-up\/2022\/09\/sym_tuer.jpg?resize=350%2C200&ssl=1 1x, https:\/\/i0.wp.com\/www.feuerwehr-brilon.de\/wp-up\/2022\/09\/sym_tuer.jpg?resize=525%2C300&ssl=1 1.5x, https:\/\/i0.wp.com\/www.feuerwehr-brilon.de\/wp-up\/2022\/09\/sym_tuer.jpg?resize=700%2C400&ssl=1 2x"},"classes":[]},{"id":22553,"url":"https:\/\/www.feuerwehr-brilon.de\/?p=22553","url_meta":{"origin":30820,"position":1},"title":"+++ Einsatz +++","author":"Andreas Becker","date":"19. Juni 2020","format":false,"excerpt":"19.06. 06:56Uhr, Hilfeleistung, H0 T\u00fcr, Brilon, Glockengie\u00dferweg, T\u00fcr\u00f6ffnung","rel":"","context":"In &quot;Alarmierungen&quot;","block_context":{"text":"Alarmierungen","link":"https:\/\/www.feuerwehr-brilon.de\/?cat=102"},"img":{"alt_text":"","src":"https:\/\/i0.wp.com\/www.feuerwehr-brilon.de\/wp-up\/2020\/02\/Tueroeffnung.jpg?resize=350%2C200&ssl=1","width":350,"height":200,"srcset":"https:\/\/i0.wp.com\/www.feuerwehr-brilon.de\/wp-up\/2020\/02\/Tueroeffnung.jpg?resize=350%2C200&ssl=1 1x, https:\/\/i0.wp.com\/www.feuerwehr-brilon.de\/wp-up\/2020\/02\/Tueroeffnung.jpg?resize=525%2C300&ssl=1 1.5x"},"classes":[]},{"id":23196,"url":"https:\/\/www.feuerwehr-brilon.de\/?p=23196","url_meta":{"origin":30820,"position":2},"title":"+++ Einsatz +++","author":"Andreas Becker","date":"13. Februar 2021","format":false,"excerpt":"13.02. 06:56Uhr, Hilfeleistung, H0 T\u00fcr, Brilon, Strackestra\u00dfe, T\u00fcr\u00f6ffnung","rel":"","context":"In &quot;Alarmierungen&quot;","block_context":{"text":"Alarmierungen","link":"https:\/\/www.feuerwehr-brilon.de\/?cat=102"},"img":{"alt_text":"","src":"https:\/\/i0.wp.com\/www.feuerwehr-brilon.de\/wp-up\/2020\/08\/Tueroeffnung.jpg?resize=350%2C200&ssl=1","width":350,"height":200,"srcset":"https:\/\/i0.wp.com\/www.feuerwehr-brilon.de\/wp-up\/2020\/08\/Tueroeffnung.jpg?resize=350%2C200&ssl=1 1x, https:\/\/i0.wp.com\/www.feuerwehr-brilon.de\/wp-up\/2020\/08\/Tueroeffnung.jpg?resize=525%2C300&ssl=1 1.5x, https:\/\/i0.wp.com\/www.feuerwehr-brilon.de\/wp-up\/2020\/08\/Tueroeffnung.jpg?resize=700%2C400&ssl=1 2x"},"classes":[]},{"id":23688,"url":"https:\/\/www.feuerwehr-brilon.de\/?p=23688","url_meta":{"origin":30820,"position":3},"title":"+++ Einsatz +++","author":"Andreas Becker","date":"3. August 2021","format":false,"excerpt":"03.08. 03:56Uhr, Hilfeleistung, H0 T\u00fcr, Madfeld, Margarethenh\u00f6he, T\u00fcr\u00f6ffnung","rel":"","context":"In &quot;Alarmierungen&quot;","block_context":{"text":"Alarmierungen","link":"https:\/\/www.feuerwehr-brilon.de\/?cat=102"},"img":{"alt_text":"","src":"https:\/\/i0.wp.com\/www.feuerwehr-brilon.de\/wp-up\/2020\/08\/Tueroeffnung.jpg?resize=350%2C200&ssl=1","width":350,"height":200,"srcset":"https:\/\/i0.wp.com\/www.feuerwehr-brilon.de\/wp-up\/2020\/08\/Tueroeffnung.jpg?resize=350%2C200&ssl=1 1x, https:\/\/i0.wp.com\/www.feuerwehr-brilon.de\/wp-up\/2020\/08\/Tueroeffnung.jpg?resize=525%2C300&ssl=1 1.5x, https:\/\/i0.wp.com\/www.feuerwehr-brilon.de\/wp-up\/2020\/08\/Tueroeffnung.jpg?resize=700%2C400&ssl=1 2x"},"classes":[]},{"id":33312,"url":"https:\/\/www.feuerwehr-brilon.de\/?p=33312","url_meta":{"origin":30820,"position":4},"title":"+++ Einsatz +++","author":"Andreas Becker","date":"22. M\u00e4rz 2025","format":false,"excerpt":"21.03. 21:57Uhr, Hilfeleistung, H0 T\u00fcr, Brilon, Altenb\u00fcrener Str., T\u00fcr\u00f6ffnung","rel":"","context":"In &quot;Alarmierungen&quot;","block_context":{"text":"Alarmierungen","link":"https:\/\/www.feuerwehr-brilon.de\/?cat=102"},"img":{"alt_text":"","src":"","width":0,"height":0},"classes":[]},{"id":33314,"url":"https:\/\/www.feuerwehr-brilon.de\/?p=33314","url_meta":{"origin":30820,"position":5},"title":"+++ Einsatz +++","author":"Andreas Becker","date":"22. M\u00e4rz 2025","format":false,"excerpt":"22.03. 03:27Uhr, Hilfeleistung, H0 T\u00fcr, Brilon, Altenb\u00fcrener Str., T\u00fcr\u00f6ffnung","rel":"","context":"In &quot;Alarmierungen&quot;","block_context":{"text":"Alarmierungen","link":"https:\/\/www.feuerwehr-brilon.de\/?cat=102"},"img":{"alt_text":"","src":"","width":0,"height":0},"classes":[]}],"_links":{"self":[{"href":"https:\/\/www.feuerwehr-brilon.de\/index.php?rest_route=\/wp\/v2\/posts\/30820","targetHints":{"allow":["GET"]}}],"collection":[{"href":"https:\/\/www.feuerwehr-brilon.de\/index.php?rest_route=\/wp\/v2\/posts"}],"about":[{"href":"https:\/\/www.feuerwehr-brilon.de\/index.php?rest_route=\/wp\/v2\/types\/post"}],"author":[{"embeddable":true,"href":"https:\/\/www.feuerwehr-brilon.de\/index.php?rest_route=\/wp\/v2\/users\/8"}],"replies":[{"embeddable":true,"href":"https:\/\/www.feuerwehr-brilon.de\/index.php?rest_route=%2Fwp%2Fv2%2Fcomments&post=30820"}],"version-history":[{"count":1,"href":"https:\/\/www.feuerwehr-brilon.de\/index.php?rest_route=\/wp\/v2\/posts\/30820\/revisions"}],"predecessor-version":[{"id":30822,"href":"https:\/\/www.feuerwehr-brilon.de\/index.php?rest_route=\/wp\/v2\/posts\/30820\/revisions\/30822"}],"wp:featuredmedia":[{"embeddable":true,"href":"https:\/\/www.feuerwehr-brilon.de\/index.php?rest_route=\/wp\/v2\/media\/30821"}],"wp:attachment":[{"href":"https:\/\/www.feuerwehr-brilon.de\/index.php?rest_route=%2Fwp%2Fv2%2Fmedia&parent=30820"}],"wp:term":[{"taxonomy":"category","embeddable":true,"href":"https:\/\/www.feuerwehr-brilon.de\/index.php?rest_route=%2Fwp%2Fv2%2Fcategories&post=30820"},{"taxonomy":"post_tag","embeddable":true,"href":"https:\/\/www.feuerwehr-brilon.de\/index.php?rest_route=%2Fwp%2Fv2%2Ftags&post=30820"}],"curies":[{"name":"wp","href":"https:\/\/api.w.org\/{rel}","templated":true}]}}