{"id":30825,"date":"2023-03-02T19:53:27","date_gmt":"2023-03-02T18:53:27","guid":{"rendered":"https:\/\/www.feuerwehr-brilon.de\/?p=30825"},"modified":"2023-03-02T19:53:27","modified_gmt":"2023-03-02T18:53:27","slug":"einsatz-722","status":"publish","type":"post","link":"https:\/\/www.feuerwehr-brilon.de\/?p=30825","title":{"rendered":"+++ Einsatz +++"},"content":{"rendered":"<p>02.03. 16:26Uhr, Hilfeleistung, H0 \u00d6lspur, Brilon, Heinrich-Jansen-Weg, \u00d6lspur<\/p>\n","protected":false},"excerpt":{"rendered":"<p>02.03. 16:26Uhr, Hilfeleistung, H0 \u00d6lspur, Brilon, Heinrich-Jansen-Weg, \u00d6lspur<\/p>\n","protected":false},"author":8,"featured_media":30281,"comment_status":"closed","ping_status":"closed","sticky":false,"template":"","format":"standard","meta":{"_exactmetrics_skip_tracking":false,"_exactmetrics_sitenote_active":false,"_exactmetrics_sitenote_note":"","_exactmetrics_sitenote_category":0,"jetpack_post_was_ever_published":false,"_jetpack_newsletter_access":"","_jetpack_dont_email_post_to_subs":false,"_jetpack_newsletter_tier_id":0,"_jetpack_memberships_contains_paywalled_content":false,"_jetpack_memberships_contains_paid_content":false,"footnotes":""},"categories":[102],"tags":[],"class_list":["post-30825","post","type-post","status-publish","format-standard","has-post-thumbnail","hentry","category-alarmierungen"],"jetpack_featured_media_url":"https:\/\/www.feuerwehr-brilon.de\/wp-up\/2022\/10\/sym_Oelspur_.jpg","jetpack_shortlink":"https:\/\/wp.me\/pCIJa-81b","jetpack_sharing_enabled":true,"jetpack-related-posts":[{"id":33622,"url":"https:\/\/www.feuerwehr-brilon.de\/?p=33622","url_meta":{"origin":30825,"position":0},"title":"+++ Einsatz +++","author":"Andreas Becker","date":"2. August 2025","format":false,"excerpt":"01.08. 14:26Uhr, Hilfeleistung, H0 \u00d6lspur, Brilon, M\u00f6hnestra\u00dfe, \u00d6lspur","rel":"","context":"In &quot;Alarmierungen&quot;","block_context":{"text":"Alarmierungen","link":"https:\/\/www.feuerwehr-brilon.de\/?cat=102"},"img":{"alt_text":"","src":"","width":0,"height":0},"classes":[]},{"id":33876,"url":"https:\/\/www.feuerwehr-brilon.de\/?p=33876","url_meta":{"origin":30825,"position":1},"title":"+++ Einsatz +++","author":"Andreas Becker","date":"10. Oktober 2025","format":false,"excerpt":"08.10. 08:21Uhr, Hilfeleistung, H0 \u00d6lspur, Brilon, Lederker Weg, \u00d6lspur","rel":"","context":"In &quot;Alarmierungen&quot;","block_context":{"text":"Alarmierungen","link":"https:\/\/www.feuerwehr-brilon.de\/?cat=102"},"img":{"alt_text":"","src":"","width":0,"height":0},"classes":[]},{"id":22845,"url":"https:\/\/www.feuerwehr-brilon.de\/?p=22845","url_meta":{"origin":30825,"position":2},"title":"+++ Einsatz +++","author":"Andreas Becker","date":"29. September 2020","format":false,"excerpt":"29.09. 17:45Uhr, Hilfeleistung, H0 \u00d6lspur, Brilon, Nehdener Weg, \u00d6lspur","rel":"","context":"In &quot;Alarmierungen&quot;","block_context":{"text":"Alarmierungen","link":"https:\/\/www.feuerwehr-brilon.de\/?cat=102"},"img":{"alt_text":"","src":"https:\/\/i0.wp.com\/www.feuerwehr-brilon.de\/wp-up\/2020\/09\/200929_Oelspur.jpg?resize=350%2C200&ssl=1","width":350,"height":200,"srcset":"https:\/\/i0.wp.com\/www.feuerwehr-brilon.de\/wp-up\/2020\/09\/200929_Oelspur.jpg?resize=350%2C200&ssl=1 1x, https:\/\/i0.wp.com\/www.feuerwehr-brilon.de\/wp-up\/2020\/09\/200929_Oelspur.jpg?resize=525%2C300&ssl=1 1.5x, https:\/\/i0.wp.com\/www.feuerwehr-brilon.de\/wp-up\/2020\/09\/200929_Oelspur.jpg?resize=700%2C400&ssl=1 2x, https:\/\/i0.wp.com\/www.feuerwehr-brilon.de\/wp-up\/2020\/09\/200929_Oelspur.jpg?resize=1050%2C600&ssl=1 3x"},"classes":[]},{"id":31502,"url":"https:\/\/www.feuerwehr-brilon.de\/?p=31502","url_meta":{"origin":30825,"position":3},"title":"+++ Einsatz +++","author":"Andreas Becker","date":"6. September 2023","format":false,"excerpt":"05.09. 16:07Uhr, Hilfeleistung, H0 \u00d6lspur, Brilon, Christine-Koch-Weg, 10qm \u00d6lfleck","rel":"","context":"In &quot;Alarmierungen&quot;","block_context":{"text":"Alarmierungen","link":"https:\/\/www.feuerwehr-brilon.de\/?cat=102"},"img":{"alt_text":"","src":"https:\/\/i0.wp.com\/www.feuerwehr-brilon.de\/wp-up\/2023\/03\/sym_sign.jpg?resize=350%2C200&ssl=1","width":350,"height":200,"srcset":"https:\/\/i0.wp.com\/www.feuerwehr-brilon.de\/wp-up\/2023\/03\/sym_sign.jpg?resize=350%2C200&ssl=1 1x, https:\/\/i0.wp.com\/www.feuerwehr-brilon.de\/wp-up\/2023\/03\/sym_sign.jpg?resize=525%2C300&ssl=1 1.5x, https:\/\/i0.wp.com\/www.feuerwehr-brilon.de\/wp-up\/2023\/03\/sym_sign.jpg?resize=700%2C400&ssl=1 2x"},"classes":[]},{"id":21777,"url":"https:\/\/www.feuerwehr-brilon.de\/?p=21777","url_meta":{"origin":30825,"position":4},"title":"21.09. 13:26Uhr, Hilfeleistung, H0 \u00d6lspur,\u2026","author":"Andreas Becker","date":"22. September 2019","format":false,"excerpt":"21.09. 13:26Uhr, Hilfeleistung, H0 \u00d6lspur, Th\u00fclen, B7, \u00d6lspur","rel":"","context":"In &quot;Alarmierungen&quot;","block_context":{"text":"Alarmierungen","link":"https:\/\/www.feuerwehr-brilon.de\/?cat=102"},"img":{"alt_text":"","src":"","width":0,"height":0},"classes":[]},{"id":29815,"url":"https:\/\/www.feuerwehr-brilon.de\/?p=29815","url_meta":{"origin":30825,"position":5},"title":"+++ Einsatz +++","author":"Andreas Becker","date":"24. Mai 2022","format":false,"excerpt":"24.05. 16:30Uhr, Hilfeleistung, H0 \u00d6lspur, Brilon, M\u00f6hnestra\u00dfe, \u00d6lspur","rel":"","context":"In &quot;Alarmierungen&quot;","block_context":{"text":"Alarmierungen","link":"https:\/\/www.feuerwehr-brilon.de\/?cat=102"},"img":{"alt_text":"","src":"https:\/\/i0.wp.com\/www.feuerwehr-brilon.de\/wp-up\/2020\/02\/Oelspur.jpg?resize=350%2C200&ssl=1","width":350,"height":200,"srcset":"https:\/\/i0.wp.com\/www.feuerwehr-brilon.de\/wp-up\/2020\/02\/Oelspur.jpg?resize=350%2C200&ssl=1 1x, https:\/\/i0.wp.com\/www.feuerwehr-brilon.de\/wp-up\/2020\/02\/Oelspur.jpg?resize=525%2C300&ssl=1 1.5x"},"classes":[]}],"_links":{"self":[{"href":"https:\/\/www.feuerwehr-brilon.de\/index.php?rest_route=\/wp\/v2\/posts\/30825","targetHints":{"allow":["GET"]}}],"collection":[{"href":"https:\/\/www.feuerwehr-brilon.de\/index.php?rest_route=\/wp\/v2\/posts"}],"about":[{"href":"https:\/\/www.feuerwehr-brilon.de\/index.php?rest_route=\/wp\/v2\/types\/post"}],"author":[{"embeddable":true,"href":"https:\/\/www.feuerwehr-brilon.de\/index.php?rest_route=\/wp\/v2\/users\/8"}],"replies":[{"embeddable":true,"href":"https:\/\/www.feuerwehr-brilon.de\/index.php?rest_route=%2Fwp%2Fv2%2Fcomments&post=30825"}],"version-history":[{"count":1,"href":"https:\/\/www.feuerwehr-brilon.de\/index.php?rest_route=\/wp\/v2\/posts\/30825\/revisions"}],"predecessor-version":[{"id":30826,"href":"https:\/\/www.feuerwehr-brilon.de\/index.php?rest_route=\/wp\/v2\/posts\/30825\/revisions\/30826"}],"wp:featuredmedia":[{"embeddable":true,"href":"https:\/\/www.feuerwehr-brilon.de\/index.php?rest_route=\/wp\/v2\/media\/30281"}],"wp:attachment":[{"href":"https:\/\/www.feuerwehr-brilon.de\/index.php?rest_route=%2Fwp%2Fv2%2Fmedia&parent=30825"}],"wp:term":[{"taxonomy":"category","embeddable":true,"href":"https:\/\/www.feuerwehr-brilon.de\/index.php?rest_route=%2Fwp%2Fv2%2Fcategories&post=30825"},{"taxonomy":"post_tag","embeddable":true,"href":"https:\/\/www.feuerwehr-brilon.de\/index.php?rest_route=%2Fwp%2Fv2%2Ftags&post=30825"}],"curies":[{"name":"wp","href":"https:\/\/api.w.org\/{rel}","templated":true}]}}