{"id":30838,"date":"2023-03-05T00:21:38","date_gmt":"2023-03-04T23:21:38","guid":{"rendered":"https:\/\/www.feuerwehr-brilon.de\/?p=30838"},"modified":"2023-03-05T00:21:38","modified_gmt":"2023-03-04T23:21:38","slug":"einsatz-723","status":"publish","type":"post","link":"https:\/\/www.feuerwehr-brilon.de\/?p=30838","title":{"rendered":"+++ Einsatz +++"},"content":{"rendered":"<p>04.03. 14:38Uhr, Hilfeleistung, H0 \u00d6lspur, Alme, B480, ausl. Betriebsmittel nach VU<\/p>\n","protected":false},"excerpt":{"rendered":"<p>04.03. 14:38Uhr, Hilfeleistung, H0 \u00d6lspur, Alme, B480, ausl. Betriebsmittel nach VU<\/p>\n","protected":false},"author":8,"featured_media":30506,"comment_status":"closed","ping_status":"closed","sticky":false,"template":"","format":"standard","meta":{"_exactmetrics_skip_tracking":false,"_exactmetrics_sitenote_active":false,"_exactmetrics_sitenote_note":"","_exactmetrics_sitenote_category":0,"jetpack_post_was_ever_published":false,"_jetpack_newsletter_access":"","_jetpack_dont_email_post_to_subs":false,"_jetpack_newsletter_tier_id":0,"_jetpack_memberships_contains_paywalled_content":false,"_jetpack_memberships_contains_paid_content":false,"footnotes":""},"categories":[102],"tags":[],"class_list":["post-30838","post","type-post","status-publish","format-standard","has-post-thumbnail","hentry","category-alarmierungen"],"jetpack_featured_media_url":"https:\/\/www.feuerwehr-brilon.de\/wp-up\/2022\/12\/42352cc9-1c78-4276-b449-72b12b378cd6.jpg","jetpack_shortlink":"https:\/\/wp.me\/pCIJa-81o","jetpack_sharing_enabled":true,"jetpack-related-posts":[{"id":34458,"url":"https:\/\/www.feuerwehr-brilon.de\/?p=34458","url_meta":{"origin":30838,"position":0},"title":"+++ Einsatz +++","author":"Erwin Mungenast","date":"5. M\u00e4rz 2026","format":false,"excerpt":"04.03. 22:33Uhr, Hilfeleistung, H0 \u00d6lspur, Brilon, Ostring \/ B7->Scharfenb., ausl. Betriebsmittel","rel":"","context":"In &quot;Alarmierungen&quot;","block_context":{"text":"Alarmierungen","link":"https:\/\/www.feuerwehr-brilon.de\/?cat=102"},"img":{"alt_text":"","src":"","width":0,"height":0},"classes":[]},{"id":23221,"url":"https:\/\/www.feuerwehr-brilon.de\/?p=23221","url_meta":{"origin":30838,"position":1},"title":"+++ Einsatz +++","author":"Andreas Becker","date":"22. Februar 2021","format":false,"excerpt":"22.02. 18:38Uhr, Hilfeleistung, H0 \u00d6lspur, W\u00fclfte, B480 -> Alme, ca. 1km Dieselspur","rel":"","context":"In &quot;Alarmierungen&quot;","block_context":{"text":"Alarmierungen","link":"https:\/\/www.feuerwehr-brilon.de\/?cat=102"},"img":{"alt_text":"","src":"https:\/\/i0.wp.com\/www.feuerwehr-brilon.de\/wp-up\/2020\/02\/Oelspur.jpg?resize=350%2C200&ssl=1","width":350,"height":200,"srcset":"https:\/\/i0.wp.com\/www.feuerwehr-brilon.de\/wp-up\/2020\/02\/Oelspur.jpg?resize=350%2C200&ssl=1 1x, https:\/\/i0.wp.com\/www.feuerwehr-brilon.de\/wp-up\/2020\/02\/Oelspur.jpg?resize=525%2C300&ssl=1 1.5x"},"classes":[]},{"id":30341,"url":"https:\/\/www.feuerwehr-brilon.de\/?p=30341","url_meta":{"origin":30838,"position":2},"title":"+++ Einsatz +++","author":"Andreas Becker","date":"20. November 2022","format":false,"excerpt":"18.11. 15:37Uhr, Hilfeleistung, H0 \u00d6lspur, Alme, B480, \u00d6lspur nach VU","rel":"","context":"In &quot;Alarmierungen&quot;","block_context":{"text":"Alarmierungen","link":"https:\/\/www.feuerwehr-brilon.de\/?cat=102"},"img":{"alt_text":"","src":"https:\/\/i0.wp.com\/www.feuerwehr-brilon.de\/wp-up\/2022\/10\/sym_Oelspur_.jpg?resize=350%2C200&ssl=1","width":350,"height":200,"srcset":"https:\/\/i0.wp.com\/www.feuerwehr-brilon.de\/wp-up\/2022\/10\/sym_Oelspur_.jpg?resize=350%2C200&ssl=1 1x, https:\/\/i0.wp.com\/www.feuerwehr-brilon.de\/wp-up\/2022\/10\/sym_Oelspur_.jpg?resize=525%2C300&ssl=1 1.5x, https:\/\/i0.wp.com\/www.feuerwehr-brilon.de\/wp-up\/2022\/10\/sym_Oelspur_.jpg?resize=700%2C400&ssl=1 2x"},"classes":[]},{"id":31373,"url":"https:\/\/www.feuerwehr-brilon.de\/?p=31373","url_meta":{"origin":30838,"position":3},"title":"+++ Einsatz +++","author":"Andreas Becker","date":"27. Juli 2023","format":false,"excerpt":"27.07. 05:46Uhr, Hilfeleistung, H0 \u00d6lspur, Alme, B480, auslaufende Betriebsmittel ca. 80m","rel":"","context":"In &quot;Alarmierungen&quot;","block_context":{"text":"Alarmierungen","link":"https:\/\/www.feuerwehr-brilon.de\/?cat=102"},"img":{"alt_text":"","src":"https:\/\/i0.wp.com\/www.feuerwehr-brilon.de\/wp-up\/2022\/10\/sym_Oelspur_.jpg?resize=350%2C200&ssl=1","width":350,"height":200,"srcset":"https:\/\/i0.wp.com\/www.feuerwehr-brilon.de\/wp-up\/2022\/10\/sym_Oelspur_.jpg?resize=350%2C200&ssl=1 1x, https:\/\/i0.wp.com\/www.feuerwehr-brilon.de\/wp-up\/2022\/10\/sym_Oelspur_.jpg?resize=525%2C300&ssl=1 1.5x, https:\/\/i0.wp.com\/www.feuerwehr-brilon.de\/wp-up\/2022\/10\/sym_Oelspur_.jpg?resize=700%2C400&ssl=1 2x"},"classes":[]},{"id":24158,"url":"https:\/\/www.feuerwehr-brilon.de\/?p=24158","url_meta":{"origin":30838,"position":4},"title":"+++ Einsatz +++","author":"Andreas Becker","date":"17. Februar 2022","format":false,"excerpt":"17.02. 15:13Uhr, Hilfeleistung, H0 Unfall, Brilon, B480, ausl. Betriebsmittel","rel":"","context":"In &quot;Alarmierungen&quot;","block_context":{"text":"Alarmierungen","link":"https:\/\/www.feuerwehr-brilon.de\/?cat=102"},"img":{"alt_text":"","src":"https:\/\/i0.wp.com\/www.feuerwehr-brilon.de\/wp-up\/2020\/02\/Oelspur.jpg?resize=350%2C200&ssl=1","width":350,"height":200,"srcset":"https:\/\/i0.wp.com\/www.feuerwehr-brilon.de\/wp-up\/2020\/02\/Oelspur.jpg?resize=350%2C200&ssl=1 1x, https:\/\/i0.wp.com\/www.feuerwehr-brilon.de\/wp-up\/2020\/02\/Oelspur.jpg?resize=525%2C300&ssl=1 1.5x"},"classes":[]},{"id":23527,"url":"https:\/\/www.feuerwehr-brilon.de\/?p=23527","url_meta":{"origin":30838,"position":5},"title":"+++ Einsatz +++","author":"Andreas Becker","date":"1. Juni 2021","format":false,"excerpt":"01.06. 14:43Uhr, Hilfeleistung, H0 \u00d6lspur, Alme, OA - B480 - FR W\u00fcnnenberg, \u00d6lspur","rel":"","context":"In &quot;Alarmierungen&quot;","block_context":{"text":"Alarmierungen","link":"https:\/\/www.feuerwehr-brilon.de\/?cat=102"},"img":{"alt_text":"","src":"https:\/\/i0.wp.com\/www.feuerwehr-brilon.de\/wp-up\/2020\/02\/Oelspur.jpg?resize=350%2C200&ssl=1","width":350,"height":200,"srcset":"https:\/\/i0.wp.com\/www.feuerwehr-brilon.de\/wp-up\/2020\/02\/Oelspur.jpg?resize=350%2C200&ssl=1 1x, https:\/\/i0.wp.com\/www.feuerwehr-brilon.de\/wp-up\/2020\/02\/Oelspur.jpg?resize=525%2C300&ssl=1 1.5x"},"classes":[]}],"_links":{"self":[{"href":"https:\/\/www.feuerwehr-brilon.de\/index.php?rest_route=\/wp\/v2\/posts\/30838","targetHints":{"allow":["GET"]}}],"collection":[{"href":"https:\/\/www.feuerwehr-brilon.de\/index.php?rest_route=\/wp\/v2\/posts"}],"about":[{"href":"https:\/\/www.feuerwehr-brilon.de\/index.php?rest_route=\/wp\/v2\/types\/post"}],"author":[{"embeddable":true,"href":"https:\/\/www.feuerwehr-brilon.de\/index.php?rest_route=\/wp\/v2\/users\/8"}],"replies":[{"embeddable":true,"href":"https:\/\/www.feuerwehr-brilon.de\/index.php?rest_route=%2Fwp%2Fv2%2Fcomments&post=30838"}],"version-history":[{"count":1,"href":"https:\/\/www.feuerwehr-brilon.de\/index.php?rest_route=\/wp\/v2\/posts\/30838\/revisions"}],"predecessor-version":[{"id":30839,"href":"https:\/\/www.feuerwehr-brilon.de\/index.php?rest_route=\/wp\/v2\/posts\/30838\/revisions\/30839"}],"wp:featuredmedia":[{"embeddable":true,"href":"https:\/\/www.feuerwehr-brilon.de\/index.php?rest_route=\/wp\/v2\/media\/30506"}],"wp:attachment":[{"href":"https:\/\/www.feuerwehr-brilon.de\/index.php?rest_route=%2Fwp%2Fv2%2Fmedia&parent=30838"}],"wp:term":[{"taxonomy":"category","embeddable":true,"href":"https:\/\/www.feuerwehr-brilon.de\/index.php?rest_route=%2Fwp%2Fv2%2Fcategories&post=30838"},{"taxonomy":"post_tag","embeddable":true,"href":"https:\/\/www.feuerwehr-brilon.de\/index.php?rest_route=%2Fwp%2Fv2%2Ftags&post=30838"}],"curies":[{"name":"wp","href":"https:\/\/api.w.org\/{rel}","templated":true}]}}