{"id":30849,"date":"2023-03-06T16:09:46","date_gmt":"2023-03-06T15:09:46","guid":{"rendered":"https:\/\/www.feuerwehr-brilon.de\/?p=30849"},"modified":"2023-03-06T16:09:46","modified_gmt":"2023-03-06T15:09:46","slug":"einsatz-724","status":"publish","type":"post","link":"https:\/\/www.feuerwehr-brilon.de\/?p=30849","title":{"rendered":"+++ Einsatz +++"},"content":{"rendered":"<p>06.03. 13:05Uhr, Hilfeleistung, H0 \u00d6lspur, Alme, Parkplatz &#8211; Moosspringstr., \u00d6lspur<\/p>\n","protected":false},"excerpt":{"rendered":"<p>06.03. 13:05Uhr, Hilfeleistung, H0 \u00d6lspur, Alme, Parkplatz &#8211; Moosspringstr., \u00d6lspur<\/p>\n","protected":false},"author":8,"featured_media":30281,"comment_status":"closed","ping_status":"closed","sticky":false,"template":"","format":"standard","meta":{"_exactmetrics_skip_tracking":false,"_exactmetrics_sitenote_active":false,"_exactmetrics_sitenote_note":"","_exactmetrics_sitenote_category":0,"jetpack_post_was_ever_published":false,"_jetpack_newsletter_access":"","_jetpack_dont_email_post_to_subs":false,"_jetpack_newsletter_tier_id":0,"_jetpack_memberships_contains_paywalled_content":false,"_jetpack_memberships_contains_paid_content":false,"footnotes":""},"categories":[102],"tags":[],"class_list":["post-30849","post","type-post","status-publish","format-standard","has-post-thumbnail","hentry","category-alarmierungen"],"jetpack_featured_media_url":"https:\/\/www.feuerwehr-brilon.de\/wp-up\/2022\/10\/sym_Oelspur_.jpg","jetpack_shortlink":"https:\/\/wp.me\/pCIJa-81z","jetpack_sharing_enabled":true,"jetpack-related-posts":[{"id":32850,"url":"https:\/\/www.feuerwehr-brilon.de\/?p=32850","url_meta":{"origin":30849,"position":0},"title":"+++ Einsatz +++","author":"Andreas Becker","date":"12. Oktober 2024","format":false,"excerpt":"11.10. 18:36Uhr, Hilfeleistung, H0 \u00d6lspur, Alme, Moosspringstr., \u00d6lspur","rel":"","context":"In &quot;Alarmierungen&quot;","block_context":{"text":"Alarmierungen","link":"https:\/\/www.feuerwehr-brilon.de\/?cat=102"},"img":{"alt_text":"","src":"","width":0,"height":0},"classes":[]},{"id":33987,"url":"https:\/\/www.feuerwehr-brilon.de\/?p=33987","url_meta":{"origin":30849,"position":1},"title":"+++Einsatz+++","author":"Erwin Mungenast","date":"31. Oktober 2025","format":false,"excerpt":"31.10. 07:00Uhr, Hilfeleistung, H0 \u00d6lspur, Alme, Moosspringstr., \u00d6lspur","rel":"","context":"In &quot;Alarmierungen&quot;","block_context":{"text":"Alarmierungen","link":"https:\/\/www.feuerwehr-brilon.de\/?cat=102"},"img":{"alt_text":"","src":"","width":0,"height":0},"classes":[]},{"id":24270,"url":"https:\/\/www.feuerwehr-brilon.de\/?p=24270","url_meta":{"origin":30849,"position":2},"title":"+++ Einsatz +++","author":"Andreas Becker","date":"26. Februar 2022","format":false,"excerpt":"26.02. 13:47Uhr, Hilfeleistung, H0 \u00d6lspur, Alme, Buchenring, \u00d6lspur","rel":"","context":"In &quot;Alarmierungen&quot;","block_context":{"text":"Alarmierungen","link":"https:\/\/www.feuerwehr-brilon.de\/?cat=102"},"img":{"alt_text":"","src":"https:\/\/i0.wp.com\/www.feuerwehr-brilon.de\/wp-up\/2020\/02\/Oelspur.jpg?resize=350%2C200&ssl=1","width":350,"height":200,"srcset":"https:\/\/i0.wp.com\/www.feuerwehr-brilon.de\/wp-up\/2020\/02\/Oelspur.jpg?resize=350%2C200&ssl=1 1x, https:\/\/i0.wp.com\/www.feuerwehr-brilon.de\/wp-up\/2020\/02\/Oelspur.jpg?resize=525%2C300&ssl=1 1.5x"},"classes":[]},{"id":23504,"url":"https:\/\/www.feuerwehr-brilon.de\/?p=23504","url_meta":{"origin":30849,"position":3},"title":"+++ Einsatz +++","author":"Andreas Becker","date":"24. Mai 2021","format":false,"excerpt":"24.05. 15:05Uhr, Hilfeleistung, H0 \u00d6lspur, Brilon, B251, \u00d6lspur","rel":"","context":"In &quot;Alarmierungen&quot;","block_context":{"text":"Alarmierungen","link":"https:\/\/www.feuerwehr-brilon.de\/?cat=102"},"img":{"alt_text":"","src":"","width":0,"height":0},"classes":[]},{"id":31597,"url":"https:\/\/www.feuerwehr-brilon.de\/?p=31597","url_meta":{"origin":30849,"position":4},"title":"+++ Einsatz +++","author":"Andreas Becker","date":"20. Oktober 2023","format":false,"excerpt":"20.10. 18:05Uhr, Hilfeleistung, H0 \u00d6lspur, Madfeld, Holzweg, \u00d6lspur","rel":"","context":"In &quot;Alarmierungen&quot;","block_context":{"text":"Alarmierungen","link":"https:\/\/www.feuerwehr-brilon.de\/?cat=102"},"img":{"alt_text":"","src":"https:\/\/i0.wp.com\/www.feuerwehr-brilon.de\/wp-up\/2023\/03\/sym_sign.jpg?resize=350%2C200&ssl=1","width":350,"height":200,"srcset":"https:\/\/i0.wp.com\/www.feuerwehr-brilon.de\/wp-up\/2023\/03\/sym_sign.jpg?resize=350%2C200&ssl=1 1x, https:\/\/i0.wp.com\/www.feuerwehr-brilon.de\/wp-up\/2023\/03\/sym_sign.jpg?resize=525%2C300&ssl=1 1.5x, https:\/\/i0.wp.com\/www.feuerwehr-brilon.de\/wp-up\/2023\/03\/sym_sign.jpg?resize=700%2C400&ssl=1 2x"},"classes":[]},{"id":23757,"url":"https:\/\/www.feuerwehr-brilon.de\/?p=23757","url_meta":{"origin":30849,"position":5},"title":"+++ Einsatz +++","author":"Andreas Becker","date":"7. September 2021","format":false,"excerpt":"07.09. 18:05Uhr, Hilfeleistung, H0 \u00d6lspur, Brilon, Derkere Stra\u00dfe, \u00d6lspur","rel":"","context":"In &quot;Alarmierungen&quot;","block_context":{"text":"Alarmierungen","link":"https:\/\/www.feuerwehr-brilon.de\/?cat=102"},"img":{"alt_text":"","src":"https:\/\/i0.wp.com\/www.feuerwehr-brilon.de\/wp-up\/2020\/02\/Oelspur.jpg?resize=350%2C200&ssl=1","width":350,"height":200,"srcset":"https:\/\/i0.wp.com\/www.feuerwehr-brilon.de\/wp-up\/2020\/02\/Oelspur.jpg?resize=350%2C200&ssl=1 1x, https:\/\/i0.wp.com\/www.feuerwehr-brilon.de\/wp-up\/2020\/02\/Oelspur.jpg?resize=525%2C300&ssl=1 1.5x"},"classes":[]}],"_links":{"self":[{"href":"https:\/\/www.feuerwehr-brilon.de\/index.php?rest_route=\/wp\/v2\/posts\/30849","targetHints":{"allow":["GET"]}}],"collection":[{"href":"https:\/\/www.feuerwehr-brilon.de\/index.php?rest_route=\/wp\/v2\/posts"}],"about":[{"href":"https:\/\/www.feuerwehr-brilon.de\/index.php?rest_route=\/wp\/v2\/types\/post"}],"author":[{"embeddable":true,"href":"https:\/\/www.feuerwehr-brilon.de\/index.php?rest_route=\/wp\/v2\/users\/8"}],"replies":[{"embeddable":true,"href":"https:\/\/www.feuerwehr-brilon.de\/index.php?rest_route=%2Fwp%2Fv2%2Fcomments&post=30849"}],"version-history":[{"count":1,"href":"https:\/\/www.feuerwehr-brilon.de\/index.php?rest_route=\/wp\/v2\/posts\/30849\/revisions"}],"predecessor-version":[{"id":30850,"href":"https:\/\/www.feuerwehr-brilon.de\/index.php?rest_route=\/wp\/v2\/posts\/30849\/revisions\/30850"}],"wp:featuredmedia":[{"embeddable":true,"href":"https:\/\/www.feuerwehr-brilon.de\/index.php?rest_route=\/wp\/v2\/media\/30281"}],"wp:attachment":[{"href":"https:\/\/www.feuerwehr-brilon.de\/index.php?rest_route=%2Fwp%2Fv2%2Fmedia&parent=30849"}],"wp:term":[{"taxonomy":"category","embeddable":true,"href":"https:\/\/www.feuerwehr-brilon.de\/index.php?rest_route=%2Fwp%2Fv2%2Fcategories&post=30849"},{"taxonomy":"post_tag","embeddable":true,"href":"https:\/\/www.feuerwehr-brilon.de\/index.php?rest_route=%2Fwp%2Fv2%2Ftags&post=30849"}],"curies":[{"name":"wp","href":"https:\/\/api.w.org\/{rel}","templated":true}]}}