{"id":30895,"date":"2023-03-15T13:57:26","date_gmt":"2023-03-15T12:57:26","guid":{"rendered":"https:\/\/www.feuerwehr-brilon.de\/?p=30895"},"modified":"2023-03-28T18:27:21","modified_gmt":"2023-03-28T16:27:21","slug":"verkehrsunfall-auf-der-l-3393-bei-bontkirchen","status":"publish","type":"post","link":"https:\/\/www.feuerwehr-brilon.de\/?p=30895","title":{"rendered":"Verkehrsunfall auf der L 3393 bei Bontkirchen"},"content":{"rendered":"<p><a href=\"https:\/\/www.feuerwehr-brilon.de\/?p=30895\"><img loading=\"lazy\" decoding=\"async\" class=\"alignleft size-thumbnail wp-image-30899\" src=\"https:\/\/www.feuerwehr-brilon.de\/wp-up\/2023\/03\/VU-L3393-1-150x113.jpg\" alt=\"\" width=\"150\" height=\"113\" srcset=\"https:\/\/www.feuerwehr-brilon.de\/wp-up\/2023\/03\/VU-L3393-1-150x113.jpg 150w, https:\/\/www.feuerwehr-brilon.de\/wp-up\/2023\/03\/VU-L3393-1-500x375.jpg 500w, https:\/\/www.feuerwehr-brilon.de\/wp-up\/2023\/03\/VU-L3393-1.jpg 800w\" sizes=\"auto, (max-width: 150px) 100vw, 150px\" \/><\/a>Bontkirchen. Die Feuerwehr Brilon wurde am Mittwochmorgen (15.03.2023, 7.56 Uhr) zu einem Verkehrsunfall mit eingeklemmten Personen zwischen Bontkirchen und Schwalefeld alarmiert. Dort waren auf der L 3393 zwei PKW frontal zusammengesto\u00dfen. <!--more--><\/p>\n<p>Durch den Aufprall wurde in einem Fahrzeug ein automatischer E-Call Notruf abgesetzt. Das Fahrzeug w\u00e4hlt dabei bei einem verletzungsrelevanten Unfall selbstst\u00e4ndig den Notruf und \u00fcbermittelt die Fahrzeugposition. Bei Eintreffen der Feuerwehr hatten alle Beteiligten die Fahrzeuge bereits verlassen. Insgesamt wurden vier Personen verletzt ins Krankenhaus eingeliefert.<\/p>\n<p>Die Feuerwehr betreute bis zum Eintreffen der Rettungswagen die Verletzen. Daneben wurde das Tr\u00fcmmerfeld ger\u00e4umt und auslaufende Betriebsstoffe abgestreut. Die L\u00f6schgruppen Bontkirchen und Hoppecke sowie der Einsatzleitwagen aus Brilon waren mit 17 Einsatzkr\u00e4ften vor Ort. Weitere Feuerwehreinheiten konnten aufgrund des Unfalllagebildes die Anfahrt abbrechen.<\/p>\n<p>Die L 3393 war f\u00fcr die Dauer der Rettungsarbeiten voll gesperrt. Zur Unfallursache und zur H\u00f6he des Sachschadens liegen der Feuerwehr keine Angaben vor.<\/p>\n<p style=\"padding: 4px; border: 2px solid #696969;\"><strong>Eingesetzte Einheiten:<\/strong><br \/>\n<a href=\"http:\/\/www.feuerwehr-brilon.de\/?page_id=12\"><img loading=\"lazy\" decoding=\"async\" class=\"alignnone\" title=\"lg bontkirchen\" src=\"http:\/\/www.feuerwehr-brilon.de\/images\/einsatz_details\/lg_bontkirchen.jpg\" alt=\"\" width=\"110\" height=\"31\" \/><\/a><a href=\"http:\/\/www.feuerwehr-brilon.de\/?page_id=20\"><img loading=\"lazy\" decoding=\"async\" class=\"alignnone\" title=\"lg hoppecke\" src=\"http:\/\/www.feuerwehr-brilon.de\/images\/einsatz_details\/lg_hoppecke.jpg\" alt=\"\" width=\"110\" height=\"31\" \/><\/a><a href=\"http:\/\/www.feuerwehr-brilon.de\/?page_id=7\"><img loading=\"lazy\" decoding=\"async\" class=\"alignnone\" title=\"lz brilon\" src=\"http:\/\/www.feuerwehr-brilon.de\/images\/einsatz_details\/lz_brilon.jpg\" alt=\"\" width=\"110\" height=\"31\" \/><\/a><\/p>\n<p style=\"padding: 4px; border: 2px solid #696969;\"><strong>Eingesetzte Fahrzeuge:<\/strong><br \/>\n<a href=\"http:\/\/www.feuerwehr-brilon.de\/?page_id=5162\"><img loading=\"lazy\" decoding=\"async\" class=\"alignnone\" src=\"http:\/\/www.feuerwehr-brilon.de\/images\/einsatz_details\/054801.jpg\" alt=\"\" width=\"110\" height=\"31\" \/><\/a><a href=\"http:\/\/www.feuerwehr-brilon.de\/?page_id=16659\"><img loading=\"lazy\" decoding=\"async\" class=\"alignnone\" src=\"http:\/\/www.feuerwehr-brilon.de\/images\/einsatz_details\/05GwL01.jpg\" alt=\"\" width=\"110\" height=\"31\" \/><\/a><a href=\"http:\/\/www.feuerwehr-brilon.de\/?page_id=819\"><img loading=\"lazy\" decoding=\"async\" class=\"alignnone\" src=\"http:\/\/www.feuerwehr-brilon.de\/images\/einsatz_details\/054805.jpg\" alt=\"\" width=\"110\" height=\"31\" \/><\/a><a href=\"http:\/\/www.feuerwehr-brilon.de\/?page_id=749\"><img loading=\"lazy\" decoding=\"async\" class=\"alignnone\" src=\"http:\/\/www.feuerwehr-brilon.de\/images\/einsatz_details\/051101.jpg\" alt=\"\" width=\"110\" height=\"31\" \/><\/a><\/p>\n<p><strong>Bilder:<\/strong><br \/>\n<a href=\"https:\/\/www.feuerwehr-brilon.de\/wp-up\/2023\/03\/VU-L3393-1.jpg\" rel=\"lightbox\"><img loading=\"lazy\" decoding=\"async\" class=\"alignnone size-thumbnail wp-image-30899\" src=\"https:\/\/www.feuerwehr-brilon.de\/wp-up\/2023\/03\/VU-L3393-1-150x113.jpg\" alt=\"\" width=\"150\" height=\"84\" \/><\/a><a href=\"https:\/\/www.feuerwehr-brilon.de\/wp-up\/2023\/03\/VU-L3393-2.jpg\" rel=\"lightbox\"><img loading=\"lazy\" decoding=\"async\" class=\"alignnone size-thumbnail wp-image-30900\" src=\"https:\/\/www.feuerwehr-brilon.de\/wp-up\/2023\/03\/VU-L3393-2-150x113.jpg\" alt=\"\" width=\"150\" height=\"84\" \/><\/a><a href=\"https:\/\/www.feuerwehr-brilon.de\/wp-up\/2023\/03\/VU-L3393-3.jpg\" rel=\"lightbox\"><img loading=\"lazy\" decoding=\"async\" class=\"alignnone size-thumbnail wp-image-30901\" src=\"https:\/\/www.feuerwehr-brilon.de\/wp-up\/2023\/03\/VU-L3393-3-150x113.jpg\" alt=\"\" width=\"150\" height=\"84\" \/><\/a><a href=\"https:\/\/www.feuerwehr-brilon.de\/wp-up\/2023\/03\/VU-L3393-4.jpg\" rel=\"lightbox\"><img loading=\"lazy\" decoding=\"async\" class=\"alignnone size-thumbnail wp-image-30902\" src=\"https:\/\/www.feuerwehr-brilon.de\/wp-up\/2023\/03\/VU-L3393-4-150x113.jpg\" alt=\"\" width=\"150\" height=\"84\" \/><\/a><\/p>\n","protected":false},"excerpt":{"rendered":"<p>Bontkirchen. Die Feuerwehr Brilon wurde am Mittwochmorgen (15.03.2023, 7.56 Uhr) zu einem Verkehrsunfall mit eingeklemmten Personen zwischen Bontkirchen und Schwalefeld alarmiert. Dort waren auf der L 3393 zwei PKW frontal zusammengesto\u00dfen.<\/p>\n","protected":false},"author":5,"featured_media":30899,"comment_status":"closed","ping_status":"closed","sticky":false,"template":"","format":"standard","meta":{"_exactmetrics_skip_tracking":false,"_exactmetrics_sitenote_active":false,"_exactmetrics_sitenote_note":"","_exactmetrics_sitenote_category":0,"jetpack_post_was_ever_published":false,"_jetpack_newsletter_access":"","_jetpack_dont_email_post_to_subs":false,"_jetpack_newsletter_tier_id":0,"_jetpack_memberships_contains_paywalled_content":false,"_jetpack_memberships_contains_paid_content":false,"footnotes":""},"categories":[335],"tags":[141,37,52,238,46,226,199],"class_list":["post-30895","post","type-post","status-publish","format-standard","has-post-thumbnail","hentry","category-einsatze-2023","tag-bontkirchen","tag-brilon","tag-elw","tag-hlf-10","tag-hoppecke","tag-tsf-w","tag-verkehrsunfall"],"jetpack_featured_media_url":"https:\/\/www.feuerwehr-brilon.de\/wp-up\/2023\/03\/VU-L3393-1.jpg","jetpack_shortlink":"https:\/\/wp.me\/pCIJa-82j","jetpack_sharing_enabled":true,"jetpack-related-posts":[{"id":22030,"url":"https:\/\/www.feuerwehr-brilon.de\/?p=22030","url_meta":{"origin":30895,"position":0},"title":"Schwerer Verkehrsunfall auf der K61","author":"Andreas Becker","date":"24. Januar 2020","format":false,"excerpt":"Hoppecke. Bei einem schweren Verkehrsunfall auf der K61 zwischen Hoppecke und Bontkirchen, wurde am Freitagnachmittag (24.1.) eine Person schwer verletzt. Laut ersten Meldungen, sollte die Person im Fahrzeug eingeklemmt sein. Die L\u00f6schgruppen Hoppecke, Messinghausen und der L\u00f6schzug Brilon wurden gemeinsam mit Rettungsdienst und Notarzt um 14.41 Uhr alarmiert. Bei Eintreffen\u2026","rel":"","context":"In &quot;Eins\u00e4tze 2020&quot;","block_context":{"text":"Eins\u00e4tze 2020","link":"https:\/\/www.feuerwehr-brilon.de\/?cat=236"},"img":{"alt_text":"","src":"https:\/\/i0.wp.com\/www.feuerwehr-brilon.de\/wp-up\/2020\/01\/20200124_150344-1-150x113.jpg?resize=350%2C200&ssl=1","width":350,"height":200},"classes":[]},{"id":6114,"url":"https:\/\/www.feuerwehr-brilon.de\/?p=6114","url_meta":{"origin":30895,"position":1},"title":"F\u00fcnf weitere Eins\u00e4tze am Donnerstagabend","author":"Andreas Becker","date":"6. Januar 2012","format":false,"excerpt":"Die Briloner Feuerwehr wurde am Donnerstagabend zu f\u00fcnf weiteren Eins\u00e4tzen alarmiert. Zun\u00e4chst wurde der L\u00f6schzug Brilon nach Ausl\u00f6sung einer Brandmeldeanlage ins Gewerbegebiet gerufen (18.20 Uhr). Ursache war jedoch ein Fehlalarm, vermutlich durch einen technischen Defekt. Die L\u00f6schgruppe Alme beseitigte nachfolgend einen umgest\u00fcrzten Baum auf der L 637 Richtung B\u00fcren, die\u2026","rel":"","context":"In &quot;Eins\u00e4tze 2012&quot;","block_context":{"text":"Eins\u00e4tze 2012","link":"https:\/\/www.feuerwehr-brilon.de\/?cat=171"},"img":{"alt_text":"","src":"https:\/\/i0.wp.com\/www.feuerwehr-brilon.de\/wp-up\/2012\/01\/IMG_0878n-150x112.jpg?resize=350%2C200","width":350,"height":200},"classes":[]},{"id":31912,"url":"https:\/\/www.feuerwehr-brilon.de\/?p=31912","url_meta":{"origin":30895,"position":2},"title":"Zwei Alarmierungen im Stadtgebiet Brilon \u00fcber E-Call Meldung","author":"Marcus Bange","date":"26. Dezember 2023","format":false,"excerpt":"R\u00f6senbeck\/Brilon-Wald. Die Feuerwehr Brilon wurde am 1. und 2. Weihnachtsfeiertag zu zwei Verkehrsunf\u00e4llen mit eingeklemmten Personen \u00fcber das E-Call Notrufsystem alarmiert. Am 25.12. wurden zun\u00e4chst die L\u00f6schgruppen R\u00f6senbeck, Th\u00fclen und Madfeld sowie der L\u00f6schzug Brilon um 9:26 Uhr zu einem Verkehrsunfall an das R\u00f6senbecker Kreuz gerufen. Dort waren zwei PKW\u2026","rel":"","context":"In &quot;Eins\u00e4tze 2023&quot;","block_context":{"text":"Eins\u00e4tze 2023","link":"https:\/\/www.feuerwehr-brilon.de\/?cat=335"},"img":{"alt_text":"","src":"https:\/\/i0.wp.com\/www.feuerwehr-brilon.de\/wp-up\/2023\/12\/VU-eCall-Roesenbeck.jpg?resize=350%2C200&ssl=1","width":350,"height":200,"srcset":"https:\/\/i0.wp.com\/www.feuerwehr-brilon.de\/wp-up\/2023\/12\/VU-eCall-Roesenbeck.jpg?resize=350%2C200&ssl=1 1x, https:\/\/i0.wp.com\/www.feuerwehr-brilon.de\/wp-up\/2023\/12\/VU-eCall-Roesenbeck.jpg?resize=525%2C300&ssl=1 1.5x, https:\/\/i0.wp.com\/www.feuerwehr-brilon.de\/wp-up\/2023\/12\/VU-eCall-Roesenbeck.jpg?resize=700%2C400&ssl=1 2x"},"classes":[]},{"id":31810,"url":"https:\/\/www.feuerwehr-brilon.de\/?p=31810","url_meta":{"origin":30895,"position":3},"title":"Schwerer Verkehrsunfall auf der &#8222;R\u00f6senbecker H\u00f6he&#8220; und Zugunfall in Messinghausen","author":"Andreas Becker","date":"18. Dezember 2023","format":false,"excerpt":"R\u00f6senbeck. Bei R\u00f6senbeck kam am Sonntagnachmittag (17.12.) bei einem Verkehrsunfall eine Person ums Leben und eine weitere wurde schwer verletzt. Um 14.06 Uhr ging der Alarm bei der Feuerwehr ein. Bei Eintreffen der ersten Einsatzkr\u00e4fte aus R\u00f6senbeck und Th\u00fclen lag ein PKW auf dem Dach im Graben der B7 kurz\u2026","rel":"","context":"In &quot;Eins\u00e4tze 2023&quot;","block_context":{"text":"Eins\u00e4tze 2023","link":"https:\/\/www.feuerwehr-brilon.de\/?cat=335"},"img":{"alt_text":"","src":"https:\/\/i0.wp.com\/www.feuerwehr-brilon.de\/wp-up\/2023\/12\/IMG_0081231217_Roes_VU_FB.jpg?resize=350%2C200&ssl=1","width":350,"height":200,"srcset":"https:\/\/i0.wp.com\/www.feuerwehr-brilon.de\/wp-up\/2023\/12\/IMG_0081231217_Roes_VU_FB.jpg?resize=350%2C200&ssl=1 1x, https:\/\/i0.wp.com\/www.feuerwehr-brilon.de\/wp-up\/2023\/12\/IMG_0081231217_Roes_VU_FB.jpg?resize=525%2C300&ssl=1 1.5x, https:\/\/i0.wp.com\/www.feuerwehr-brilon.de\/wp-up\/2023\/12\/IMG_0081231217_Roes_VU_FB.jpg?resize=700%2C400&ssl=1 2x, https:\/\/i0.wp.com\/www.feuerwehr-brilon.de\/wp-up\/2023\/12\/IMG_0081231217_Roes_VU_FB.jpg?resize=1050%2C600&ssl=1 3x"},"classes":[]},{"id":9928,"url":"https:\/\/www.feuerwehr-brilon.de\/?p=9928","url_meta":{"origin":30895,"position":4},"title":"Schwelbrand in Wohnhaus in Bontkirchen","author":"Andreas Becker","date":"2. M\u00e4rz 2014","format":false,"excerpt":"Bontkirchen. Zu einem ausgedehnten Schwelbrand kam es am fr\u00fchen Sonntagmorgen in einem Wohnhaus in der Stra\u00dfe \u201eZum Hoppecker Berg\u201c im Ortsteil Bontkirchen. Als gegen 1:20 Uhr eine aufmerksame Nachbarin Rauchentwicklung in dem Haus bemerkte, setzte sie umgehend einen Notruf ab. Da nicht bekannt war ob sich noch Personen im Geb\u00e4ude\u2026","rel":"","context":"In &quot;Eins\u00e4tze 2014&quot;","block_context":{"text":"Eins\u00e4tze 2014","link":"https:\/\/www.feuerwehr-brilon.de\/?cat=184"},"img":{"alt_text":"Brand_Bontkirchen-1","src":"https:\/\/i0.wp.com\/www.feuerwehr-brilon.de\/wp-up\/2014\/03\/Brand_Bontkirchen-1-2-150x112.jpg?resize=350%2C200","width":350,"height":200},"classes":[]},{"id":23824,"url":"https:\/\/www.feuerwehr-brilon.de\/?p=23824","url_meta":{"origin":30895,"position":5},"title":"Verkehrsunfall bei R\u00f6senbeck","author":"Andreas Becker","date":"10. Oktober 2021","format":false,"excerpt":"R\u00f6senbeck. Am Samstagmittag (9.10.) musste die Feuerwehr Brilon zu einem schweren Verkehrsunfall ausr\u00fccken. Ein PKW war von der B7 (Richtung Marsberg) abgekommen, einen Graben herunter \u00fcber die Stra\u00dfe \"Steinborn\" geschleudert und schlie\u00dflich an einem Abhang hinter der Leitplanke zum liegen gekommen. Ersthelfer setzten den Notruf ab und betreuten den verletzten\u2026","rel":"","context":"In &quot;Allgemein&quot;","block_context":{"text":"Allgemein","link":"https:\/\/www.feuerwehr-brilon.de\/?cat=1"},"img":{"alt_text":"","src":"https:\/\/i0.wp.com\/www.feuerwehr-brilon.de\/wp-up\/2021\/10\/211010__VU_B7_03_.jpg?resize=350%2C200&ssl=1","width":350,"height":200,"srcset":"https:\/\/i0.wp.com\/www.feuerwehr-brilon.de\/wp-up\/2021\/10\/211010__VU_B7_03_.jpg?resize=350%2C200&ssl=1 1x, https:\/\/i0.wp.com\/www.feuerwehr-brilon.de\/wp-up\/2021\/10\/211010__VU_B7_03_.jpg?resize=525%2C300&ssl=1 1.5x, https:\/\/i0.wp.com\/www.feuerwehr-brilon.de\/wp-up\/2021\/10\/211010__VU_B7_03_.jpg?resize=700%2C400&ssl=1 2x"},"classes":[]}],"_links":{"self":[{"href":"https:\/\/www.feuerwehr-brilon.de\/index.php?rest_route=\/wp\/v2\/posts\/30895","targetHints":{"allow":["GET"]}}],"collection":[{"href":"https:\/\/www.feuerwehr-brilon.de\/index.php?rest_route=\/wp\/v2\/posts"}],"about":[{"href":"https:\/\/www.feuerwehr-brilon.de\/index.php?rest_route=\/wp\/v2\/types\/post"}],"author":[{"embeddable":true,"href":"https:\/\/www.feuerwehr-brilon.de\/index.php?rest_route=\/wp\/v2\/users\/5"}],"replies":[{"embeddable":true,"href":"https:\/\/www.feuerwehr-brilon.de\/index.php?rest_route=%2Fwp%2Fv2%2Fcomments&post=30895"}],"version-history":[{"count":3,"href":"https:\/\/www.feuerwehr-brilon.de\/index.php?rest_route=\/wp\/v2\/posts\/30895\/revisions"}],"predecessor-version":[{"id":30947,"href":"https:\/\/www.feuerwehr-brilon.de\/index.php?rest_route=\/wp\/v2\/posts\/30895\/revisions\/30947"}],"wp:featuredmedia":[{"embeddable":true,"href":"https:\/\/www.feuerwehr-brilon.de\/index.php?rest_route=\/wp\/v2\/media\/30899"}],"wp:attachment":[{"href":"https:\/\/www.feuerwehr-brilon.de\/index.php?rest_route=%2Fwp%2Fv2%2Fmedia&parent=30895"}],"wp:term":[{"taxonomy":"category","embeddable":true,"href":"https:\/\/www.feuerwehr-brilon.de\/index.php?rest_route=%2Fwp%2Fv2%2Fcategories&post=30895"},{"taxonomy":"post_tag","embeddable":true,"href":"https:\/\/www.feuerwehr-brilon.de\/index.php?rest_route=%2Fwp%2Fv2%2Ftags&post=30895"}],"curies":[{"name":"wp","href":"https:\/\/api.w.org\/{rel}","templated":true}]}}