{"id":30908,"date":"2023-03-16T18:51:11","date_gmt":"2023-03-16T17:51:11","guid":{"rendered":"https:\/\/www.feuerwehr-brilon.de\/?p=30908"},"modified":"2023-03-16T18:51:11","modified_gmt":"2023-03-16T17:51:11","slug":"einsatz-732","status":"publish","type":"post","link":"https:\/\/www.feuerwehr-brilon.de\/?p=30908","title":{"rendered":"+++ Einsatz +++"},"content":{"rendered":"<p>16.03. 17:53Uhr, Hilfeleistung, H0 Hochwasser, Brilon, Kapellenstra\u00dfe, Wasserrohrbruch<\/p>\n","protected":false},"excerpt":{"rendered":"<p>16.03. 17:53Uhr, Hilfeleistung, H0 Hochwasser, Brilon, Kapellenstra\u00dfe, Wasserrohrbruch<\/p>\n","protected":false},"author":8,"featured_media":30892,"comment_status":"closed","ping_status":"closed","sticky":false,"template":"","format":"standard","meta":{"_exactmetrics_skip_tracking":false,"_exactmetrics_sitenote_active":false,"_exactmetrics_sitenote_note":"","_exactmetrics_sitenote_category":0,"jetpack_post_was_ever_published":false,"_jetpack_newsletter_access":"","_jetpack_dont_email_post_to_subs":false,"_jetpack_newsletter_tier_id":0,"_jetpack_memberships_contains_paywalled_content":false,"_jetpack_memberships_contains_paid_content":false,"footnotes":""},"categories":[102],"tags":[],"class_list":["post-30908","post","type-post","status-publish","format-standard","has-post-thumbnail","hentry","category-alarmierungen"],"jetpack_featured_media_url":"https:\/\/www.feuerwehr-brilon.de\/wp-up\/2023\/03\/sym_wasser-1.jpg","jetpack_shortlink":"https:\/\/wp.me\/pCIJa-82w","jetpack_sharing_enabled":true,"jetpack-related-posts":[{"id":33522,"url":"https:\/\/www.feuerwehr-brilon.de\/?p=33522","url_meta":{"origin":30908,"position":0},"title":"+++ Einsatz +++","author":"Andreas Becker","date":"5. Juni 2025","format":false,"excerpt":"04.06. 22:41Uhr, Hilfeleistung, H0 Hochwasser, W\u00fclfte, W\u00fclfter Str., Wasserrohrbruch","rel":"","context":"In &quot;Alarmierungen&quot;","block_context":{"text":"Alarmierungen","link":"https:\/\/www.feuerwehr-brilon.de\/?cat=102"},"img":{"alt_text":"","src":"","width":0,"height":0},"classes":[]},{"id":30699,"url":"https:\/\/www.feuerwehr-brilon.de\/?p=30699","url_meta":{"origin":30908,"position":1},"title":"+++ Einsatz +++","author":"Andreas Becker","date":"5. Februar 2023","format":false,"excerpt":"04.02. 10:53Uhr, Hilfeleistung, H0 Hochwasser, Hoppecke, Carl-Zoellner-Str., Grundwasser im Keller","rel":"","context":"In &quot;Alarmierungen&quot;","block_context":{"text":"Alarmierungen","link":"https:\/\/www.feuerwehr-brilon.de\/?cat=102"},"img":{"alt_text":"","src":"https:\/\/i0.wp.com\/www.feuerwehr-brilon.de\/wp-up\/2022\/08\/ticker.jpg?resize=350%2C200&ssl=1","width":350,"height":200,"srcset":"https:\/\/i0.wp.com\/www.feuerwehr-brilon.de\/wp-up\/2022\/08\/ticker.jpg?resize=350%2C200&ssl=1 1x, https:\/\/i0.wp.com\/www.feuerwehr-brilon.de\/wp-up\/2022\/08\/ticker.jpg?resize=525%2C300&ssl=1 1.5x"},"classes":[]},{"id":15664,"url":"https:\/\/www.feuerwehr-brilon.de\/?p=15664","url_meta":{"origin":30908,"position":2},"title":"06.01. 14:51Uhr, Hilfeleistung, H0 Hochwasser,\u2026","author":"Andreas Becker","date":"8. Januar 2018","format":false,"excerpt":"06.01. 14:51Uhr, Hilfeleistung, H0 Hochwasser, Gudenhagen, R\u00fcbezahlweg, Wasserrohrbruch","rel":"","context":"In &quot;Alarmierungen&quot;","block_context":{"text":"Alarmierungen","link":"https:\/\/www.feuerwehr-brilon.de\/?cat=102"},"img":{"alt_text":"","src":"https:\/\/i0.wp.com\/www.feuerwehr-brilon.de\/wp-up\/2017\/11\/img_8181.jpg?resize=350%2C200&ssl=1","width":350,"height":200,"srcset":"https:\/\/i0.wp.com\/www.feuerwehr-brilon.de\/wp-up\/2017\/11\/img_8181.jpg?resize=350%2C200&ssl=1 1x, https:\/\/i0.wp.com\/www.feuerwehr-brilon.de\/wp-up\/2017\/11\/img_8181.jpg?resize=525%2C300&ssl=1 1.5x"},"classes":[]},{"id":23815,"url":"https:\/\/www.feuerwehr-brilon.de\/?p=23815","url_meta":{"origin":30908,"position":3},"title":"+++ Einsatz +++","author":"Andreas Becker","date":"3. Oktober 2021","format":false,"excerpt":"03.10. 17:09Uhr, Hilfeleistung, H0 Sturm, Brilon, Kapellenstra\u00dfe, Baum auf Fahrbahn","rel":"","context":"In &quot;Alarmierungen&quot;","block_context":{"text":"Alarmierungen","link":"https:\/\/www.feuerwehr-brilon.de\/?cat=102"},"img":{"alt_text":"","src":"https:\/\/i0.wp.com\/www.feuerwehr-brilon.de\/wp-up\/2021\/10\/689f3e00-c212-43b9-a8b2-67eea1053805.jpg?resize=350%2C200&ssl=1","width":350,"height":200,"srcset":"https:\/\/i0.wp.com\/www.feuerwehr-brilon.de\/wp-up\/2021\/10\/689f3e00-c212-43b9-a8b2-67eea1053805.jpg?resize=350%2C200&ssl=1 1x, https:\/\/i0.wp.com\/www.feuerwehr-brilon.de\/wp-up\/2021\/10\/689f3e00-c212-43b9-a8b2-67eea1053805.jpg?resize=525%2C300&ssl=1 1.5x, https:\/\/i0.wp.com\/www.feuerwehr-brilon.de\/wp-up\/2021\/10\/689f3e00-c212-43b9-a8b2-67eea1053805.jpg?resize=700%2C400&ssl=1 2x"},"classes":[]},{"id":23811,"url":"https:\/\/www.feuerwehr-brilon.de\/?p=23811","url_meta":{"origin":30908,"position":4},"title":"+++ Einsatz +++","author":"Andreas Becker","date":"1. Oktober 2021","format":false,"excerpt":"01.10. 17:53Uhr, Hilfeleistung, H0 T\u00fcr, Brilon, Kreuziger Mauer, T\u00fcr\u00f6ffnung","rel":"","context":"In &quot;Alarmierungen&quot;","block_context":{"text":"Alarmierungen","link":"https:\/\/www.feuerwehr-brilon.de\/?cat=102"},"img":{"alt_text":"","src":"https:\/\/i0.wp.com\/www.feuerwehr-brilon.de\/wp-up\/2020\/08\/Tueroeffnung.jpg?resize=350%2C200&ssl=1","width":350,"height":200,"srcset":"https:\/\/i0.wp.com\/www.feuerwehr-brilon.de\/wp-up\/2020\/08\/Tueroeffnung.jpg?resize=350%2C200&ssl=1 1x, https:\/\/i0.wp.com\/www.feuerwehr-brilon.de\/wp-up\/2020\/08\/Tueroeffnung.jpg?resize=525%2C300&ssl=1 1.5x, https:\/\/i0.wp.com\/www.feuerwehr-brilon.de\/wp-up\/2020\/08\/Tueroeffnung.jpg?resize=700%2C400&ssl=1 2x"},"classes":[]},{"id":31725,"url":"https:\/\/www.feuerwehr-brilon.de\/?p=31725","url_meta":{"origin":30908,"position":5},"title":"+++ Einsatz +++","author":"Andreas Becker","date":"13. November 2023","format":false,"excerpt":"13.11. 17:07Uhr, Hilfeleistung, H0 Hochwasser, Brilon, M\u00fchlenweg, Stra\u00dfe \u00fcberflutet","rel":"","context":"In &quot;Alarmierungen&quot;","block_context":{"text":"Alarmierungen","link":"https:\/\/www.feuerwehr-brilon.de\/?cat=102"},"img":{"alt_text":"","src":"https:\/\/i0.wp.com\/www.feuerwehr-brilon.de\/wp-up\/2022\/09\/sym_gwl2.jpg?resize=350%2C200&ssl=1","width":350,"height":200,"srcset":"https:\/\/i0.wp.com\/www.feuerwehr-brilon.de\/wp-up\/2022\/09\/sym_gwl2.jpg?resize=350%2C200&ssl=1 1x, https:\/\/i0.wp.com\/www.feuerwehr-brilon.de\/wp-up\/2022\/09\/sym_gwl2.jpg?resize=525%2C300&ssl=1 1.5x, https:\/\/i0.wp.com\/www.feuerwehr-brilon.de\/wp-up\/2022\/09\/sym_gwl2.jpg?resize=700%2C400&ssl=1 2x"},"classes":[]}],"_links":{"self":[{"href":"https:\/\/www.feuerwehr-brilon.de\/index.php?rest_route=\/wp\/v2\/posts\/30908","targetHints":{"allow":["GET"]}}],"collection":[{"href":"https:\/\/www.feuerwehr-brilon.de\/index.php?rest_route=\/wp\/v2\/posts"}],"about":[{"href":"https:\/\/www.feuerwehr-brilon.de\/index.php?rest_route=\/wp\/v2\/types\/post"}],"author":[{"embeddable":true,"href":"https:\/\/www.feuerwehr-brilon.de\/index.php?rest_route=\/wp\/v2\/users\/8"}],"replies":[{"embeddable":true,"href":"https:\/\/www.feuerwehr-brilon.de\/index.php?rest_route=%2Fwp%2Fv2%2Fcomments&post=30908"}],"version-history":[{"count":1,"href":"https:\/\/www.feuerwehr-brilon.de\/index.php?rest_route=\/wp\/v2\/posts\/30908\/revisions"}],"predecessor-version":[{"id":30909,"href":"https:\/\/www.feuerwehr-brilon.de\/index.php?rest_route=\/wp\/v2\/posts\/30908\/revisions\/30909"}],"wp:featuredmedia":[{"embeddable":true,"href":"https:\/\/www.feuerwehr-brilon.de\/index.php?rest_route=\/wp\/v2\/media\/30892"}],"wp:attachment":[{"href":"https:\/\/www.feuerwehr-brilon.de\/index.php?rest_route=%2Fwp%2Fv2%2Fmedia&parent=30908"}],"wp:term":[{"taxonomy":"category","embeddable":true,"href":"https:\/\/www.feuerwehr-brilon.de\/index.php?rest_route=%2Fwp%2Fv2%2Fcategories&post=30908"},{"taxonomy":"post_tag","embeddable":true,"href":"https:\/\/www.feuerwehr-brilon.de\/index.php?rest_route=%2Fwp%2Fv2%2Ftags&post=30908"}],"curies":[{"name":"wp","href":"https:\/\/api.w.org\/{rel}","templated":true}]}}