{"id":30952,"date":"2023-04-03T13:54:05","date_gmt":"2023-04-03T11:54:05","guid":{"rendered":"https:\/\/www.feuerwehr-brilon.de\/?p=30952"},"modified":"2023-04-03T13:54:05","modified_gmt":"2023-04-03T11:54:05","slug":"einsatz-737","status":"publish","type":"post","link":"https:\/\/www.feuerwehr-brilon.de\/?p=30952","title":{"rendered":"+++ Einsatz +++"},"content":{"rendered":"<p>01.04. 11:24Uhr, Hilfeleistung, H0 \u00d6lspur, Brilon, Ketteler Stra\u00dfe, Stra\u00dfenverunreinigung durch Betriebsmittel<\/p>\n","protected":false},"excerpt":{"rendered":"<p>01.04. 11:24Uhr, Hilfeleistung, H0 \u00d6lspur, Brilon, Ketteler Stra\u00dfe, Stra\u00dfenverunreinigung durch Betriebsmittel<\/p>\n","protected":false},"author":5,"featured_media":30954,"comment_status":"closed","ping_status":"closed","sticky":false,"template":"","format":"standard","meta":{"_exactmetrics_skip_tracking":false,"_exactmetrics_sitenote_active":false,"_exactmetrics_sitenote_note":"","_exactmetrics_sitenote_category":0,"jetpack_post_was_ever_published":false,"_jetpack_newsletter_access":"","_jetpack_dont_email_post_to_subs":false,"_jetpack_newsletter_tier_id":0,"_jetpack_memberships_contains_paywalled_content":false,"_jetpack_memberships_contains_paid_content":false,"footnotes":""},"categories":[102],"tags":[],"class_list":["post-30952","post","type-post","status-publish","format-standard","has-post-thumbnail","hentry","category-alarmierungen"],"jetpack_featured_media_url":"https:\/\/www.feuerwehr-brilon.de\/wp-up\/2023\/04\/2023-04-01-Oelspur.jpg","jetpack_shortlink":"https:\/\/wp.me\/pCIJa-83e","jetpack_sharing_enabled":true,"jetpack-related-posts":[{"id":31335,"url":"https:\/\/www.feuerwehr-brilon.de\/?p=31335","url_meta":{"origin":30952,"position":0},"title":"+++ Einsatz +++","author":"Marcus Bange","date":"7. Juli 2023","format":false,"excerpt":"02.07. 14:18Uhr, Hilfeleistung, H0 \u00d6lspur, Brilon, Obere Mauer, Stra\u00dfenverunreinigung durch Betriebsmittel, Dieselspur","rel":"","context":"In &quot;Alarmierungen&quot;","block_context":{"text":"Alarmierungen","link":"https:\/\/www.feuerwehr-brilon.de\/?cat=102"},"img":{"alt_text":"","src":"https:\/\/i0.wp.com\/www.feuerwehr-brilon.de\/wp-up\/2023\/07\/Oelspur-1.jpg?resize=350%2C200&ssl=1","width":350,"height":200,"srcset":"https:\/\/i0.wp.com\/www.feuerwehr-brilon.de\/wp-up\/2023\/07\/Oelspur-1.jpg?resize=350%2C200&ssl=1 1x, https:\/\/i0.wp.com\/www.feuerwehr-brilon.de\/wp-up\/2023\/07\/Oelspur-1.jpg?resize=525%2C300&ssl=1 1.5x, https:\/\/i0.wp.com\/www.feuerwehr-brilon.de\/wp-up\/2023\/07\/Oelspur-1.jpg?resize=700%2C400&ssl=1 2x"},"classes":[]},{"id":32619,"url":"https:\/\/www.feuerwehr-brilon.de\/?p=32619","url_meta":{"origin":30952,"position":1},"title":"+++ Einsatz +++","author":"Marcus Bange","date":"18. Juli 2024","format":false,"excerpt":"17.07. 17:48Uhr, Hilfeleistung, H0 \u00d6lspur, R\u00f6senbeck, Steinborn B7 H\u00f6he Sportplatz, Stra\u00dfenverunreinigung durch Betriebsmittel","rel":"","context":"In &quot;Alarmierungen&quot;","block_context":{"text":"Alarmierungen","link":"https:\/\/www.feuerwehr-brilon.de\/?cat=102"},"img":{"alt_text":"","src":"https:\/\/i0.wp.com\/www.feuerwehr-brilon.de\/wp-up\/2012\/10\/tsfw_roes_3_.jpg?resize=350%2C200&ssl=1","width":350,"height":200,"srcset":"https:\/\/i0.wp.com\/www.feuerwehr-brilon.de\/wp-up\/2012\/10\/tsfw_roes_3_.jpg?resize=350%2C200&ssl=1 1x, https:\/\/i0.wp.com\/www.feuerwehr-brilon.de\/wp-up\/2012\/10\/tsfw_roes_3_.jpg?resize=525%2C300&ssl=1 1.5x, https:\/\/i0.wp.com\/www.feuerwehr-brilon.de\/wp-up\/2012\/10\/tsfw_roes_3_.jpg?resize=700%2C400&ssl=1 2x"},"classes":[]},{"id":33874,"url":"https:\/\/www.feuerwehr-brilon.de\/?p=33874","url_meta":{"origin":30952,"position":2},"title":"+++ Einsatz +++","author":"Andreas Becker","date":"10. Oktober 2025","format":false,"excerpt":"08.10. 07:24Uhr, Hilfeleistung, H0 \u00d6lspur, Th\u00fclen, B7 - Th\u00fclener Kreuz, \u00d6lspur","rel":"","context":"In &quot;Alarmierungen&quot;","block_context":{"text":"Alarmierungen","link":"https:\/\/www.feuerwehr-brilon.de\/?cat=102"},"img":{"alt_text":"","src":"","width":0,"height":0},"classes":[]},{"id":34067,"url":"https:\/\/www.feuerwehr-brilon.de\/?p=34067","url_meta":{"origin":30952,"position":3},"title":"+++ Einsatz +++","author":"Erwin Mungenast","date":"6. Dezember 2025","format":false,"excerpt":"04.12. 16:57Uhr, Hilfeleistung, H0 \u00d6lspur, Brilon, Antoniusstr., ausl. Betriebsmittel","rel":"","context":"In &quot;Alarmierungen&quot;","block_context":{"text":"Alarmierungen","link":"https:\/\/www.feuerwehr-brilon.de\/?cat=102"},"img":{"alt_text":"","src":"","width":0,"height":0},"classes":[]},{"id":34458,"url":"https:\/\/www.feuerwehr-brilon.de\/?p=34458","url_meta":{"origin":30952,"position":4},"title":"+++ Einsatz +++","author":"Erwin Mungenast","date":"5. M\u00e4rz 2026","format":false,"excerpt":"04.03. 22:33Uhr, Hilfeleistung, H0 \u00d6lspur, Brilon, Ostring \/ B7->Scharfenb., ausl. Betriebsmittel","rel":"","context":"In &quot;Alarmierungen&quot;","block_context":{"text":"Alarmierungen","link":"https:\/\/www.feuerwehr-brilon.de\/?cat=102"},"img":{"alt_text":"","src":"","width":0,"height":0},"classes":[]},{"id":33886,"url":"https:\/\/www.feuerwehr-brilon.de\/?p=33886","url_meta":{"origin":30952,"position":5},"title":"+++ Einsatz +++","author":"Erwin Mungenast","date":"11. Oktober 2025","format":false,"excerpt":"11.10. 17:08Uhr, Hilfeleistung, H0 \u00d6lspur, W\u00fclfte, Am Kapellenstein, auslaufende Betriebsmittel","rel":"","context":"In &quot;Alarmierungen&quot;","block_context":{"text":"Alarmierungen","link":"https:\/\/www.feuerwehr-brilon.de\/?cat=102"},"img":{"alt_text":"","src":"","width":0,"height":0},"classes":[]}],"_links":{"self":[{"href":"https:\/\/www.feuerwehr-brilon.de\/index.php?rest_route=\/wp\/v2\/posts\/30952","targetHints":{"allow":["GET"]}}],"collection":[{"href":"https:\/\/www.feuerwehr-brilon.de\/index.php?rest_route=\/wp\/v2\/posts"}],"about":[{"href":"https:\/\/www.feuerwehr-brilon.de\/index.php?rest_route=\/wp\/v2\/types\/post"}],"author":[{"embeddable":true,"href":"https:\/\/www.feuerwehr-brilon.de\/index.php?rest_route=\/wp\/v2\/users\/5"}],"replies":[{"embeddable":true,"href":"https:\/\/www.feuerwehr-brilon.de\/index.php?rest_route=%2Fwp%2Fv2%2Fcomments&post=30952"}],"version-history":[{"count":2,"href":"https:\/\/www.feuerwehr-brilon.de\/index.php?rest_route=\/wp\/v2\/posts\/30952\/revisions"}],"predecessor-version":[{"id":30955,"href":"https:\/\/www.feuerwehr-brilon.de\/index.php?rest_route=\/wp\/v2\/posts\/30952\/revisions\/30955"}],"wp:featuredmedia":[{"embeddable":true,"href":"https:\/\/www.feuerwehr-brilon.de\/index.php?rest_route=\/wp\/v2\/media\/30954"}],"wp:attachment":[{"href":"https:\/\/www.feuerwehr-brilon.de\/index.php?rest_route=%2Fwp%2Fv2%2Fmedia&parent=30952"}],"wp:term":[{"taxonomy":"category","embeddable":true,"href":"https:\/\/www.feuerwehr-brilon.de\/index.php?rest_route=%2Fwp%2Fv2%2Fcategories&post=30952"},{"taxonomy":"post_tag","embeddable":true,"href":"https:\/\/www.feuerwehr-brilon.de\/index.php?rest_route=%2Fwp%2Fv2%2Ftags&post=30952"}],"curies":[{"name":"wp","href":"https:\/\/api.w.org\/{rel}","templated":true}]}}