{"id":30974,"date":"2023-04-12T17:49:10","date_gmt":"2023-04-12T15:49:10","guid":{"rendered":"https:\/\/www.feuerwehr-brilon.de\/?p=30974"},"modified":"2023-04-12T17:49:10","modified_gmt":"2023-04-12T15:49:10","slug":"einsatz-743","status":"publish","type":"post","link":"https:\/\/www.feuerwehr-brilon.de\/?p=30974","title":{"rendered":"+++ Einsatz +++"},"content":{"rendered":"<p>12.04. 09:34Uhr, Hilfeleistung, H0 T\u00fcr, Gudenhagen\/Petersb., Schmelterfeld, T\u00fcr\u00f6ffnung<\/p>\n","protected":false},"excerpt":{"rendered":"<p>12.04. 09:34Uhr, Hilfeleistung, H0 T\u00fcr, Gudenhagen\/Petersb., Schmelterfeld, T\u00fcr\u00f6ffnung<\/p>\n","protected":false},"author":5,"featured_media":30703,"comment_status":"closed","ping_status":"closed","sticky":false,"template":"","format":"standard","meta":{"_exactmetrics_skip_tracking":false,"_exactmetrics_sitenote_active":false,"_exactmetrics_sitenote_note":"","_exactmetrics_sitenote_category":0,"jetpack_post_was_ever_published":false,"_jetpack_newsletter_access":"","_jetpack_dont_email_post_to_subs":false,"_jetpack_newsletter_tier_id":0,"_jetpack_memberships_contains_paywalled_content":false,"_jetpack_memberships_contains_paid_content":false,"footnotes":""},"categories":[102],"tags":[],"class_list":["post-30974","post","type-post","status-publish","format-standard","has-post-thumbnail","hentry","category-alarmierungen"],"jetpack_featured_media_url":"https:\/\/www.feuerwehr-brilon.de\/wp-up\/2023\/02\/ezy-watermark_13-09-2022_10-44-42am.jpg","jetpack_shortlink":"https:\/\/wp.me\/pCIJa-83A","jetpack_sharing_enabled":true,"jetpack-related-posts":[{"id":34102,"url":"https:\/\/www.feuerwehr-brilon.de\/?p=34102","url_meta":{"origin":30974,"position":0},"title":"+++ Einsatz +++","author":"Erwin Mungenast","date":"16. Dezember 2025","format":false,"excerpt":"14.12. 09:43Uhr, Hilfeleistung, H0 T\u00fcr, Gudenhagen\/Petersb., R\u00fcbezahlweg, T\u00fcr\u00f6ffnung","rel":"","context":"In &quot;Alarmierungen&quot;","block_context":{"text":"Alarmierungen","link":"https:\/\/www.feuerwehr-brilon.de\/?cat=102"},"img":{"alt_text":"","src":"","width":0,"height":0},"classes":[]},{"id":34470,"url":"https:\/\/www.feuerwehr-brilon.de\/?p=34470","url_meta":{"origin":30974,"position":1},"title":"+++ Einsatz +++","author":"Erwin Mungenast","date":"8. M\u00e4rz 2026","format":false,"excerpt":"07.03. 08:39Uhr, Hilfeleistung, H0 T\u00fcr, Gudenhagen\/Petersb., R\u00fcbezahlweg, T\u00fcr\u00f6ffnung","rel":"","context":"In &quot;Alarmierungen&quot;","block_context":{"text":"Alarmierungen","link":"https:\/\/www.feuerwehr-brilon.de\/?cat=102"},"img":{"alt_text":"","src":"","width":0,"height":0},"classes":[]},{"id":34506,"url":"https:\/\/www.feuerwehr-brilon.de\/?p=34506","url_meta":{"origin":30974,"position":2},"title":"+++ Einsatz +++","author":"Erwin Mungenast","date":"22. M\u00e4rz 2026","format":false,"excerpt":"15.03. 15:47Uhr, Hilfeleistung, H0 T\u00fcr, Gudenhagen\/Petersb., R\u00fcbezahlweg, T\u00fcr\u00f6ffnung","rel":"","context":"In &quot;Alarmierungen&quot;","block_context":{"text":"Alarmierungen","link":"https:\/\/www.feuerwehr-brilon.de\/?cat=102"},"img":{"alt_text":"","src":"","width":0,"height":0},"classes":[]},{"id":33986,"url":"https:\/\/www.feuerwehr-brilon.de\/?p=33986","url_meta":{"origin":30974,"position":3},"title":"+++Einsatz+++","author":"Erwin Mungenast","date":"31. Oktober 2025","format":false,"excerpt":"30.10. 20:52Uhr, Hilfeleistung, H0 \u00d6lspur, Gudenhagen\/Petersb., Schmelterfeld, \u00d6lspur","rel":"","context":"In &quot;Alarmierungen&quot;","block_context":{"text":"Alarmierungen","link":"https:\/\/www.feuerwehr-brilon.de\/?cat=102"},"img":{"alt_text":"","src":"","width":0,"height":0},"classes":[]},{"id":33724,"url":"https:\/\/www.feuerwehr-brilon.de\/?p=33724","url_meta":{"origin":30974,"position":4},"title":"+++ Einsatz +++","author":"Andreas Becker","date":"9. September 2025","format":false,"excerpt":"09.09. 10:34Uhr, Hilfeleistung, H0 T\u00fcr, Brilon, M\u00fcggenborn, T\u00fcr\u00f6ffnung","rel":"","context":"In &quot;Alarmierungen&quot;","block_context":{"text":"Alarmierungen","link":"https:\/\/www.feuerwehr-brilon.de\/?cat=102"},"img":{"alt_text":"","src":"","width":0,"height":0},"classes":[]},{"id":21926,"url":"https:\/\/www.feuerwehr-brilon.de\/?p=21926","url_meta":{"origin":30974,"position":5},"title":"+++ Einsatz +++","author":"Andreas Becker","date":"4. Dezember 2019","format":false,"excerpt":"04.12. 15:08Uhr, Hilfeleistung, H0 T\u00fcr, Gudenhagen, R\u00fcbezahlweg, T\u00fcr\u00f6ffnung","rel":"","context":"In &quot;Alarmierungen&quot;","block_context":{"text":"Alarmierungen","link":"https:\/\/www.feuerwehr-brilon.de\/?cat=102"},"img":{"alt_text":"","src":"","width":0,"height":0},"classes":[]}],"_links":{"self":[{"href":"https:\/\/www.feuerwehr-brilon.de\/index.php?rest_route=\/wp\/v2\/posts\/30974","targetHints":{"allow":["GET"]}}],"collection":[{"href":"https:\/\/www.feuerwehr-brilon.de\/index.php?rest_route=\/wp\/v2\/posts"}],"about":[{"href":"https:\/\/www.feuerwehr-brilon.de\/index.php?rest_route=\/wp\/v2\/types\/post"}],"author":[{"embeddable":true,"href":"https:\/\/www.feuerwehr-brilon.de\/index.php?rest_route=\/wp\/v2\/users\/5"}],"replies":[{"embeddable":true,"href":"https:\/\/www.feuerwehr-brilon.de\/index.php?rest_route=%2Fwp%2Fv2%2Fcomments&post=30974"}],"version-history":[{"count":1,"href":"https:\/\/www.feuerwehr-brilon.de\/index.php?rest_route=\/wp\/v2\/posts\/30974\/revisions"}],"predecessor-version":[{"id":30975,"href":"https:\/\/www.feuerwehr-brilon.de\/index.php?rest_route=\/wp\/v2\/posts\/30974\/revisions\/30975"}],"wp:featuredmedia":[{"embeddable":true,"href":"https:\/\/www.feuerwehr-brilon.de\/index.php?rest_route=\/wp\/v2\/media\/30703"}],"wp:attachment":[{"href":"https:\/\/www.feuerwehr-brilon.de\/index.php?rest_route=%2Fwp%2Fv2%2Fmedia&parent=30974"}],"wp:term":[{"taxonomy":"category","embeddable":true,"href":"https:\/\/www.feuerwehr-brilon.de\/index.php?rest_route=%2Fwp%2Fv2%2Fcategories&post=30974"},{"taxonomy":"post_tag","embeddable":true,"href":"https:\/\/www.feuerwehr-brilon.de\/index.php?rest_route=%2Fwp%2Fv2%2Ftags&post=30974"}],"curies":[{"name":"wp","href":"https:\/\/api.w.org\/{rel}","templated":true}]}}