{"id":31028,"date":"2023-04-22T19:13:11","date_gmt":"2023-04-22T17:13:11","guid":{"rendered":"https:\/\/www.feuerwehr-brilon.de\/?p=31028"},"modified":"2023-04-22T19:13:11","modified_gmt":"2023-04-22T17:13:11","slug":"einsatz-748","status":"publish","type":"post","link":"https:\/\/www.feuerwehr-brilon.de\/?p=31028","title":{"rendered":"+++ Einsatz +++"},"content":{"rendered":"<p>22.04. 12:22Uhr, Hilfeleistung, H0 \u00d6lspur, Brilon, B516, \u00d6lspur nach VU<\/p>\n","protected":false},"excerpt":{"rendered":"<p>22.04. 12:22Uhr, Hilfeleistung, H0 \u00d6lspur, Brilon, B516, \u00d6lspur nach VU<\/p>\n","protected":false},"author":8,"featured_media":30863,"comment_status":"closed","ping_status":"closed","sticky":false,"template":"","format":"standard","meta":{"_exactmetrics_skip_tracking":false,"_exactmetrics_sitenote_active":false,"_exactmetrics_sitenote_note":"","_exactmetrics_sitenote_category":0,"jetpack_post_was_ever_published":false,"_jetpack_newsletter_access":"","_jetpack_dont_email_post_to_subs":false,"_jetpack_newsletter_tier_id":0,"_jetpack_memberships_contains_paywalled_content":false,"_jetpack_memberships_contains_paid_content":false,"footnotes":""},"categories":[102],"tags":[],"class_list":["post-31028","post","type-post","status-publish","format-standard","has-post-thumbnail","hentry","category-alarmierungen"],"jetpack_featured_media_url":"https:\/\/www.feuerwehr-brilon.de\/wp-up\/2023\/03\/sym_sign.jpg","jetpack_shortlink":"https:\/\/wp.me\/pCIJa-84s","jetpack_sharing_enabled":true,"jetpack-related-posts":[{"id":32556,"url":"https:\/\/www.feuerwehr-brilon.de\/?p=32556","url_meta":{"origin":31028,"position":0},"title":"+++ Einsatz +++","author":"Andreas Becker","date":"6. Juli 2024","format":false,"excerpt":"05.07. 15:22Uhr, Hilfeleistung, H0 \u00d6lspur, Brilon, B7 - Ostring, \u00d6lspur","rel":"","context":"In &quot;Alarmierungen&quot;","block_context":{"text":"Alarmierungen","link":"https:\/\/www.feuerwehr-brilon.de\/?cat=102"},"img":{"alt_text":"","src":"https:\/\/i0.wp.com\/www.feuerwehr-brilon.de\/wp-up\/2024\/06\/Oel_sym.jpg?resize=350%2C200&ssl=1","width":350,"height":200,"srcset":"https:\/\/i0.wp.com\/www.feuerwehr-brilon.de\/wp-up\/2024\/06\/Oel_sym.jpg?resize=350%2C200&ssl=1 1x, https:\/\/i0.wp.com\/www.feuerwehr-brilon.de\/wp-up\/2024\/06\/Oel_sym.jpg?resize=525%2C300&ssl=1 1.5x, https:\/\/i0.wp.com\/www.feuerwehr-brilon.de\/wp-up\/2024\/06\/Oel_sym.jpg?resize=700%2C400&ssl=1 2x, https:\/\/i0.wp.com\/www.feuerwehr-brilon.de\/wp-up\/2024\/06\/Oel_sym.jpg?resize=1050%2C600&ssl=1 3x"},"classes":[]},{"id":21931,"url":"https:\/\/www.feuerwehr-brilon.de\/?p=21931","url_meta":{"origin":31028,"position":1},"title":"+++ Einsatz +++","author":"Andreas Becker","date":"10. Dezember 2019","format":false,"excerpt":"09.12. 22:43Uhr, Hilfeleistung, H0 \u00d6lspur, W\u00fclfte, B516, \u00d6lspur","rel":"","context":"In &quot;Alarmierungen&quot;","block_context":{"text":"Alarmierungen","link":"https:\/\/www.feuerwehr-brilon.de\/?cat=102"},"img":{"alt_text":"","src":"","width":0,"height":0},"classes":[]},{"id":33620,"url":"https:\/\/www.feuerwehr-brilon.de\/?p=33620","url_meta":{"origin":31028,"position":2},"title":"+++ Einsatz +++","author":"Andreas Becker","date":"25. Juli 2025","format":false,"excerpt":"25.07. 14:13Uhr, Hilfeleistung, H0 \u00d6lspur, Scharfenberg, B516, \u00d6lspur","rel":"","context":"In &quot;Alarmierungen&quot;","block_context":{"text":"Alarmierungen","link":"https:\/\/www.feuerwehr-brilon.de\/?cat=102"},"img":{"alt_text":"","src":"","width":0,"height":0},"classes":[]},{"id":32963,"url":"https:\/\/www.feuerwehr-brilon.de\/?p=32963","url_meta":{"origin":31028,"position":3},"title":"+++ Einsatz +++","author":"Andreas Becker","date":"8. November 2024","format":false,"excerpt":"08.11. 18:34Uhr, Hilfeleistung, H0 \u00d6lspur, Scharfenberg, B516 \/ B480, \u00d6lspur","rel":"","context":"In &quot;Alarmierungen&quot;","block_context":{"text":"Alarmierungen","link":"https:\/\/www.feuerwehr-brilon.de\/?cat=102"},"img":{"alt_text":"","src":"","width":0,"height":0},"classes":[]},{"id":33446,"url":"https:\/\/www.feuerwehr-brilon.de\/?p=33446","url_meta":{"origin":31028,"position":4},"title":"+++ Einsatz +++","author":"Andreas Becker","date":"12. Mai 2025","format":false,"excerpt":"12.05. 19:11Uhr, Hilfeleistung, H0 \u00d6lspur, Brilon, Plattenberg, \u00d6lspur nach VU","rel":"","context":"In &quot;Alarmierungen&quot;","block_context":{"text":"Alarmierungen","link":"https:\/\/www.feuerwehr-brilon.de\/?cat=102"},"img":{"alt_text":"","src":"","width":0,"height":0},"classes":[]},{"id":22606,"url":"https:\/\/www.feuerwehr-brilon.de\/?p=22606","url_meta":{"origin":31028,"position":5},"title":"+++ Einsatz +++","author":"Andreas Becker","date":"31. Juli 2020","format":false,"excerpt":"31.07. 02:48Uhr, Hilfeleistung, H0 \u00d6lspur, Brilon, L870 -> Hoppecke, \u00d6lspur nach VU","rel":"","context":"In &quot;Alarmierungen&quot;","block_context":{"text":"Alarmierungen","link":"https:\/\/www.feuerwehr-brilon.de\/?cat=102"},"img":{"alt_text":"","src":"https:\/\/i0.wp.com\/www.feuerwehr-brilon.de\/wp-up\/2020\/02\/Oelspur.jpg?resize=350%2C200&ssl=1","width":350,"height":200,"srcset":"https:\/\/i0.wp.com\/www.feuerwehr-brilon.de\/wp-up\/2020\/02\/Oelspur.jpg?resize=350%2C200&ssl=1 1x, https:\/\/i0.wp.com\/www.feuerwehr-brilon.de\/wp-up\/2020\/02\/Oelspur.jpg?resize=525%2C300&ssl=1 1.5x"},"classes":[]}],"_links":{"self":[{"href":"https:\/\/www.feuerwehr-brilon.de\/index.php?rest_route=\/wp\/v2\/posts\/31028","targetHints":{"allow":["GET"]}}],"collection":[{"href":"https:\/\/www.feuerwehr-brilon.de\/index.php?rest_route=\/wp\/v2\/posts"}],"about":[{"href":"https:\/\/www.feuerwehr-brilon.de\/index.php?rest_route=\/wp\/v2\/types\/post"}],"author":[{"embeddable":true,"href":"https:\/\/www.feuerwehr-brilon.de\/index.php?rest_route=\/wp\/v2\/users\/8"}],"replies":[{"embeddable":true,"href":"https:\/\/www.feuerwehr-brilon.de\/index.php?rest_route=%2Fwp%2Fv2%2Fcomments&post=31028"}],"version-history":[{"count":0,"href":"https:\/\/www.feuerwehr-brilon.de\/index.php?rest_route=\/wp\/v2\/posts\/31028\/revisions"}],"wp:featuredmedia":[{"embeddable":true,"href":"https:\/\/www.feuerwehr-brilon.de\/index.php?rest_route=\/wp\/v2\/media\/30863"}],"wp:attachment":[{"href":"https:\/\/www.feuerwehr-brilon.de\/index.php?rest_route=%2Fwp%2Fv2%2Fmedia&parent=31028"}],"wp:term":[{"taxonomy":"category","embeddable":true,"href":"https:\/\/www.feuerwehr-brilon.de\/index.php?rest_route=%2Fwp%2Fv2%2Fcategories&post=31028"},{"taxonomy":"post_tag","embeddable":true,"href":"https:\/\/www.feuerwehr-brilon.de\/index.php?rest_route=%2Fwp%2Fv2%2Ftags&post=31028"}],"curies":[{"name":"wp","href":"https:\/\/api.w.org\/{rel}","templated":true}]}}