{"id":31157,"date":"2023-05-05T13:24:46","date_gmt":"2023-05-05T11:24:46","guid":{"rendered":"https:\/\/www.feuerwehr-brilon.de\/?p=31157"},"modified":"2023-05-05T13:24:46","modified_gmt":"2023-05-05T11:24:46","slug":"kellerbrand-in-brilon-alme","status":"publish","type":"post","link":"https:\/\/www.feuerwehr-brilon.de\/?p=31157","title":{"rendered":"Kellerbrand in Brilon-Alme"},"content":{"rendered":"<p><a href=\"https:\/\/www.feuerwehr-brilon.de\/?p=31157\"><img loading=\"lazy\" decoding=\"async\" src=\"https:\/\/www.feuerwehr-brilon.de\/wp-up\/2023\/05\/Brand-Alme-1-150x113.jpg\" alt=\"\" width=\"150\" height=\"84\" class=\"alignleft size-thumbnail wp-image-31159\" \/><\/a><a title=\"Alme\" href=\"http:\/\/www.feuerwehr-brilon.de\/?page_id=27\" target=\"_blank\" rel=\"noopener\">Alme. <\/a>Die Feuerwehr Brilon wurde am Freitagmorgen zu einem Kellerbrand in die Burgstra\u00dfe nach Alme alarmiert (05.05.2023, 08:00 Uhr). Dort war im Bereich einer Feststoffheizung ein Feuer ausgebrochen.<!--more--><\/p>\n<p>Personen befanden sich bei Eintreffen der Feuerwehr nicht mehr im Geb\u00e4ude. Der Brand konnte unter Einsatz von schwerem Atemschutz schnell abgel\u00f6scht und brennende Holzreste aus dem Heizungskeller entfernt werden. Das gesamte Geb\u00e4ude wurde mit einem Hochleistungsl\u00fcfter bel\u00fcftet und abschlie\u00dfend der Kamin \u00fcber die Drehleiter kontrolliert. <\/p>\n<p>Personen kamen nicht zu Schaden. Der Einsatz konnte nach rund 1 \u00bd Stunden beendet werden. Insgesamt 30 Einsatzkr\u00e4fte der L\u00f6schgruppen Alme, Th\u00fclen, W\u00fclfte und des L\u00f6schzuges Brilon waren vor Ort. Zur Brandursache und zur H\u00f6he des Sachschadens liegen der Feuerwehr keine Angaben vor.<\/p>\n<p style=\"border-color: #696969; border-width: 2px; border-style: solid; padding: 4px;\"><strong>Eingesetzte Einheiten:<\/strong><br \/>\n<a href=\"http:\/\/www.feuerwehr-brilon.de\/?page_id=27\"><img loading=\"lazy\" decoding=\"async\" class=\"alignnone\" title=\"lg alme\" src=\"http:\/\/www.feuerwehr-brilon.de\/images\/einsatz_details\/lg_alme.jpg\" alt=\"\" width=\"110\" height=\"31\" \/><\/a><a href=\"http:\/\/www.feuerwehr-brilon.de\/?page_id=30\"><img loading=\"lazy\" decoding=\"async\" class=\"alignnone\" title=\"lg th\u00fclen\" src=\"http:\/\/www.feuerwehr-brilon.de\/images\/einsatz_details\/lg_thuelen.jpg\" alt=\"\" width=\"110\" height=\"31\" \/><\/a><a href=\"http:\/\/www.feuerwehr-brilon.de\/?page_id=26\"><img loading=\"lazy\" decoding=\"async\" class=\"alignnone\" title=\"lg w\u00fclfte\" src=\"http:\/\/www.feuerwehr-brilon.de\/images\/einsatz_details\/lg_wuelfte.jpg\" alt=\"\" width=\"110\" height=\"31\" \/><\/a><a href=\"http:\/\/www.feuerwehr-brilon.de\/?page_id=7\"><img loading=\"lazy\" decoding=\"async\" class=\"alignnone\" title=\"lz brilon\" src=\"http:\/\/www.feuerwehr-brilon.de\/images\/einsatz_details\/lz_brilon.jpg\" alt=\"\" width=\"110\" height=\"31\" \/><\/a><\/p>\n<p style=\"border-color: #696969; border-width: 2px; border-style: solid; padding: 4px;\"><strong>Eingesetzte Fahrzeuge:<\/strong><br \/>\n<a href=\"http:\/\/www.feuerwehr-brilon.de\/?page_id=812\"><img loading=\"lazy\" decoding=\"async\" class=\"alignnone\" title=\"StLF\" src=\"http:\/\/www.feuerwehr-brilon.de\/images\/einsatz_details\/054802.jpg\" alt=\"\" width=\"110\" height=\"31\" \/><\/a><a href=\"http:\/\/www.feuerwehr-brilon.de\/?page_id=817\"><img loading=\"lazy\" decoding=\"async\" class=\"alignnone\" title=\"StLF10\/6\" src=\"http:\/\/www.feuerwehr-brilon.de\/images\/einsatz_details\/054804.jpg\" alt=\"\" width=\"110\" height=\"31\" \/><\/a><a href=\"http:\/\/www.feuerwehr-brilon.de\/?page_id=818\"><img loading=\"lazy\" decoding=\"async\" class=\"alignnone\" title=\"TSF\" src=\"http:\/\/www.feuerwehr-brilon.de\/images\/einsatz_details\/054701.jpg\" alt=\"\" width=\"110\" height=\"31\" \/><\/a><a href=\"http:\/\/www.feuerwehr-brilon.de\/?page_id=749\"><img loading=\"lazy\" decoding=\"async\" class=\"alignnone\" src=\"http:\/\/www.feuerwehr-brilon.de\/images\/einsatz_details\/051101.jpg\" alt=\"\" width=\"110\" height=\"31\" \/><\/a><a href=\"http:\/\/www.feuerwehr-brilon.de\/?page_id=755\"><img loading=\"lazy\" decoding=\"async\" class=\"alignnone\" src=\"http:\/\/www.feuerwehr-brilon.de\/images\/einsatz_details\/hlf201.jpg\" alt=\"\" width=\"110\" height=\"31\" \/><\/a><a href=\"http:\/\/www.feuerwehr-brilon.de\/?page_id=803\"><img loading=\"lazy\" decoding=\"async\" class=\"alignnone\" src=\"http:\/\/www.feuerwehr-brilon.de\/images\/einsatz_details\/053301.jpg\" alt=\"\" width=\"110\" height=\"31\" \/><\/a><a href=\"http:\/\/www.feuerwehr-brilon.de\/?page_id=8508\"><img loading=\"lazy\" decoding=\"async\" class=\"alignnone\" src=\"http:\/\/www.feuerwehr-brilon.de\/images\/einsatz_details\/052401.jpg\" alt=\"\" width=\"110\" height=\"31\" \/><\/a><\/p>\n<p><strong>Bilder:<\/strong><br \/>\n<a rel=\"lightbox\" href=\"https:\/\/www.feuerwehr-brilon.de\/wp-up\/2023\/05\/Brand-Alme-1.jpg\"><img loading=\"lazy\" decoding=\"async\" src=\"https:\/\/www.feuerwehr-brilon.de\/wp-up\/2023\/05\/Brand-Alme-1-150x113.jpg\" alt=\"\" width=\"150\" height=\"113\" class=\"alignnone size-thumbnail wp-image-31159\" srcset=\"https:\/\/www.feuerwehr-brilon.de\/wp-up\/2023\/05\/Brand-Alme-1-150x113.jpg 150w, https:\/\/www.feuerwehr-brilon.de\/wp-up\/2023\/05\/Brand-Alme-1-500x375.jpg 500w, https:\/\/www.feuerwehr-brilon.de\/wp-up\/2023\/05\/Brand-Alme-1.jpg 800w\" sizes=\"auto, (max-width: 150px) 100vw, 150px\" \/><\/a><a rel=\"lightbox\" href=\"https:\/\/www.feuerwehr-brilon.de\/wp-up\/2023\/05\/Brand-Alme-2.jpg\"><img loading=\"lazy\" decoding=\"async\" src=\"https:\/\/www.feuerwehr-brilon.de\/wp-up\/2023\/05\/Brand-Alme-2-150x113.jpg\" alt=\"\" width=\"150\" height=\"113\" class=\"alignnone size-thumbnail wp-image-31160\" srcset=\"https:\/\/www.feuerwehr-brilon.de\/wp-up\/2023\/05\/Brand-Alme-2-150x113.jpg 150w, https:\/\/www.feuerwehr-brilon.de\/wp-up\/2023\/05\/Brand-Alme-2-500x375.jpg 500w, https:\/\/www.feuerwehr-brilon.de\/wp-up\/2023\/05\/Brand-Alme-2.jpg 800w\" sizes=\"auto, (max-width: 150px) 100vw, 150px\" \/><\/a><a rel=\"lightbox\" href=\"https:\/\/www.feuerwehr-brilon.de\/wp-up\/2023\/05\/Brand-Alme-3.jpg\"><img loading=\"lazy\" decoding=\"async\" src=\"https:\/\/www.feuerwehr-brilon.de\/wp-up\/2023\/05\/Brand-Alme-3-150x113.jpg\" alt=\"\" width=\"150\" height=\"113\" class=\"alignnone size-thumbnail wp-image-31161\" srcset=\"https:\/\/www.feuerwehr-brilon.de\/wp-up\/2023\/05\/Brand-Alme-3-150x113.jpg 150w, https:\/\/www.feuerwehr-brilon.de\/wp-up\/2023\/05\/Brand-Alme-3-500x375.jpg 500w, https:\/\/www.feuerwehr-brilon.de\/wp-up\/2023\/05\/Brand-Alme-3.jpg 800w\" sizes=\"auto, (max-width: 150px) 100vw, 150px\" \/><\/a><a rel=\"lightbox\" href=\"https:\/\/www.feuerwehr-brilon.de\/wp-up\/2023\/05\/Brand-Alme-4.jpg\"><img loading=\"lazy\" decoding=\"async\" src=\"https:\/\/www.feuerwehr-brilon.de\/wp-up\/2023\/05\/Brand-Alme-4-150x113.jpg\" alt=\"\" width=\"150\" height=\"113\" class=\"alignnone size-thumbnail wp-image-31162\" srcset=\"https:\/\/www.feuerwehr-brilon.de\/wp-up\/2023\/05\/Brand-Alme-4-150x113.jpg 150w, https:\/\/www.feuerwehr-brilon.de\/wp-up\/2023\/05\/Brand-Alme-4-500x375.jpg 500w, https:\/\/www.feuerwehr-brilon.de\/wp-up\/2023\/05\/Brand-Alme-4.jpg 800w\" sizes=\"auto, (max-width: 150px) 100vw, 150px\" \/><\/a><a rel=\"lightbox\" href=\"https:\/\/www.feuerwehr-brilon.de\/wp-up\/2023\/05\/Brand-Alme-5.jpg\"><img loading=\"lazy\" decoding=\"async\" src=\"https:\/\/www.feuerwehr-brilon.de\/wp-up\/2023\/05\/Brand-Alme-5-150x113.jpg\" alt=\"\" width=\"150\" height=\"113\" class=\"alignnone size-thumbnail wp-image-31163\" srcset=\"https:\/\/www.feuerwehr-brilon.de\/wp-up\/2023\/05\/Brand-Alme-5-150x113.jpg 150w, https:\/\/www.feuerwehr-brilon.de\/wp-up\/2023\/05\/Brand-Alme-5-500x375.jpg 500w, https:\/\/www.feuerwehr-brilon.de\/wp-up\/2023\/05\/Brand-Alme-5.jpg 800w\" sizes=\"auto, (max-width: 150px) 100vw, 150px\" \/><\/a><\/p>\n","protected":false},"excerpt":{"rendered":"<p>Alme. Die Feuerwehr Brilon wurde am Freitagmorgen zu einem Kellerbrand in die Burgstra\u00dfe nach Alme alarmiert (05.05.2023, 08:00 Uhr). Dort war im Bereich einer Feststoffheizung ein Feuer ausgebrochen.<\/p>\n","protected":false},"author":5,"featured_media":31159,"comment_status":"closed","ping_status":"closed","sticky":false,"template":"","format":"standard","meta":{"_exactmetrics_skip_tracking":false,"_exactmetrics_sitenote_active":false,"_exactmetrics_sitenote_note":"","_exactmetrics_sitenote_category":0,"jetpack_post_was_ever_published":false,"_jetpack_newsletter_access":"","_jetpack_dont_email_post_to_subs":false,"_jetpack_newsletter_tier_id":0,"_jetpack_memberships_contains_paywalled_content":false,"_jetpack_memberships_contains_paid_content":false,"footnotes":""},"categories":[335],"tags":[40,197,37,44,52,239,221,42,48,45],"class_list":["post-31157","post","type-post","status-publish","format-standard","has-post-thumbnail","hentry","category-einsatze-2023","tag-alme","tag-brand","tag-brilon","tag-dl-2312-gl","tag-elw","tag-hlf-20","tag-mlf","tag-thulen","tag-tsf","tag-wulfte"],"jetpack_featured_media_url":"https:\/\/www.feuerwehr-brilon.de\/wp-up\/2023\/05\/Brand-Alme-1.jpg","jetpack_shortlink":"https:\/\/wp.me\/pCIJa-86x","jetpack_sharing_enabled":true,"jetpack-related-posts":[{"id":31601,"url":"https:\/\/www.feuerwehr-brilon.de\/?p=31601","url_meta":{"origin":31157,"position":0},"title":"Kellerbrand in Alme","author":"Andreas Becker","date":"23. Oktober 2023","format":false,"excerpt":"Alme. Vom Rauchmelder geweckt wurde eine Familie in Alme am Montagmorgen (23.10.). Dadurch wurde sie auf ein Feuer in ihrem Keller aufmerksam. Umgehend verlie\u00dfen sie das Einfamilienhaus und verst\u00e4ndigten die Feuerwehr. Gegen kurz nach 5 Uhr wurden die Einheiten aus Alme, Nehden, W\u00fclfte, Th\u00fclen und Brilon, sowie der Rettungsdienst mit\u2026","rel":"","context":"In &quot;Eins\u00e4tze 2023&quot;","block_context":{"text":"Eins\u00e4tze 2023","link":"https:\/\/www.feuerwehr-brilon.de\/?cat=335"},"img":{"alt_text":"","src":"https:\/\/i0.wp.com\/www.feuerwehr-brilon.de\/wp-up\/2023\/10\/IMG_9900_hp.jpg?resize=350%2C200&ssl=1","width":350,"height":200,"srcset":"https:\/\/i0.wp.com\/www.feuerwehr-brilon.de\/wp-up\/2023\/10\/IMG_9900_hp.jpg?resize=350%2C200&ssl=1 1x, https:\/\/i0.wp.com\/www.feuerwehr-brilon.de\/wp-up\/2023\/10\/IMG_9900_hp.jpg?resize=525%2C300&ssl=1 1.5x, https:\/\/i0.wp.com\/www.feuerwehr-brilon.de\/wp-up\/2023\/10\/IMG_9900_hp.jpg?resize=700%2C400&ssl=1 2x"},"classes":[]},{"id":24336,"url":"https:\/\/www.feuerwehr-brilon.de\/?p=24336","url_meta":{"origin":31157,"position":1},"title":"Brand einer Garage in Alme","author":"Marcus Bange","date":"22. M\u00e4rz 2022","format":false,"excerpt":"Alme. Die Feuerwehr Brilon hat am Dienstagmittag (22.03.2022) einen Garagenbrand in Alme gel\u00f6scht. Dort waren gegen 11.40 Uhr verschiedene Gegenst\u00e4nde in einer Doppelgarage in Brand geraten. Unter Einsatz von schwerem Atemschutz konnte der Brand auf die Garage begrenzt werden. Ein \u00dcbergreifen an das angebaute Einfamilienwohnhaus wurde so verhindert. Die Bewohner\u2026","rel":"","context":"In &quot;Eins\u00e4tze 2022&quot;","block_context":{"text":"Eins\u00e4tze 2022","link":"https:\/\/www.feuerwehr-brilon.de\/?cat=288"},"img":{"alt_text":"","src":"https:\/\/i0.wp.com\/www.feuerwehr-brilon.de\/wp-up\/2022\/03\/Brand-Alme-1.jpg?resize=350%2C200&ssl=1","width":350,"height":200,"srcset":"https:\/\/i0.wp.com\/www.feuerwehr-brilon.de\/wp-up\/2022\/03\/Brand-Alme-1.jpg?resize=350%2C200&ssl=1 1x, https:\/\/i0.wp.com\/www.feuerwehr-brilon.de\/wp-up\/2022\/03\/Brand-Alme-1.jpg?resize=525%2C300&ssl=1 1.5x, https:\/\/i0.wp.com\/www.feuerwehr-brilon.de\/wp-up\/2022\/03\/Brand-Alme-1.jpg?resize=700%2C400&ssl=1 2x"},"classes":[]},{"id":23511,"url":"https:\/\/www.feuerwehr-brilon.de\/?p=23511","url_meta":{"origin":31157,"position":2},"title":"Kellerbrand in W\u00fclfte","author":"Andreas Becker","date":"29. Mai 2021","format":false,"excerpt":"W\u00fclfte. Aus bislang ungekl\u00e4rter Ursache kam es am Freitagnachmittag (28.5.) in der W\u00fclfter Stra\u00dfe zu einem Kellerbrand in einem Einfamilienhaus. Gl\u00fccklicherweise befand sich die dreik\u00f6pfige Familie zum Zeitpunkt des Brandausbruchs nicht im Geb\u00e4ude. Um 17.36 Uhr wurden die Einheiten aus W\u00fclfte, Alme und Brilon zusammen mit dem Rettungsdienst und der\u2026","rel":"","context":"In &quot;Eins\u00e4tze 2021&quot;","block_context":{"text":"Eins\u00e4tze 2021","link":"https:\/\/www.feuerwehr-brilon.de\/?cat=265"},"img":{"alt_text":"","src":"https:\/\/i0.wp.com\/www.feuerwehr-brilon.de\/wp-up\/2021\/05\/210529_IMG_5007_.jpg?resize=350%2C200&ssl=1","width":350,"height":200,"srcset":"https:\/\/i0.wp.com\/www.feuerwehr-brilon.de\/wp-up\/2021\/05\/210529_IMG_5007_.jpg?resize=350%2C200&ssl=1 1x, https:\/\/i0.wp.com\/www.feuerwehr-brilon.de\/wp-up\/2021\/05\/210529_IMG_5007_.jpg?resize=525%2C300&ssl=1 1.5x, https:\/\/i0.wp.com\/www.feuerwehr-brilon.de\/wp-up\/2021\/05\/210529_IMG_5007_.jpg?resize=700%2C400&ssl=1 2x"},"classes":[]},{"id":34325,"url":"https:\/\/www.feuerwehr-brilon.de\/?p=34325","url_meta":{"origin":31157,"position":3},"title":"Geb\u00e4udebrand in Alme \u2013 weiterer Einsatz bei Verkehrsunfall","author":"Erwin Mungenast","date":"4. Februar 2026","format":false,"excerpt":"Alme. Am Dienstagmorgen (3.2.) gegen 8:49 Uhr wurde die Feuerwehr Brilon zu einem Schornsteinbrand (Stichwort: F2 Schorn) in die Sebastianstra\u00dfe nach Alme alarmiert. Zun\u00e4chst r\u00fcckten die Einheiten Alme, Brilon, Nehden und W\u00fclfte aus. W\u00e4hrend der Anfahrt der Einsatzkr\u00e4fte meldeten weitere Anrufer der Rettungsleitstelle, dass das Feuer bereits auf das Geb\u00e4ude\u2026","rel":"","context":"In &quot;Eins\u00e4tze 2026&quot;","block_context":{"text":"Eins\u00e4tze 2026","link":"https:\/\/www.feuerwehr-brilon.de\/?cat=369"},"img":{"alt_text":"","src":"https:\/\/i0.wp.com\/www.feuerwehr-brilon.de\/wp-up\/2026\/02\/Brand-QF-3-1.jpg?resize=350%2C200&ssl=1","width":350,"height":200,"srcset":"https:\/\/i0.wp.com\/www.feuerwehr-brilon.de\/wp-up\/2026\/02\/Brand-QF-3-1.jpg?resize=350%2C200&ssl=1 1x, https:\/\/i0.wp.com\/www.feuerwehr-brilon.de\/wp-up\/2026\/02\/Brand-QF-3-1.jpg?resize=525%2C300&ssl=1 1.5x, https:\/\/i0.wp.com\/www.feuerwehr-brilon.de\/wp-up\/2026\/02\/Brand-QF-3-1.jpg?resize=700%2C400&ssl=1 2x"},"classes":[]},{"id":34652,"url":"https:\/\/www.feuerwehr-brilon.de\/?p=34652","url_meta":{"origin":31157,"position":4},"title":"Zimmerbrand in W\u00fclfte","author":"Dominik Becker","date":"17. April 2026","format":false,"excerpt":"W\u00fclfte. Am Freitagmorgen (17.04.2026) gegen 5:45 Uhr kam es in Brilon-W\u00fclfte zu einem Zimmerbrand in einem Wohngeb\u00e4ude an der W\u00fclfter Stra\u00dfe. Beim Eintreffen der ersten Einsatzkr\u00e4fte best\u00e4tigte sich die gemeldete Lage: Im Bereich des Wohnzimmers sowie der K\u00fcche war ein Feuer ausgebrochen. Personen befanden sich zu diesem Zeitpunkt nicht mehr\u2026","rel":"","context":"In &quot;Eins\u00e4tze 2026&quot;","block_context":{"text":"Eins\u00e4tze 2026","link":"https:\/\/www.feuerwehr-brilon.de\/?cat=369"},"img":{"alt_text":"","src":"https:\/\/i0.wp.com\/www.feuerwehr-brilon.de\/wp-up\/2026\/04\/F3_Wuelfte_04172026_2-e1776413217689.png?resize=350%2C200&ssl=1","width":350,"height":200,"srcset":"https:\/\/i0.wp.com\/www.feuerwehr-brilon.de\/wp-up\/2026\/04\/F3_Wuelfte_04172026_2-e1776413217689.png?resize=350%2C200&ssl=1 1x, https:\/\/i0.wp.com\/www.feuerwehr-brilon.de\/wp-up\/2026\/04\/F3_Wuelfte_04172026_2-e1776413217689.png?resize=525%2C300&ssl=1 1.5x, https:\/\/i0.wp.com\/www.feuerwehr-brilon.de\/wp-up\/2026\/04\/F3_Wuelfte_04172026_2-e1776413217689.png?resize=700%2C400&ssl=1 2x"},"classes":[]},{"id":23314,"url":"https:\/\/www.feuerwehr-brilon.de\/?p=23314","url_meta":{"origin":31157,"position":5},"title":"Kellerbrand in Madfeld","author":"Andreas Becker","date":"21. M\u00e4rz 2021","format":false,"excerpt":"Madfeld. Am Samstagmorgen (20.3.) kam es im Ortsteil Madfeld zu einem Kellerbrand. Um kurz nach acht wurden Feuerwehr, Rettungsdienst und Polizei zur Stra\u00dfe \u201eTiefer Weg\u201c alarmiert. Gl\u00fccklicherweise war bereits kurz nach Ausr\u00fccken der Einheiten aus Madfeld, Alme, Th\u00fclen, R\u00f6senbeck und Brilon klar, dass sich keiner der Bewohner mehr im Haus\u2026","rel":"","context":"In &quot;Allgemein&quot;","block_context":{"text":"Allgemein","link":"https:\/\/www.feuerwehr-brilon.de\/?cat=1"},"img":{"alt_text":"","src":"https:\/\/i0.wp.com\/www.feuerwehr-brilon.de\/wp-up\/2021\/03\/210321_IMG_6360_.jpg?resize=350%2C200&ssl=1","width":350,"height":200,"srcset":"https:\/\/i0.wp.com\/www.feuerwehr-brilon.de\/wp-up\/2021\/03\/210321_IMG_6360_.jpg?resize=350%2C200&ssl=1 1x, https:\/\/i0.wp.com\/www.feuerwehr-brilon.de\/wp-up\/2021\/03\/210321_IMG_6360_.jpg?resize=525%2C300&ssl=1 1.5x, https:\/\/i0.wp.com\/www.feuerwehr-brilon.de\/wp-up\/2021\/03\/210321_IMG_6360_.jpg?resize=700%2C400&ssl=1 2x"},"classes":[]}],"_links":{"self":[{"href":"https:\/\/www.feuerwehr-brilon.de\/index.php?rest_route=\/wp\/v2\/posts\/31157","targetHints":{"allow":["GET"]}}],"collection":[{"href":"https:\/\/www.feuerwehr-brilon.de\/index.php?rest_route=\/wp\/v2\/posts"}],"about":[{"href":"https:\/\/www.feuerwehr-brilon.de\/index.php?rest_route=\/wp\/v2\/types\/post"}],"author":[{"embeddable":true,"href":"https:\/\/www.feuerwehr-brilon.de\/index.php?rest_route=\/wp\/v2\/users\/5"}],"replies":[{"embeddable":true,"href":"https:\/\/www.feuerwehr-brilon.de\/index.php?rest_route=%2Fwp%2Fv2%2Fcomments&post=31157"}],"version-history":[{"count":2,"href":"https:\/\/www.feuerwehr-brilon.de\/index.php?rest_route=\/wp\/v2\/posts\/31157\/revisions"}],"predecessor-version":[{"id":31164,"href":"https:\/\/www.feuerwehr-brilon.de\/index.php?rest_route=\/wp\/v2\/posts\/31157\/revisions\/31164"}],"wp:featuredmedia":[{"embeddable":true,"href":"https:\/\/www.feuerwehr-brilon.de\/index.php?rest_route=\/wp\/v2\/media\/31159"}],"wp:attachment":[{"href":"https:\/\/www.feuerwehr-brilon.de\/index.php?rest_route=%2Fwp%2Fv2%2Fmedia&parent=31157"}],"wp:term":[{"taxonomy":"category","embeddable":true,"href":"https:\/\/www.feuerwehr-brilon.de\/index.php?rest_route=%2Fwp%2Fv2%2Fcategories&post=31157"},{"taxonomy":"post_tag","embeddable":true,"href":"https:\/\/www.feuerwehr-brilon.de\/index.php?rest_route=%2Fwp%2Fv2%2Ftags&post=31157"}],"curies":[{"name":"wp","href":"https:\/\/api.w.org\/{rel}","templated":true}]}}