{"id":31165,"date":"2023-05-08T22:15:38","date_gmt":"2023-05-08T20:15:38","guid":{"rendered":"https:\/\/www.feuerwehr-brilon.de\/?p=31165"},"modified":"2023-05-08T22:15:38","modified_gmt":"2023-05-08T20:15:38","slug":"einsatz-756","status":"publish","type":"post","link":"https:\/\/www.feuerwehr-brilon.de\/?p=31165","title":{"rendered":"+++ Einsatz +++"},"content":{"rendered":"<p>08.05. 17:30Uhr, Hilfeleistung, H0 \u00d6lspur, Messinghausen, Im Dresental, \u00d6lspur<\/p>\n","protected":false},"excerpt":{"rendered":"<p>08.05. 17:30Uhr, Hilfeleistung, H0 \u00d6lspur, Messinghausen, Im Dresental, \u00d6lspur<\/p>\n","protected":false},"author":8,"featured_media":30281,"comment_status":"closed","ping_status":"closed","sticky":false,"template":"","format":"standard","meta":{"_exactmetrics_skip_tracking":false,"_exactmetrics_sitenote_active":false,"_exactmetrics_sitenote_note":"","_exactmetrics_sitenote_category":0,"jetpack_post_was_ever_published":false,"_jetpack_newsletter_access":"","_jetpack_dont_email_post_to_subs":false,"_jetpack_newsletter_tier_id":0,"_jetpack_memberships_contains_paywalled_content":false,"_jetpack_memberships_contains_paid_content":false,"footnotes":""},"categories":[102],"tags":[],"class_list":["post-31165","post","type-post","status-publish","format-standard","has-post-thumbnail","hentry","category-alarmierungen"],"jetpack_featured_media_url":"https:\/\/www.feuerwehr-brilon.de\/wp-up\/2022\/10\/sym_Oelspur_.jpg","jetpack_shortlink":"https:\/\/wp.me\/pCIJa-86F","jetpack_sharing_enabled":true,"jetpack-related-posts":[{"id":23334,"url":"https:\/\/www.feuerwehr-brilon.de\/?p=23334","url_meta":{"origin":31165,"position":0},"title":"+++ Einsatz +++","author":"Andreas Becker","date":"25. M\u00e4rz 2021","format":false,"excerpt":"25.03. 18:14Uhr, Hilfeleistung, H0 \u00d6lspur, Messinghausen, Im Dresental - K61, \u00d6lspur","rel":"","context":"In &quot;Alarmierungen&quot;","block_context":{"text":"Alarmierungen","link":"https:\/\/www.feuerwehr-brilon.de\/?cat=102"},"img":{"alt_text":"","src":"https:\/\/i0.wp.com\/www.feuerwehr-brilon.de\/wp-up\/2020\/02\/Oelspur.jpg?resize=350%2C200&ssl=1","width":350,"height":200,"srcset":"https:\/\/i0.wp.com\/www.feuerwehr-brilon.de\/wp-up\/2020\/02\/Oelspur.jpg?resize=350%2C200&ssl=1 1x, https:\/\/i0.wp.com\/www.feuerwehr-brilon.de\/wp-up\/2020\/02\/Oelspur.jpg?resize=525%2C300&ssl=1 1.5x"},"classes":[]},{"id":33726,"url":"https:\/\/www.feuerwehr-brilon.de\/?p=33726","url_meta":{"origin":31165,"position":1},"title":"+++ Einsatz +++","author":"Andreas Becker","date":"9. September 2025","format":false,"excerpt":"09.09. 13:30Uhr, Hilfeleistung, H0 \u00d6lspur, Brilon, Hasselborn, \u00d6lspur","rel":"","context":"In &quot;Alarmierungen&quot;","block_context":{"text":"Alarmierungen","link":"https:\/\/www.feuerwehr-brilon.de\/?cat=102"},"img":{"alt_text":"","src":"","width":0,"height":0},"classes":[]},{"id":29815,"url":"https:\/\/www.feuerwehr-brilon.de\/?p=29815","url_meta":{"origin":31165,"position":2},"title":"+++ Einsatz +++","author":"Andreas Becker","date":"24. Mai 2022","format":false,"excerpt":"24.05. 16:30Uhr, Hilfeleistung, H0 \u00d6lspur, Brilon, M\u00f6hnestra\u00dfe, \u00d6lspur","rel":"","context":"In &quot;Alarmierungen&quot;","block_context":{"text":"Alarmierungen","link":"https:\/\/www.feuerwehr-brilon.de\/?cat=102"},"img":{"alt_text":"","src":"https:\/\/i0.wp.com\/www.feuerwehr-brilon.de\/wp-up\/2020\/02\/Oelspur.jpg?resize=350%2C200&ssl=1","width":350,"height":200,"srcset":"https:\/\/i0.wp.com\/www.feuerwehr-brilon.de\/wp-up\/2020\/02\/Oelspur.jpg?resize=350%2C200&ssl=1 1x, https:\/\/i0.wp.com\/www.feuerwehr-brilon.de\/wp-up\/2020\/02\/Oelspur.jpg?resize=525%2C300&ssl=1 1.5x"},"classes":[]},{"id":33752,"url":"https:\/\/www.feuerwehr-brilon.de\/?p=33752","url_meta":{"origin":31165,"position":3},"title":"+++ Einsatz +++","author":"Dominik Becker","date":"19. September 2025","format":false,"excerpt":"18.09. 21:30Uhr, Hilfeleistung, H0 \u00d6lspur, R\u00f6senbeck, Steinborn \/ B7, \u00d6lspur","rel":"","context":"In &quot;Alarmierungen&quot;","block_context":{"text":"Alarmierungen","link":"https:\/\/www.feuerwehr-brilon.de\/?cat=102"},"img":{"alt_text":"","src":"","width":0,"height":0},"classes":[]},{"id":23418,"url":"https:\/\/www.feuerwehr-brilon.de\/?p=23418","url_meta":{"origin":31165,"position":4},"title":"+++ Einsatz +++","author":"Andreas Becker","date":"16. April 2021","format":false,"excerpt":"16.04. 06:30Uhr, Hilfeleistung, H0 \u00d6lspur, Brilon, In der Einzel, \u00d6lspur","rel":"","context":"In &quot;Alarmierungen&quot;","block_context":{"text":"Alarmierungen","link":"https:\/\/www.feuerwehr-brilon.de\/?cat=102"},"img":{"alt_text":"","src":"https:\/\/i0.wp.com\/www.feuerwehr-brilon.de\/wp-up\/2021\/04\/ezy-watermark_16-04-2021_07-40-52am.png?resize=350%2C200&ssl=1","width":350,"height":200,"srcset":"https:\/\/i0.wp.com\/www.feuerwehr-brilon.de\/wp-up\/2021\/04\/ezy-watermark_16-04-2021_07-40-52am.png?resize=350%2C200&ssl=1 1x, https:\/\/i0.wp.com\/www.feuerwehr-brilon.de\/wp-up\/2021\/04\/ezy-watermark_16-04-2021_07-40-52am.png?resize=525%2C300&ssl=1 1.5x, https:\/\/i0.wp.com\/www.feuerwehr-brilon.de\/wp-up\/2021\/04\/ezy-watermark_16-04-2021_07-40-52am.png?resize=700%2C400&ssl=1 2x"},"classes":[]},{"id":22498,"url":"https:\/\/www.feuerwehr-brilon.de\/?p=22498","url_meta":{"origin":31165,"position":5},"title":"+++ Einsatz +++","author":"Andreas Becker","date":"12. Mai 2020","format":false,"excerpt":"12.05. 20:46Uhr, Hilfeleistung, H0 \u00d6lspur, Messinghausen, Lange Reihe, \u00d6lspur","rel":"","context":"In &quot;Alarmierungen&quot;","block_context":{"text":"Alarmierungen","link":"https:\/\/www.feuerwehr-brilon.de\/?cat=102"},"img":{"alt_text":"","src":"","width":0,"height":0},"classes":[]}],"_links":{"self":[{"href":"https:\/\/www.feuerwehr-brilon.de\/index.php?rest_route=\/wp\/v2\/posts\/31165","targetHints":{"allow":["GET"]}}],"collection":[{"href":"https:\/\/www.feuerwehr-brilon.de\/index.php?rest_route=\/wp\/v2\/posts"}],"about":[{"href":"https:\/\/www.feuerwehr-brilon.de\/index.php?rest_route=\/wp\/v2\/types\/post"}],"author":[{"embeddable":true,"href":"https:\/\/www.feuerwehr-brilon.de\/index.php?rest_route=\/wp\/v2\/users\/8"}],"replies":[{"embeddable":true,"href":"https:\/\/www.feuerwehr-brilon.de\/index.php?rest_route=%2Fwp%2Fv2%2Fcomments&post=31165"}],"version-history":[{"count":0,"href":"https:\/\/www.feuerwehr-brilon.de\/index.php?rest_route=\/wp\/v2\/posts\/31165\/revisions"}],"wp:featuredmedia":[{"embeddable":true,"href":"https:\/\/www.feuerwehr-brilon.de\/index.php?rest_route=\/wp\/v2\/media\/30281"}],"wp:attachment":[{"href":"https:\/\/www.feuerwehr-brilon.de\/index.php?rest_route=%2Fwp%2Fv2%2Fmedia&parent=31165"}],"wp:term":[{"taxonomy":"category","embeddable":true,"href":"https:\/\/www.feuerwehr-brilon.de\/index.php?rest_route=%2Fwp%2Fv2%2Fcategories&post=31165"},{"taxonomy":"post_tag","embeddable":true,"href":"https:\/\/www.feuerwehr-brilon.de\/index.php?rest_route=%2Fwp%2Fv2%2Ftags&post=31165"}],"curies":[{"name":"wp","href":"https:\/\/api.w.org\/{rel}","templated":true}]}}