{"id":31177,"date":"2023-05-17T19:00:44","date_gmt":"2023-05-17T17:00:44","guid":{"rendered":"https:\/\/www.feuerwehr-brilon.de\/?p=31177"},"modified":"2023-05-17T15:48:03","modified_gmt":"2023-05-17T13:48:03","slug":"drohne-an-die-feuerwehr-brilon-gespendet","status":"publish","type":"post","link":"https:\/\/www.feuerwehr-brilon.de\/?p=31177","title":{"rendered":"Drohne an die Feuerwehr Brilon gespendet"},"content":{"rendered":"<p><a href=\"https:\/\/www.feuerwehr-brilon.de\/?p=31177\"><img loading=\"lazy\" decoding=\"async\" src=\"https:\/\/www.feuerwehr-brilon.de\/wp-up\/2023\/05\/IMG_0427_HP-150x113.jpg\" alt=\"\" width=\"150\" height=\"113\" class=\"alignleft size-thumbnail wp-image-31178\" srcset=\"https:\/\/www.feuerwehr-brilon.de\/wp-up\/2023\/05\/IMG_0427_HP-150x113.jpg 150w, https:\/\/www.feuerwehr-brilon.de\/wp-up\/2023\/05\/IMG_0427_HP-500x375.jpg 500w, https:\/\/www.feuerwehr-brilon.de\/wp-up\/2023\/05\/IMG_0427_HP.jpg 800w\" sizes=\"auto, (max-width: 150px) 100vw, 150px\" \/><\/a><a title=\"Brilon\" href=\"http:\/\/www.feuerwehr-brilon.de\/?page_id=7\" target=\"_blank\" rel=\"noopener\">Brilon. <\/a>Dank einer privaten Spenderin und der \u201eBriloner B\u00fcrgerstiftung\u201c hat die Feuerwehr Brilon k\u00fcrzlich eine Drohne erhalten. Das Flugger\u00e4t konnte jetzt in einer kleinen Feierstunde \u00fcbergeben werden. Der Leiter der Drohnengruppe, Michel Canisius, nutzte die Gelegenheit und f\u00fchrte der Spenderin Frau Stockebrand und Herrn Wieseler (Briloner B\u00fcrgerstiftung), B\u00fcrgermeister Dr. Christof Bartsch, dem Leiter des Ordnungsamts Klaus Wrede sowie der Wehrleitung die Drohne und ihre F\u00e4higkeiten vor.<!--more--><\/p>\n<p>Das \u201efliegende Auge\u201c verf\u00fcgt \u00fcber ein Kamerasystem bestehend aus drei Kameras. Darunter ist auch eine W\u00e4rmebildkamera, die der Feuerwehr Brilon besonders bei Eins\u00e4tzen zur Personensuche oder bei Brandeins\u00e4tzen behilflich sein wird. Mit den anderen beiden Kameras k\u00f6nnen gestochen scharfe Bilder \u00fcbertragen werden, die zum Beispiel helfen sollen, einen Gesamt\u00fcberblick \u00fcber Einsatzlagen aus der Luft zu bekommen. Die Bilder der Kameras werden live auf einen Monitor \u00fcbertragen. Mit Hilfe dieser Bilder kann die Einsatzleitung somit weitere Erkundungsergebnisse in die Einsatzplanung einflie\u00dfen lassen. <\/p>\n<p>Circa 45 Minuten kann die Drohne in der Luft bleiben, bevor sie mit einem frischen Akku versorgt werden muss. <\/p>\n<p>Die Drohnen-Gruppe besteht zur Zeit aus sechs Kameraden, die f\u00fcr diese neue Aufgabe speziell geschult wurden.<\/p>\n<p>Ein ganz gro\u00dfes Dankesch\u00f6n geht auf diesem Wege nochmal an die Spenderin und die \u201eBriloner B\u00fcrgerstiftung\u201c. Dank ihrer Unterst\u00fctzung verf\u00fcgt die Feuerwehr Brilon nun \u00fcber ein Hilfsmittel, welches bei Eins\u00e4tzen eine wesentliche Rolle in der F\u00fchrungsunterst\u00fctzung einnehmen wird.<\/p>\n<p><strong>Bilder:<\/strong><br \/>\n<a rel=\"lightbox\" href=\"https:\/\/www.feuerwehr-brilon.de\/wp-up\/2023\/05\/IMG_0427_HP.jpg\"><img loading=\"lazy\" decoding=\"async\" src=\"https:\/\/www.feuerwehr-brilon.de\/wp-up\/2023\/05\/IMG_0427_HP-150x113.jpg\" alt=\"\" width=\"150\" height=\"113\" class=\"alignnone size-thumbnail wp-image-31178\" srcset=\"https:\/\/www.feuerwehr-brilon.de\/wp-up\/2023\/05\/IMG_0427_HP-150x113.jpg 150w, https:\/\/www.feuerwehr-brilon.de\/wp-up\/2023\/05\/IMG_0427_HP-500x375.jpg 500w, https:\/\/www.feuerwehr-brilon.de\/wp-up\/2023\/05\/IMG_0427_HP.jpg 800w\" sizes=\"auto, (max-width: 150px) 100vw, 150px\" \/><\/a><a rel=\"lightbox\" href=\"https:\/\/www.feuerwehr-brilon.de\/wp-up\/2023\/05\/IMG_0435_HP.jpg\"><img loading=\"lazy\" decoding=\"async\" src=\"https:\/\/www.feuerwehr-brilon.de\/wp-up\/2023\/05\/IMG_0435_HP-150x113.jpg\" alt=\"\" width=\"150\" height=\"113\" class=\"alignnone size-thumbnail wp-image-31179\" srcset=\"https:\/\/www.feuerwehr-brilon.de\/wp-up\/2023\/05\/IMG_0435_HP-150x113.jpg 150w, https:\/\/www.feuerwehr-brilon.de\/wp-up\/2023\/05\/IMG_0435_HP-500x375.jpg 500w, https:\/\/www.feuerwehr-brilon.de\/wp-up\/2023\/05\/IMG_0435_HP.jpg 800w\" sizes=\"auto, (max-width: 150px) 100vw, 150px\" \/><\/a><a rel=\"lightbox\" href=\"https:\/\/www.feuerwehr-brilon.de\/wp-up\/2023\/05\/IMG_0438_HP.jpg\"><img loading=\"lazy\" decoding=\"async\" src=\"https:\/\/www.feuerwehr-brilon.de\/wp-up\/2023\/05\/IMG_0438_HP-150x113.jpg\" alt=\"\" width=\"150\" height=\"113\" class=\"alignnone size-thumbnail wp-image-31180\" srcset=\"https:\/\/www.feuerwehr-brilon.de\/wp-up\/2023\/05\/IMG_0438_HP-150x113.jpg 150w, https:\/\/www.feuerwehr-brilon.de\/wp-up\/2023\/05\/IMG_0438_HP-500x375.jpg 500w, https:\/\/www.feuerwehr-brilon.de\/wp-up\/2023\/05\/IMG_0438_HP.jpg 800w\" sizes=\"auto, (max-width: 150px) 100vw, 150px\" \/><\/a><a rel=\"lightbox\" href=\"https:\/\/www.feuerwehr-brilon.de\/wp-up\/2023\/05\/IMG_0443_HP.jpg\"><img loading=\"lazy\" decoding=\"async\" src=\"https:\/\/www.feuerwehr-brilon.de\/wp-up\/2023\/05\/IMG_0443_HP-150x113.jpg\" alt=\"\" width=\"150\" height=\"113\" class=\"alignnone size-thumbnail wp-image-31181\" srcset=\"https:\/\/www.feuerwehr-brilon.de\/wp-up\/2023\/05\/IMG_0443_HP-150x113.jpg 150w, https:\/\/www.feuerwehr-brilon.de\/wp-up\/2023\/05\/IMG_0443_HP-500x375.jpg 500w, https:\/\/www.feuerwehr-brilon.de\/wp-up\/2023\/05\/IMG_0443_HP.jpg 800w\" sizes=\"auto, (max-width: 150px) 100vw, 150px\" \/><\/a><a rel=\"lightbox\" href=\"https:\/\/www.feuerwehr-brilon.de\/wp-up\/2023\/05\/IMG_0445_HP.jpg\"><img loading=\"lazy\" decoding=\"async\" src=\"https:\/\/www.feuerwehr-brilon.de\/wp-up\/2023\/05\/IMG_0445_HP-150x113.jpg\" alt=\"\" width=\"150\" height=\"113\" class=\"alignnone size-thumbnail wp-image-31182\" srcset=\"https:\/\/www.feuerwehr-brilon.de\/wp-up\/2023\/05\/IMG_0445_HP-150x113.jpg 150w, https:\/\/www.feuerwehr-brilon.de\/wp-up\/2023\/05\/IMG_0445_HP-500x375.jpg 500w, https:\/\/www.feuerwehr-brilon.de\/wp-up\/2023\/05\/IMG_0445_HP.jpg 800w\" sizes=\"auto, (max-width: 150px) 100vw, 150px\" \/><\/a><\/p>\n","protected":false},"excerpt":{"rendered":"<p>Brilon. Dank einer privaten Spenderin und der \u201eBriloner B\u00fcrgerstiftung\u201c hat die Feuerwehr Brilon k\u00fcrzlich eine Drohne erhalten. Das Flugger\u00e4t konnte jetzt in einer kleinen Feierstunde \u00fcbergeben werden. Der Leiter der Drohnengruppe, Michel Canisius, nutzte die Gelegenheit und f\u00fchrte der Spenderin Frau Stockebrand und Herrn Wieseler (Briloner B\u00fcrgerstiftung), B\u00fcrgermeister Dr. Christof Bartsch, dem Leiter des Ordnungsamts [&hellip;]<\/p>\n","protected":false},"author":8,"featured_media":31200,"comment_status":"closed","ping_status":"closed","sticky":false,"template":"","format":"standard","meta":{"_exactmetrics_skip_tracking":false,"_exactmetrics_sitenote_active":false,"_exactmetrics_sitenote_note":"","_exactmetrics_sitenote_category":0,"jetpack_post_was_ever_published":false,"_jetpack_newsletter_access":"","_jetpack_dont_email_post_to_subs":false,"_jetpack_newsletter_tier_id":0,"_jetpack_memberships_contains_paywalled_content":false,"_jetpack_memberships_contains_paid_content":false,"footnotes":""},"categories":[336],"tags":[195,37,349,348],"class_list":["post-31177","post","type-post","status-publish","format-standard","has-post-thumbnail","hentry","category-meldungen-2023","tag-ausbildung","tag-brilon","tag-drohne","tag-technik"],"jetpack_featured_media_url":"https:\/\/www.feuerwehr-brilon.de\/wp-up\/2023\/05\/IMG_0427_tw.jpg","jetpack_shortlink":"https:\/\/wp.me\/pCIJa-86R","jetpack_sharing_enabled":true,"jetpack-related-posts":[{"id":33676,"url":"https:\/\/www.feuerwehr-brilon.de\/?p=33676","url_meta":{"origin":31177,"position":0},"title":"Brandeinsatz im Briloner Industriegebiet","author":"Andreas Becker","date":"14. August 2025","format":false,"excerpt":"Brilon. Eine gro\u00dfe schwarze Rauchwolke stand am Donnerstagmorgen (14.8.25) \u00fcber dem Industriegebiet \u201eIm Kissen\u201c. Kurz zuvor war es zu einem Brandereignis an einer F\u00f6rderanlage im Bereich der Materialversorgung in einem gro\u00dfen Industriebetrieb gekommen. Mit dem Stichwort \u201eFeuer 5 - best\u00e4tigtes Feuer in Industriebetrieb\u201c alarmierte die Rettungsleitstelle gegen 9 Uhr die\u2026","rel":"","context":"In &quot;Eins\u00e4tze 2025&quot;","block_context":{"text":"Eins\u00e4tze 2025","link":"https:\/\/www.feuerwehr-brilon.de\/?cat=367"},"img":{"alt_text":"","src":"https:\/\/i0.wp.com\/www.feuerwehr-brilon.de\/wp-up\/2025\/08\/250814_04_HP.jpg?resize=350%2C200&ssl=1","width":350,"height":200,"srcset":"https:\/\/i0.wp.com\/www.feuerwehr-brilon.de\/wp-up\/2025\/08\/250814_04_HP.jpg?resize=350%2C200&ssl=1 1x, https:\/\/i0.wp.com\/www.feuerwehr-brilon.de\/wp-up\/2025\/08\/250814_04_HP.jpg?resize=525%2C300&ssl=1 1.5x, https:\/\/i0.wp.com\/www.feuerwehr-brilon.de\/wp-up\/2025\/08\/250814_04_HP.jpg?resize=700%2C400&ssl=1 2x"},"classes":[]},{"id":32157,"url":"https:\/\/www.feuerwehr-brilon.de\/?p=32157","url_meta":{"origin":31177,"position":1},"title":"Brand in einem Industriebetrieb","author":"Marcus Bange","date":"6. M\u00e4rz 2024","format":false,"excerpt":"Brilon. Die Briloner Feuerwehr wurde am Mittwoch (06.03.2024, 10:11 Uhr) zu einem Brand in das Gewerbegebiet alarmiert. In einem Industriebetrieb Hinterm Gallberg hatte zun\u00e4chst die automatische Brandmeldeanlage ausgel\u00f6st. Nach einer R\u00fcckmeldung wurde der Brand best\u00e4tigt und weitere Einheiten der Feuerwehr alarmiert. Im Bereich einer technischen Anlage war ein Feuer ausgebrochen.\u2026","rel":"","context":"In &quot;Eins\u00e4tze 2024&quot;","block_context":{"text":"Eins\u00e4tze 2024","link":"https:\/\/www.feuerwehr-brilon.de\/?cat=360"},"img":{"alt_text":"","src":"https:\/\/i0.wp.com\/www.feuerwehr-brilon.de\/wp-up\/2024\/03\/Industriebetrieb-1.jpg?resize=350%2C200&ssl=1","width":350,"height":200,"srcset":"https:\/\/i0.wp.com\/www.feuerwehr-brilon.de\/wp-up\/2024\/03\/Industriebetrieb-1.jpg?resize=350%2C200&ssl=1 1x, https:\/\/i0.wp.com\/www.feuerwehr-brilon.de\/wp-up\/2024\/03\/Industriebetrieb-1.jpg?resize=525%2C300&ssl=1 1.5x, https:\/\/i0.wp.com\/www.feuerwehr-brilon.de\/wp-up\/2024\/03\/Industriebetrieb-1.jpg?resize=700%2C400&ssl=1 2x"},"classes":[]},{"id":3327,"url":"https:\/\/www.feuerwehr-brilon.de\/?p=3327","url_meta":{"origin":31177,"position":2},"title":"Briloner B\u00fcrgerstiftung \u00fcbergibt Rauchhaus","author":"Marcus Bange","date":"11. Dezember 2010","format":false,"excerpt":"Die Briloner B\u00fcrgerstiftung hat der Freiwilligen Feuerwehr Brilon ein Rauchdemohaus \u00fcbergeben. Das mit einem Treppenhaus und sechs Zimmern ausgestattete Haus zeigt, wie schnell sich gef\u00e4hrlicher Brandrauch in einem Geb\u00e4ude ausbreiten kann. So kann demonstriert werden, welche Folgen offene T\u00fcren und welche Vorteile Rauchmelder haben. Auch das richtige Verhalten, wenn Rauch\u2026","rel":"","context":"In &quot;Meldungen 2010&quot;","block_context":{"text":"Meldungen 2010","link":"https:\/\/www.feuerwehr-brilon.de\/?cat=34"},"img":{"alt_text":"","src":"https:\/\/i0.wp.com\/www.feuerwehr-brilon.de\/wp-up\/2010\/12\/rauchhaus_i003-150x112.jpg?resize=350%2C200&ssl=1","width":350,"height":200},"classes":[]},{"id":33339,"url":"https:\/\/www.feuerwehr-brilon.de\/?p=33339","url_meta":{"origin":31177,"position":3},"title":"Brand im Briloner Industriegebiet","author":"Marcus Bange","date":"10. April 2025","format":false,"excerpt":"Brilon. Die Feuerwehr Brilon wurde Donnerstagnacht (10.04.2025, 0:24 Uhr) zu einem Brandeinsatz in das Briloner Gewerbegebiet alarmiert. Dort war in einem holzverarbeitenden Betrieb ein Feuer in der Aufbereitungshalle an einer Maschine ausgebrochen. Die Werksangeh\u00f6rigen konnten den Brand bis zum Eintreffen der Feuerwehr weitgehend eind\u00e4mmen. Die Feuerwehr f\u00fchrte weitere Nachl\u00f6scharbeiten im\u2026","rel":"","context":"In &quot;Eins\u00e4tze 2025&quot;","block_context":{"text":"Eins\u00e4tze 2025","link":"https:\/\/www.feuerwehr-brilon.de\/?cat=367"},"img":{"alt_text":"","src":"https:\/\/i0.wp.com\/www.feuerwehr-brilon.de\/wp-up\/2025\/04\/Brand-Industriebebtrieb-1.jpg?resize=350%2C200&ssl=1","width":350,"height":200,"srcset":"https:\/\/i0.wp.com\/www.feuerwehr-brilon.de\/wp-up\/2025\/04\/Brand-Industriebebtrieb-1.jpg?resize=350%2C200&ssl=1 1x, https:\/\/i0.wp.com\/www.feuerwehr-brilon.de\/wp-up\/2025\/04\/Brand-Industriebebtrieb-1.jpg?resize=525%2C300&ssl=1 1.5x, https:\/\/i0.wp.com\/www.feuerwehr-brilon.de\/wp-up\/2025\/04\/Brand-Industriebebtrieb-1.jpg?resize=700%2C400&ssl=1 2x"},"classes":[]},{"id":32692,"url":"https:\/\/www.feuerwehr-brilon.de\/?p=32692","url_meta":{"origin":31177,"position":4},"title":"Bauwagen in Brilon niedergebrannt","author":"Andreas Becker","date":"22. August 2024","format":false,"excerpt":"Brilon. Am sp\u00e4ten Mittwochabend (21.8.) ist in Brilon ein Bauwagen niedergebrannt. Als der L\u00f6schzug Brilon um 22.40 Uhr alarmiert wurde, lagen zun\u00e4chst nur Informationen \u00fcber einen unklaren Feuerschein im Wald in der N\u00e4he des Krankenhauses vor. Nachdem die Einsatzkr\u00e4fte diesen auf der Anfahrt aus der Ferne auch schon entdeckt hatten,\u2026","rel":"","context":"In &quot;Eins\u00e4tze 2024&quot;","block_context":{"text":"Eins\u00e4tze 2024","link":"https:\/\/www.feuerwehr-brilon.de\/?cat=360"},"img":{"alt_text":"","src":"https:\/\/i0.wp.com\/www.feuerwehr-brilon.de\/wp-up\/2024\/08\/240821_Bauwagen-2_FB.jpg?resize=350%2C200&ssl=1","width":350,"height":200,"srcset":"https:\/\/i0.wp.com\/www.feuerwehr-brilon.de\/wp-up\/2024\/08\/240821_Bauwagen-2_FB.jpg?resize=350%2C200&ssl=1 1x, https:\/\/i0.wp.com\/www.feuerwehr-brilon.de\/wp-up\/2024\/08\/240821_Bauwagen-2_FB.jpg?resize=525%2C300&ssl=1 1.5x, https:\/\/i0.wp.com\/www.feuerwehr-brilon.de\/wp-up\/2024\/08\/240821_Bauwagen-2_FB.jpg?resize=700%2C400&ssl=1 2x, https:\/\/i0.wp.com\/www.feuerwehr-brilon.de\/wp-up\/2024\/08\/240821_Bauwagen-2_FB.jpg?resize=1050%2C600&ssl=1 3x"},"classes":[]},{"id":32731,"url":"https:\/\/www.feuerwehr-brilon.de\/?p=32731","url_meta":{"origin":31177,"position":5},"title":"Arbeitsreiches Wochenende f\u00fcr die Feuerwehr Brilon","author":"Andreas Becker","date":"3. September 2024","format":false,"excerpt":"\u00d6lspur auf der Hoppecker Stra\u00dfe Mit einer \u00d6lspur startete ein arbeitsreiches Wochenende f\u00fcr die Feuerwehr Brilon. Gegen 15.30 Uhr am Freitagnachmittag kam es auf der Hoppecker Stra\u00dfe an der Ecke \u201eAm Hohlen Wege\u201c zu einem Unfall, bei dem die \u00d6lwanne eines Pkw besch\u00e4digt wurde. Sechs Einsatzkr\u00e4fte r\u00fcckten aus, um ca.\u2026","rel":"","context":"In &quot;Eins\u00e4tze 2024&quot;","block_context":{"text":"Eins\u00e4tze 2024","link":"https:\/\/www.feuerwehr-brilon.de\/?cat=360"},"img":{"alt_text":"","src":"https:\/\/i0.wp.com\/www.feuerwehr-brilon.de\/wp-up\/2024\/09\/1000049737_FB.jpg?resize=350%2C200&ssl=1","width":350,"height":200,"srcset":"https:\/\/i0.wp.com\/www.feuerwehr-brilon.de\/wp-up\/2024\/09\/1000049737_FB.jpg?resize=350%2C200&ssl=1 1x, https:\/\/i0.wp.com\/www.feuerwehr-brilon.de\/wp-up\/2024\/09\/1000049737_FB.jpg?resize=525%2C300&ssl=1 1.5x, https:\/\/i0.wp.com\/www.feuerwehr-brilon.de\/wp-up\/2024\/09\/1000049737_FB.jpg?resize=700%2C400&ssl=1 2x, https:\/\/i0.wp.com\/www.feuerwehr-brilon.de\/wp-up\/2024\/09\/1000049737_FB.jpg?resize=1050%2C600&ssl=1 3x"},"classes":[]}],"_links":{"self":[{"href":"https:\/\/www.feuerwehr-brilon.de\/index.php?rest_route=\/wp\/v2\/posts\/31177","targetHints":{"allow":["GET"]}}],"collection":[{"href":"https:\/\/www.feuerwehr-brilon.de\/index.php?rest_route=\/wp\/v2\/posts"}],"about":[{"href":"https:\/\/www.feuerwehr-brilon.de\/index.php?rest_route=\/wp\/v2\/types\/post"}],"author":[{"embeddable":true,"href":"https:\/\/www.feuerwehr-brilon.de\/index.php?rest_route=\/wp\/v2\/users\/8"}],"replies":[{"embeddable":true,"href":"https:\/\/www.feuerwehr-brilon.de\/index.php?rest_route=%2Fwp%2Fv2%2Fcomments&post=31177"}],"version-history":[{"count":3,"href":"https:\/\/www.feuerwehr-brilon.de\/index.php?rest_route=\/wp\/v2\/posts\/31177\/revisions"}],"predecessor-version":[{"id":31199,"href":"https:\/\/www.feuerwehr-brilon.de\/index.php?rest_route=\/wp\/v2\/posts\/31177\/revisions\/31199"}],"wp:featuredmedia":[{"embeddable":true,"href":"https:\/\/www.feuerwehr-brilon.de\/index.php?rest_route=\/wp\/v2\/media\/31200"}],"wp:attachment":[{"href":"https:\/\/www.feuerwehr-brilon.de\/index.php?rest_route=%2Fwp%2Fv2%2Fmedia&parent=31177"}],"wp:term":[{"taxonomy":"category","embeddable":true,"href":"https:\/\/www.feuerwehr-brilon.de\/index.php?rest_route=%2Fwp%2Fv2%2Fcategories&post=31177"},{"taxonomy":"post_tag","embeddable":true,"href":"https:\/\/www.feuerwehr-brilon.de\/index.php?rest_route=%2Fwp%2Fv2%2Ftags&post=31177"}],"curies":[{"name":"wp","href":"https:\/\/api.w.org\/{rel}","templated":true}]}}